{"id":61424,"date":"2023-01-15T11:42:14","date_gmt":"2023-01-15T17:42:14","guid":{"rendered":"https:\/\/redsemlac.com\/semmexico\/?p=61424"},"modified":"2023-01-15T11:42:16","modified_gmt":"2023-01-15T17:42:16","slug":"america-latina-comienza-el-ano-con-seis-graves-remoras-segun-hrw","status":"publish","type":"post","link":"https:\/\/redsemlac.com\/semmexico\/america-latina-comienza-el-ano-con-seis-graves-remoras-segun-hrw\/","title":{"rendered":"<strong>Am\u00e9rica Latina comienza el a\u00f1o con seis graves r\u00e9moras, seg\u00fan HRW<\/strong>"},"content":{"rendered":"\n<p class=\"has-small-font-size wp-block-paragraph\">Imagen de archivo de una protesta en Nicaragua, donde la oposici\u00f3n ha sido severamente reprimida seg\u00fan HRW. La organizaci\u00f3n pide a los nuevos mandatarios elegidos en Am\u00e9rica Latina que soliciten la liberaci\u00f3n de m\u00e1s de 200 presos pol\u00edticos en ese pa\u00eds e insten a elecciones \u00abaceptables\u00bb en Venezuela.<\/p>\n\n\n\n<p class=\"wp-block-paragraph\">Corresponsal\u00eda<\/p>\n\n\n\n<p class=\"wp-block-paragraph\">SemM\u00e9xico, Nueva York, 15 de enero, 2023.- &nbsp;Los gobiernos de Am\u00e9rica Latina y el Caribe deben abordar&nbsp;problemas cr\u00f3nicos como la pobreza, la desigualdad, la corrupci\u00f3n, la inseguridad y&nbsp;la degradaci\u00f3n ambiental y, al mismo tiempo, proteger la democracia, se\u00f1al\u00f3 este&nbsp;jueves 12 la oeneg\u00e9&nbsp;<a href=\"https:\/\/www.hrw.org\/\">Human Rights Watch<\/a>&nbsp;(HRW) en su Informe Mundial 2023.<\/p>\n\n\n\n<p class=\"wp-block-paragraph\">Tamara Taraciuk, directora en funciones para Am\u00e9rica en la organizaci\u00f3n humanitaria, dijo que \u201clos l\u00edderes de la regi\u00f3n deber\u00edan demostrar que la democracia puede responder a las necesidades de la poblaci\u00f3n, promoviendo los derechos a la salud, la educaci\u00f3n y la seguridad y fortaleciendo el estado de derecho\u201d.<\/p>\n\n\n\n<p class=\"wp-block-paragraph\">Seg\u00fan HRW, las carencias cr\u00f3nicas para enfrentar estos problemas han sido usadas por algunos dirigentes para justificar pol\u00edticas que restringen o violan derechos humanos y han impulsado a millones de personas a abandonar sus hogares en busca de seguridad y oportunidades en el extranjero.<\/p>\n\n\n\n<p class=\"wp-block-paragraph\">El reporte record\u00f3 que durante 2022 resultaron electos o tomaron posesi\u00f3n del cargo nuevos presidentes en Brasil, Chile, Colombia, Costa Rica y Honduras, en tanto se espera que en 2023 o en 2024 se celebren elecciones en Argentina, El Salvador, Guatemala, M\u00e9xico y Venezuela.<\/p>\n\n\n\n<p class=\"wp-block-paragraph\">Indic\u00f3 que algunas elecciones se llevaron a cabo en un contexto de violencia pol\u00edtica y ataques a la independencia de las instituciones electorales, y numerosos candidatos propusieron debilitar los derechos humanos y las garant\u00edas democr\u00e1ticas.&nbsp;<\/p>\n\n\n\n<p class=\"wp-block-paragraph\">\u201cLa falta de respuestas eficaces ante la corrupci\u00f3n, la violencia y la pobreza ha sido usada como pretexto por parte de pol\u00edticos que prometen soluciones que suenan sencillas pero que suelen resultar abusivas\u201d, expres\u00f3 Taraciuk.&nbsp;<\/p>\n\n\n\n<p class=\"wp-block-paragraph\">El Informe Mundial 2023 de HRW examina la situaci\u00f3n de los derechos humanos en casi 100 pa\u00edses, y en \u00e9l su conductora Tirana Hassan, afirma que, en un mundo en el que las din\u00e1micas de poder han cambiado, ya no es posible confiar en un peque\u00f1o grupo de gobiernos, en su mayor\u00eda del Norte, para defender los derechos humanos.<\/p>\n\n\n\n<p class=\"wp-block-paragraph\">Seg\u00fan su an\u00e1lisis, la movilizaci\u00f3n global en torno a Ucrania \u201cdemuestra el extraordinario potencial que existe cuando gobiernos de todo el mundo cumplen sus obligaciones en materia de derechos humanos\u201d.<\/p>\n\n\n\n<p class=\"wp-block-paragraph\">En Am\u00e9rica Latina y el Caribe, destaca el informe, casi un tercio de la poblaci\u00f3n vive en la pobreza, m\u00e1s de una d\u00e9cima parte en la pobreza extrema, y m\u00e1s de la mitad de los ingresos totales de la regi\u00f3n van a parar al 20 % m\u00e1s rico.<\/p>\n\n\n\n<p class=\"wp-block-paragraph\"><em>\u201cLa falta de respuestas eficaces ante la corrupci\u00f3n, la violencia y la pobreza ha sido<\/em><strong><\/strong><\/p>\n\n\n\n<p class=\"wp-block-paragraph\"><em>usada como pretexto por parte de pol\u00edticos que prometen soluciones que suenan<\/em><strong><\/strong><\/p>\n\n\n\n<p class=\"wp-block-paragraph\"><em>sencillas pero que suelen resultar abusivas\u201d: Tamara Taraciuk.<\/em><strong><\/strong><\/p>\n\n\n\n<p class=\"wp-block-paragraph\">El racismo estructural contin\u00faa presente, y la pobreza y la desigualdad afectan en forma desproporcionada a mujeres, ni\u00f1os, ni\u00f1as y personas ind\u00edgenas.<\/p>\n\n\n\n<p class=\"wp-block-paragraph\">Por otra parte, la deforestaci\u00f3n y los incendios forestales est\u00e1n llevando a la selva amaz\u00f3nica, que constituye \u201cun baluarte clave para contrarrestar el cambio clim\u00e1tico\u201d, a un punto de inflexi\u00f3n del cual no podr\u00e1 recuperarse, seg\u00fan advierten cient\u00edficos.<\/p>\n\n\n\n<p class=\"wp-block-paragraph\">\u201cEn Brasil, las pol\u00edticas ambientales desastrosas del gobierno del expresidente Jair Bolsonaro generaron en 2021 la deforestaci\u00f3n m\u00e1s acelerada en 15 a\u00f1os, y en Venezuela, la miner\u00eda ilegal est\u00e1 causando grav\u00edsimos da\u00f1os al medioambiente y a las comunidades ind\u00edgenas\u201d, expuso el reporte.<\/p>\n\n\n\n<p class=\"wp-block-paragraph\">Insisti\u00f3 en que \u201cla deforestaci\u00f3n ilegal desenfrenada est\u00e1 devastando la biodiversidad de la regi\u00f3n y los medios de vida de quienes viven en los bosques y, junto a la industria de combustibles f\u00f3siles, sigue siendo uno de los principales factores que contribuyen a las emisiones de gases de efecto invernadero\u201d.<\/p>\n\n\n\n<p class=\"wp-block-paragraph\">En Cuba, Nicaragua y Venezuela, \u201creg\u00edmenes opresivos cometen abusos aberrantes contra cr\u00edticos para silenciar el disenso\u201d, y ante ello \u201clos l\u00edderes de Am\u00e9rica Latina que han sido elegidos de manera democr\u00e1tica pueden desempe\u00f1ar un papel esencial para presionar por una transici\u00f3n democr\u00e1tica\u201d.<\/p>\n\n\n\n<p class=\"wp-block-paragraph\">Como ejemplo, seg\u00fan HRW, esos mandatarios podr\u00edan \u201cinstar al gobierno de Nicol\u00e1s Maduro en Venezuela a que negocie condiciones electorales aceptables; al de Daniel Ortega en Nicaragua a que libere a m\u00e1s de 200 presos pol\u00edticos; y al de Cuba a que<\/p>\n\n\n\n<p class=\"wp-block-paragraph\">retire los cargos penales contra personas detenidas arbitrariamente\u201d.<\/p>\n\n\n\n<p class=\"wp-block-paragraph\">Tambi\u00e9n los altos niveles de violencia en la regi\u00f3n siguen siendo una preocupaci\u00f3n. Am\u00e9rica Latina y el Caribe es la regi\u00f3n con la tasa anual de homicidios m\u00e1s alta del mundo, de 21 por cada 100 000 habitantes.<\/p>\n\n\n\n<p class=\"wp-block-paragraph\">\u201cEn El Salvador, las medidas de mano dura impuestas por el gobierno del presidente Nayib Bukele en materia de seguridad y el acelerado desmantelamiento de las instituciones democr\u00e1ticas han propiciado violaciones generalizadas de derechos humanos por parte de las fuerzas de seguridad\u201d, advirti\u00f3 el reporte.<\/p>\n\n\n\n<p class=\"wp-block-paragraph\">Y en M\u00e9xico, durante la gesti\u00f3n del presidente Andr\u00e9s Manuel L\u00f3pez Obrador \u201clos delitos violentos han llegado a m\u00e1ximos hist\u00f3ricos. L\u00f3pez Obrador ha profundizado las estrategias fallidas de militarizaci\u00f3n que hab\u00edan implementado sus predecesores\u201d.<\/p>\n\n\n\n<p class=\"wp-block-paragraph\">En Hait\u00ed, \u201cen un contexto de crisis pol\u00edtica y humanitaria, las pandillas son&nbsp;responsables de una ola de asesinatos, secuestros y violencia de g\u00e9nero, y el sistema de justicia de Hait\u00ed est\u00e1 pr\u00e1cticamente colapsado\u201d.<\/p>\n\n\n\n<p class=\"wp-block-paragraph\">Otro caso es el de Ecuador, que \u201cexperiment\u00f3 un incremento importante en el n\u00famero de homicidios y en la violencia perpetrada por pandillas. La superpoblaci\u00f3n y la falta de control estatal en las c\u00e1rceles han permitido a las pandillas reclutar nuevos miembros y asesinar a m\u00e1s de 400 personas detenidas desde 2021\u201d.<\/p>\n\n\n\n<p class=\"wp-block-paragraph\">Finalmente, \u201cmillones de personas han migrado en Am\u00e9rica Latina escapando de la violencia, la represi\u00f3n y la pobreza. Ello incluye m\u00e1s de 7,1 millones de venezolanos que han huido de su pa\u00eds desde 2014, as\u00ed como cientos de miles que huyen cada a\u00f1o de Am\u00e9rica Central, M\u00e9xico, Hait\u00ed, Cuba y otros pa\u00edses\u201d.<\/p>\n\n\n\n<p class=\"wp-block-paragraph\">El gobierno del presidente estadounidense Joe Biden ha promovido que gobiernos latinoamericanos impongan pol\u00edticas inmigratorias abusivas, un factor que contribuye a agravar la crisis, seg\u00fan la oeneg\u00e9.<\/p>\n\n\n\n<p class=\"wp-block-paragraph\">Ante ello, los gobiernos del continente deber\u00edan \u201cadoptar una respuesta regional coordinada a la migraci\u00f3n e implementar los compromisos estipulados en la Declaraci\u00f3n de Los \u00c1ngeles sobre Migraci\u00f3n y Protecci\u00f3n, adoptada en junio, para ampliar el acceso al estatus legal y la integraci\u00f3n\u201d, concluy\u00f3 el informe de HRW.<\/p>\n\n\n\n<p class=\"wp-block-paragraph\">A-E\/HM<\/p>\n","protected":false},"excerpt":{"rendered":"<p>Los gobiernos de Am\u00e9rica Latina y el Caribe deben abordar\u00a0problemas cr\u00f3nicos como la pobreza, la desigualdad, la corrupci\u00f3n, la inseguridad y\u00a0la degradaci\u00f3n ambiental y, al mismo tiempo, proteger la democracia, se\u00f1al\u00f3 este\u00a0jueves 12 la oeneg\u00e9\u00a0Human Rights Watch\u00a0(HRW) en su Informe Mundial 2023.<\/p>\n","protected":false},"author":3,"featured_media":61425,"comment_status":"open","ping_status":"open","sticky":false,"template":"","format":"standard","meta":{"_monsterinsights_skip_tracking":false,"footnotes":""},"categories":[53],"tags":[],"class_list":["post-61424","post","type-post","status-publish","format-standard","has-post-thumbnail","category-internacional"],"_links":{"self":[{"href":"https:\/\/redsemlac.com\/semmexico\/wp-json\/wp\/v2\/posts\/61424","targetHints":{"allow":["GET"]}}],"collection":[{"href":"https:\/\/redsemlac.com\/semmexico\/wp-json\/wp\/v2\/posts"}],"about":[{"href":"https:\/\/redsemlac.com\/semmexico\/wp-json\/wp\/v2\/types\/post"}],"author":[{"embeddable":true,"href":"https:\/\/redsemlac.com\/semmexico\/wp-json\/wp\/v2\/users\/3"}],"replies":[{"embeddable":true,"href":"https:\/\/redsemlac.com\/semmexico\/wp-json\/wp\/v2\/comments?post=61424"}],"version-history":[{"count":0,"href":"https:\/\/redsemlac.com\/semmexico\/wp-json\/wp\/v2\/posts\/61424\/revisions"}],"wp:featuredmedia":[{"embeddable":true,"href":"https:\/\/redsemlac.com\/semmexico\/wp-json\/wp\/v2\/media\/61425"}],"wp:attachment":[{"href":"https:\/\/redsemlac.com\/semmexico\/wp-json\/wp\/v2\/media?parent=61424"}],"wp:term":[{"taxonomy":"category","embeddable":true,"href":"https:\/\/redsemlac.com\/semmexico\/wp-json\/wp\/v2\/categories?post=61424"},{"taxonomy":"post_tag","embeddable":true,"href":"https:\/\/redsemlac.com\/semmexico\/wp-json\/wp\/v2\/tags?post=61424"}],"curies":[{"name":"wp","href":"https:\/\/api.w.org\/{rel}","templated":true}]}}