{"id":61421,"date":"2023-01-15T11:33:12","date_gmt":"2023-01-15T17:33:12","guid":{"rendered":"https:\/\/redsemlac.com\/semmexico\/?p=61421"},"modified":"2023-01-15T11:33:14","modified_gmt":"2023-01-15T17:33:14","slug":"medidas-migratorias-de-ee-uu-socavan-los-derechos-humanos","status":"publish","type":"post","link":"https:\/\/redsemlac.com\/semmexico\/medidas-migratorias-de-ee-uu-socavan-los-derechos-humanos\/","title":{"rendered":"<strong>Medidas migratorias de EE.UU. socavan los derechos humanos<\/strong>"},"content":{"rendered":"\n<p class=\"has-small-font-size wp-block-paragraph\">Venezolanos, desplazados de Estados Unidos, refugiados en Reynosa, ciudad fronteriza del estado mexicano de Tamaulipas, en el norte de M\u00e9xico. En su defensa, el alto comisionado de la ONU para los derechos humanos subraya que toda persona tiene derecho a solicitar asilo. Foto: Alejandro Cartagena\/OIM<\/p>\n\n\n\n<p class=\"wp-block-paragraph\"><strong>Miles de mujeres esperando una posibilidad, enviadas a M\u00e9xico<\/strong><\/p>\n\n\n\n<p class=\"wp-block-paragraph\"><strong>Desequilibrio humano y con afectaciones de por vida para familias enteras<\/strong><\/p>\n\n\n\n<p class=\"wp-block-paragraph\">Redacci\u00f3n<\/p>\n\n\n\n<p class=\"wp-block-paragraph\">SemM\u00e9xico\/ONUnoticias, Ginebra, Suiza, 15 de enero, 2023. \u2013 Las nuevas medidas de control fronterizo dispuestas por el gobierno de Estados Unidos pueden socavar los fundamentos del derecho internacional en materia de derechos humanos y refugiados, advirti\u00f3 el Alto Comisionado de las Naciones Unidas para los Derechos Humanos, Volker T\u00fcrk.<\/p>\n\n\n\n<p class=\"wp-block-paragraph\">\u201cEstas medidas parecen estar en contradicci\u00f3n con la prohibici\u00f3n de la expulsi\u00f3n colectiva y el principio de no devoluci\u00f3n\u201d, dijo T\u00fcrk en una declaraci\u00f3n divulgada por su oficina (ACNUDH) este mi\u00e9rcoles 11 en esta ciudad suiza. Luego de los acuerdos firmados en M\u00e9xico, afectando la frontera.<\/p>\n\n\n\n<p class=\"wp-block-paragraph\">\u201cEl derecho a solicitar asilo es un derecho humano, con independencia del origen de la persona, de su estatus migratorio o de c\u00f3mo haya llegado a una frontera internacional\u201d, afirm\u00f3.<\/p>\n\n\n\n<p class=\"wp-block-paragraph\">Los cambios anunciados en las medidas para el control fronterizo de Estados Unidos incluyen un mayor uso de las expulsiones aceleradas y la ampliaci\u00f3n del uso del T\u00edtulo 42 de la orden de salud p\u00fablica de ese pa\u00eds.<\/p>\n\n\n\n<p class=\"wp-block-paragraph\">De ese modo pueden ser expulsados a M\u00e9xico por la v\u00eda r\u00e1pida unos 30 000 habitantes venezolanos\/as, haitianos\/as, cubanos\/as y nicarag\u00fcenses cada mes.<\/p>\n\n\n\n<p class=\"wp-block-paragraph\">El T\u00edtulo 42 ya ha sido utilizado por los funcionarios de inmigraci\u00f3n estadounidenses unos 2,5 millones de veces en la frontera sur para expulsar a personas a M\u00e9xico o a su pa\u00eds de origen.<\/p>\n\n\n\n<p class=\"wp-block-paragraph\">Esas expulsiones se han efectuado \u201csin una evaluaci\u00f3n individualizada de todas sus necesidades de protecci\u00f3n acompa\u00f1ada de las debidas garant\u00edas procesales\u201d, seg\u00fan Acnudh.<\/p>\n\n\n\n<p class=\"wp-block-paragraph\">Al mismo tiempo, el llamado \u201cPrograma de Permiso Humanitario\u201d temporal, que antes se extend\u00eda a los venezolanos, se ampliar\u00e1 para incluir a los nacionales de Cuba, Hait\u00ed y Nicaragua, por disposici\u00f3n del presidente Joe Biden.<\/p>\n\n\n\n<p class=\"wp-block-paragraph\">Ese programa debe permitir entonces que unas 30 mil personas de esos cuatro pa\u00edses puedan entrar en Estados Unidos cada mes, por un periodo limitado de dos a\u00f1os, con estrictas condiciones de elegibilidad.&nbsp;<\/p>\n\n\n\n<p class=\"wp-block-paragraph\"><em>\u201cEl derecho a solicitar asilo es un derecho humano, con independencia del origen de la persona, de su estatus migratorio o de c\u00f3mo haya llegado a una frontera internacional\u201d: Volker T\u00fcrk.<\/em><strong><\/strong><\/p>\n\n\n\n<p class=\"wp-block-paragraph\">Pero Acnudh remarc\u00f3 que un programa selectivo no puede sustituir el derecho de todos, una posici\u00f3n tambi\u00e9n sostenida por la Agencia de las Naciones Unidas para los Refugiados (Acnur).<\/p>\n\n\n\n<p class=\"wp-block-paragraph\">T\u00fcrk dijo que \u201caunque acojo con satisfacci\u00f3n las medidas para crear y ampliar v\u00edas seguras y regulares, estas iniciativas no deben ir en detrimento de los derechos humanos fundamentales, incluido el derecho a solicitar asilo y el derecho a una evaluaci\u00f3n individual de las necesidades de protecci\u00f3n\u201d.<\/p>\n\n\n\n<p class=\"wp-block-paragraph\">\u201cEl acceso limitado al permiso humanitario temporal para los nacionales de algunos pa\u00edses no puede ser un sustituto de la defensa de los derechos de todos a buscar protecci\u00f3n de sus derechos humanos\u201d, abund\u00f3 el alto comisionado.<\/p>\n\n\n\n<p class=\"wp-block-paragraph\">Tambi\u00e9n expres\u00f3 preocupaci\u00f3n por el hecho de que las personas m\u00e1s necesitadas de asilo y las que se encuentran en situaciones vulnerables tienen pocas probabilidades de cumplir los restrictivos requisitos para que se les conceda el permiso humanitario temporal, entre ellos tener un patrocinador financiero en Estados Unidos.<\/p>\n\n\n\n<p class=\"wp-block-paragraph\">Por todo ello, reiter\u00f3 su llamamiento para que se respeten y protejan los derechos humanos de todos los refugiados y migrantes en las fronteras internacionales.<\/p>\n\n\n\n<p class=\"wp-block-paragraph\">\u201cO\u00edmos hablar mucho de crisis migratorias, pero en realidad son los que emigran los que a menudo est\u00e1n verdaderamente en crisis\u201d, dijo T\u00fcrk.<\/p>\n\n\n\n<p class=\"wp-block-paragraph\">Y concluy\u00f3 su declaraci\u00f3n planteando que \u201cen lugar para vilipendiar y despojarles de derechos reconocidos desde hace mucho tiempo, deber\u00edamos tratar de gobernar la migraci\u00f3n de forma humana y segura, respetando plenamente los derechos humanos de todas las personas\u201d.<\/p>\n","protected":false},"excerpt":{"rendered":"<p> Las nuevas medidas de control fronterizo dispuestas por el gobierno de Estados Unidos pueden socavar los fundamentos del derecho internacional en materia de derechos humanos y refugiados, advirti\u00f3 el Alto Comisionado de las Naciones Unidas para los Derechos Humanos, Volker T\u00fcrk.<\/p>\n","protected":false},"author":3,"featured_media":61422,"comment_status":"open","ping_status":"open","sticky":false,"template":"","format":"standard","meta":{"_monsterinsights_skip_tracking":false,"footnotes":""},"categories":[53],"tags":[],"class_list":["post-61421","post","type-post","status-publish","format-standard","has-post-thumbnail","category-internacional"],"_links":{"self":[{"href":"https:\/\/redsemlac.com\/semmexico\/wp-json\/wp\/v2\/posts\/61421","targetHints":{"allow":["GET"]}}],"collection":[{"href":"https:\/\/redsemlac.com\/semmexico\/wp-json\/wp\/v2\/posts"}],"about":[{"href":"https:\/\/redsemlac.com\/semmexico\/wp-json\/wp\/v2\/types\/post"}],"author":[{"embeddable":true,"href":"https:\/\/redsemlac.com\/semmexico\/wp-json\/wp\/v2\/users\/3"}],"replies":[{"embeddable":true,"href":"https:\/\/redsemlac.com\/semmexico\/wp-json\/wp\/v2\/comments?post=61421"}],"version-history":[{"count":0,"href":"https:\/\/redsemlac.com\/semmexico\/wp-json\/wp\/v2\/posts\/61421\/revisions"}],"wp:featuredmedia":[{"embeddable":true,"href":"https:\/\/redsemlac.com\/semmexico\/wp-json\/wp\/v2\/media\/61422"}],"wp:attachment":[{"href":"https:\/\/redsemlac.com\/semmexico\/wp-json\/wp\/v2\/media?parent=61421"}],"wp:term":[{"taxonomy":"category","embeddable":true,"href":"https:\/\/redsemlac.com\/semmexico\/wp-json\/wp\/v2\/categories?post=61421"},{"taxonomy":"post_tag","embeddable":true,"href":"https:\/\/redsemlac.com\/semmexico\/wp-json\/wp\/v2\/tags?post=61421"}],"curies":[{"name":"wp","href":"https:\/\/api.w.org\/{rel}","templated":true}]}}