{"id":61417,"date":"2023-01-14T17:53:06","date_gmt":"2023-01-14T23:53:06","guid":{"rendered":"https:\/\/redsemlac.com\/semmexico\/?p=61417"},"modified":"2023-01-15T11:29:01","modified_gmt":"2023-01-15T17:29:01","slug":"lanzan-por-redes-sociales-una-solicitud-para-evitar-la-militarizacion-del-metro","status":"publish","type":"post","link":"https:\/\/redsemlac.com\/semmexico\/lanzan-por-redes-sociales-una-solicitud-para-evitar-la-militarizacion-del-metro\/","title":{"rendered":"Lanzan por redes sociales una solicitud para evitar la militarizaci\u00f3n del METRO"},"content":{"rendered":"\n<p class=\"wp-block-paragraph\">Por Change.org circula la petici\u00f3n, que al cierre de este domingo llevaba 400 firmas<\/p>\n\n\n\n<p class=\"wp-block-paragraph\">Redacci\u00f3n<\/p>\n\n\n\n<p class=\"wp-block-paragraph\">SemM\u00e9xico, Ciudad de M\u00e9xico, 14 de enero, 2023.- A trav\u00e9s de Change.org, se ha lanzado una iniciativa p\u00fablica para oponerse a la militarizaci\u00f3n de las instalaciones del Metro. Hasta el cierre miles de personas firmaron esta solicitud para las autoridades de la Ciudad de M\u00e9xico, en que ciudadanas y ciudadano advierten de los peligros de que haya soldados en el transporte p\u00fablico, y se\u00f1alan que pierden su libertad de tr\u00e1nsito, garantizada en la Constituci\u00f3n. Dicen que las mujeres corren m\u00e1s peligro.<\/p>\n\n\n\n<p class=\"wp-block-paragraph\">Afirman que \u201cSe han desplegado elementos de la Guardia Nacional en el metro de la Ciudad de M\u00e9xico como respuesta ante los \u00faltimos incidentes. \u00a1No queremos a soldados armados, no queremos cateos ilegales, no queremos intimidaci\u00f3n a la ciudadan\u00eda! Existen polic\u00edas civiles para el metro que pueden fortalecerse.<\/p>\n\n\n\n<p class=\"wp-block-paragraph\">La solicitud pide a la ciudadan\u00eda a ayudar a frenar la militarizaci\u00f3n del metro.&nbsp; \u00a1No al metro militar, s\u00ed a un metro con mantenimiento, seguro y de calidad!<\/p>\n\n\n\n<p class=\"wp-block-paragraph\">400 personas han firmado la petici\u00f3n de Seguridad sin guerra. \u00danete para llegar juntos a la meta de 1000 firmas.<\/p>\n\n\n\n<p class=\"wp-block-paragraph\">El metro de la Ciudad de M\u00e9xico se encuentra en una situaci\u00f3n de deterioro hist\u00f3rica. Los incidentes son cada vez m\u00e1s frecuentes y cada vez m\u00e1s graves afectando la calidad de vida, y los derechos humanos, incluso cobrando vidas de las personas usuarias en la impunidad.<\/p>\n\n\n\n<p class=\"wp-block-paragraph\">Como respuesta de Gobierno a partir de las 2 pm del 12 de enero de 2023 la Guardia Nacional estar\u00e1 desplegada en el Metro de la Ciudad de M\u00e9xico. Hoy el metro capitalino de la Ciudad de derechos, libertades y de vanguardia abri\u00f3 sus puertas a la presencia ofensiva de los militares por instrucci\u00f3n de la Jefa de Gobierno.&nbsp; Hoy cuenta con m\u00e1s elementos de la Guardia Nacional (6600) que los desplegados, por entidad, en 29 estados del pa\u00eds, a\u00fan con focos rojos de violencia como Michoac\u00e1n, Jalisco, Sinaloa o Guerrero.&nbsp;<\/p>\n\n\n\n<p class=\"wp-block-paragraph\">Queremos un metro de calidad, con profesionalismo, certificaci\u00f3n internacional, transparencia, fiscalizaci\u00f3n, mantenimiento y rendici\u00f3n de cuentas. No queremos un metro militarizado que sigue la tendencia de la militarizaci\u00f3n de la vida p\u00fablica y de nuestros espacios p\u00fablicos. Queremos movilidad con paz.<\/p>\n\n\n\n<p class=\"wp-block-paragraph\">No queremos a soldados armados. No queremos cateos ilegales. No queremos intimidaci\u00f3n a la ciudadan\u00eda por sus caracter\u00edsticas f\u00edsicas, expresiones o identidades. Existen polic\u00edas civiles incluso una polic\u00eda espec\u00edfica para el metro que puede fortalecerse.<\/p>\n\n\n\n<p class=\"wp-block-paragraph\">Firma y difunde esta petici\u00f3n para frenar la militarizaci\u00f3n del metro y de la Ciudad de M\u00e9xico.<\/p>\n\n\n\n<p class=\"wp-block-paragraph\">Compartamos fotos, videos y mensajes contando nuestras experiencias con las fallas del Metro explicando por qu\u00e9 la presencia de la Guardia Nacional \u00a1no resuelve nada! Usa el hashtag \ufffd #MantenimientoS\u00edMilitaresNo<\/p>\n","protected":false},"excerpt":{"rendered":"<p>A trav\u00e9s de Change.org, se ha lanzado una iniciativa p\u00fablica para oponerse a la militarizaci\u00f3n de las instalaciones del Metro.<\/p>\n","protected":false},"author":3,"featured_media":61418,"comment_status":"open","ping_status":"open","sticky":false,"template":"","format":"standard","meta":{"_monsterinsights_skip_tracking":false,"footnotes":""},"categories":[47],"tags":[],"class_list":["post-61417","post","type-post","status-publish","format-standard","has-post-thumbnail","category-no-mas-impunidad"],"_links":{"self":[{"href":"https:\/\/redsemlac.com\/semmexico\/wp-json\/wp\/v2\/posts\/61417","targetHints":{"allow":["GET"]}}],"collection":[{"href":"https:\/\/redsemlac.com\/semmexico\/wp-json\/wp\/v2\/posts"}],"about":[{"href":"https:\/\/redsemlac.com\/semmexico\/wp-json\/wp\/v2\/types\/post"}],"author":[{"embeddable":true,"href":"https:\/\/redsemlac.com\/semmexico\/wp-json\/wp\/v2\/users\/3"}],"replies":[{"embeddable":true,"href":"https:\/\/redsemlac.com\/semmexico\/wp-json\/wp\/v2\/comments?post=61417"}],"version-history":[{"count":0,"href":"https:\/\/redsemlac.com\/semmexico\/wp-json\/wp\/v2\/posts\/61417\/revisions"}],"wp:featuredmedia":[{"embeddable":true,"href":"https:\/\/redsemlac.com\/semmexico\/wp-json\/wp\/v2\/media\/61418"}],"wp:attachment":[{"href":"https:\/\/redsemlac.com\/semmexico\/wp-json\/wp\/v2\/media?parent=61417"}],"wp:term":[{"taxonomy":"category","embeddable":true,"href":"https:\/\/redsemlac.com\/semmexico\/wp-json\/wp\/v2\/categories?post=61417"},{"taxonomy":"post_tag","embeddable":true,"href":"https:\/\/redsemlac.com\/semmexico\/wp-json\/wp\/v2\/tags?post=61417"}],"curies":[{"name":"wp","href":"https:\/\/api.w.org\/{rel}","templated":true}]}}