{"id":61414,"date":"2023-01-14T17:42:10","date_gmt":"2023-01-14T23:42:10","guid":{"rendered":"https:\/\/redsemlac.com\/semmexico\/?p=61414"},"modified":"2023-01-14T17:42:12","modified_gmt":"2023-01-14T23:42:12","slug":"paro-en-secretaria-de-salud-de-guerrero","status":"publish","type":"post","link":"https:\/\/redsemlac.com\/semmexico\/paro-en-secretaria-de-salud-de-guerrero\/","title":{"rendered":"Paro en Secretaria de Salud de Guerrero"},"content":{"rendered":"\n<p class=\"wp-block-paragraph\">Se inici\u00f3 el viernes para exigir sus derechos y pedir salgan malos funcionarios<\/p>\n\n\n\n<p class=\"wp-block-paragraph\">Abel Miranda Ayala, texto y foto&nbsp;<\/p>\n\n\n\n<p class=\"wp-block-paragraph\">SemM\u00e9xico\/Ceprovysa, Chilpancingo, Guerrero, 14 de enero,2023.- Trabajadores de la secretar\u00eda de salud en Guerrero iniciaron este viernes un movimiento parista en sus oficinas centrales, para exigir la destituci\u00f3n de la titular Aid\u00e9 Ibarez Castro y diversos funcionarios que est\u00e1n generando problemas en todo el sector salud.<\/p>\n\n\n\n<p class=\"wp-block-paragraph\">La dirigente del sindicato de trabajadores del sector salud Beatriz V\u00e9lez N\u00fa\u00f1ez, calific\u00f3 a la secretar\u00eda de ser una funcionaria \u201ccorriente e inepta\u201d, que solo ha generado problemas que repercuten en deficiente atenci\u00f3n a la poblaci\u00f3n en general.<br>Resalt\u00f3 el caso de Chilpancingo d\u00f3nde la secretar\u00eda insiste en imponer a la hermana de la diputada Yoloczin Dom\u00ednguez Serna como Jefa de enfermeras, cuando ha sido repudiada por la base trabajadora por todas las anomal\u00edas que cometi\u00f3, adem\u00e1s de no tener el perfil id\u00f3neo.<\/p>\n\n\n\n<p class=\"wp-block-paragraph\">Resalt\u00f3 que en el hospital ya se hab\u00eda logrado un acuerdo para que se designar\u00e1 a una nueva jefa de enfermeras mediante un concurso de oposici\u00f3n y de esta manera seleccionar el perfil m\u00e1s id\u00f3neo, \u201ca la hermana de Yoloczin la nombraron sin siquiera tener perfil de enfermer\u00eda pues en ese momento no ten\u00eda ni siquiera t\u00edtulo de licenciatura, mientras que se tiene muchas trabajadoras que cuentan con maestr\u00edas y acus\u00f3 que a pesar del acuerdo para elegir una nueva jefa de enfermeras, la secretar\u00eda env\u00edo el 25 de diciembre a personal de recursos humanos a darle posesi\u00f3n nuevamente como jefa de enfermeras y con eso se reactiva el conflicto y podr\u00eda paralizarse el servicio en el nosocomio.<br>Otro conflicto se mantiene en la regi\u00f3n de costa grande donde se demanda la destituci\u00f3n de la jefa jurisdiccional, Paloma Chavarr\u00eda Rodr\u00edguez, a quien se\u00f1alan de proferir malos tratos al personal, as\u00ed como malversaci\u00f3n de los recursos que deben estar destinados para el pago de vi\u00e1ticos del personal que hace trabajo de campo.<br>Sobre esta funcionaria, la dirigente sindical explic\u00f3 que se ten\u00eda un acuerdo para que fuera removida, sin embargo, la secretaria Aid\u00e9 Ibares, se ha negado a cumplir su palabra y por eso el conflicto podr\u00eda detonar en un paro general de los servicios de salud en toda la regi\u00f3n de costa grande.<\/p>\n","protected":false},"excerpt":{"rendered":"<p>Trabajadores de la secretar\u00eda de salud en Guerrero iniciaron este viernes un movimiento parista en sus oficinas centrales, para exigir la destituci\u00f3n de la titular Aid\u00e9 Ibarez Castro y diversos funcionarios que est\u00e1n generando problemas en todo el sector salud.<\/p>\n","protected":false},"author":3,"featured_media":61415,"comment_status":"open","ping_status":"open","sticky":false,"template":"","format":"standard","meta":{"_monsterinsights_skip_tracking":false,"footnotes":""},"categories":[47],"tags":[],"class_list":["post-61414","post","type-post","status-publish","format-standard","has-post-thumbnail","category-no-mas-impunidad"],"_links":{"self":[{"href":"https:\/\/redsemlac.com\/semmexico\/wp-json\/wp\/v2\/posts\/61414","targetHints":{"allow":["GET"]}}],"collection":[{"href":"https:\/\/redsemlac.com\/semmexico\/wp-json\/wp\/v2\/posts"}],"about":[{"href":"https:\/\/redsemlac.com\/semmexico\/wp-json\/wp\/v2\/types\/post"}],"author":[{"embeddable":true,"href":"https:\/\/redsemlac.com\/semmexico\/wp-json\/wp\/v2\/users\/3"}],"replies":[{"embeddable":true,"href":"https:\/\/redsemlac.com\/semmexico\/wp-json\/wp\/v2\/comments?post=61414"}],"version-history":[{"count":0,"href":"https:\/\/redsemlac.com\/semmexico\/wp-json\/wp\/v2\/posts\/61414\/revisions"}],"wp:featuredmedia":[{"embeddable":true,"href":"https:\/\/redsemlac.com\/semmexico\/wp-json\/wp\/v2\/media\/61415"}],"wp:attachment":[{"href":"https:\/\/redsemlac.com\/semmexico\/wp-json\/wp\/v2\/media?parent=61414"}],"wp:term":[{"taxonomy":"category","embeddable":true,"href":"https:\/\/redsemlac.com\/semmexico\/wp-json\/wp\/v2\/categories?post=61414"},{"taxonomy":"post_tag","embeddable":true,"href":"https:\/\/redsemlac.com\/semmexico\/wp-json\/wp\/v2\/tags?post=61414"}],"curies":[{"name":"wp","href":"https:\/\/api.w.org\/{rel}","templated":true}]}}