{"id":61408,"date":"2023-01-14T17:23:47","date_gmt":"2023-01-14T23:23:47","guid":{"rendered":"https:\/\/redsemlac.com\/semmexico\/?p=61408"},"modified":"2023-01-14T17:26:31","modified_gmt":"2023-01-14T23:26:31","slug":"hombres-o-mujeres-quien-paga-mas-impuestos","status":"publish","type":"post","link":"https:\/\/redsemlac.com\/semmexico\/hombres-o-mujeres-quien-paga-mas-impuestos\/","title":{"rendered":"Hombres o Mujeres: \u00bfQui\u00e9n paga m\u00e1s impuestos?"},"content":{"rendered":"\n<p class=\"has-small-font-size wp-block-paragraph\">\u00bfPersiste la brecha de g\u00e9nero en M\u00e9xico? Esto es lo que afirman \u00f3rganos especializados. Foto Roc\u00edo Mart\u00ednez<\/p>\n\n\n\n<p class=\"wp-block-paragraph\">El Centro de Estudios de las Finanzas P\u00fablicas determin\u00f3 cu\u00e1l es la contribuci\u00f3n de las trabajadoras mexicanas.<\/p>\n\n\n\n<p class=\"wp-block-paragraph\">Redacci\u00f3n*<\/p>\n\n\n\n<p class=\"wp-block-paragraph\">SemM\u00e9xico, Ciudad de M\u00e9xico, 14 de enero, 2023.- El Instituto Nacional de Estad\u00edstica y Geograf\u00eda (Inegi), en su Encuesta Nacional de Ocupaci\u00f3n y Empleo (ENOE), determin\u00f3 que la Poblaci\u00f3n Econ\u00f3micamente Activa (PEA) se compone de 35.8 millones de hombres y 23.7 millones de mujeres, conforme a datos recopilados durante el tercer trimestre de 2022, \u00bfpero alguna vez te has preguntado&nbsp;qui\u00e9nes pagan m\u00e1s impuestos?<\/p>\n\n\n\n<p class=\"wp-block-paragraph\">En 2020, el&nbsp;Centro de Estudios de las Finanzas P\u00fablicas&nbsp;de la C\u00e1mara de Diputados present\u00f3 un estudio titulado &#8216;<em>Contribuci\u00f3n de las mujeres en el pago de ISR y el impacto sobre su nivel de ingresos&#8217;<\/em>. Recordar que el ISR es&nbsp;<a href=\"https:\/\/www.radioformula.com.mx\/economia\/2022\/12\/28\/ganaras-mas-en-2023-te-quitaran-menos-de-isr-el-proximo-ano-744460.html\">una carga fiscal que se aplica tanto a personas f\u00edsicas como a morales y que para este 2023 modific\u00f3 sus tablas<\/a>, con el fin de que los trabajadores paguen menos.<\/p>\n\n\n\n<figure class=\"wp-block-image size-full\"><a href=\"https:\/\/redsemlac.com\/semmexico\/wp-content\/uploads\/2023\/01\/mujeres-impuestos-02.jpg\"><img loading=\"lazy\" decoding=\"async\" width=\"640\" height=\"480\" src=\"https:\/\/redsemlac.com\/semmexico\/wp-content\/uploads\/2023\/01\/mujeres-impuestos-02.jpg\" alt=\"\" class=\"wp-image-61409\"\/><\/a><\/figure>\n\n\n\n<p class=\"wp-block-paragraph\"><strong>\u00bfQui\u00e9n paga m\u00e1s impuestos, hombres o mujeres?<\/strong><\/p>\n\n\n\n<p class=\"wp-block-paragraph\">El estudio realizado por el Centro de Estudios de las Finanzas P\u00fablicas determin\u00f3 que&nbsp;los hombres pagan m\u00e1s impuestos y esto deja patente la brecha de g\u00e9nero existente para las mujeres: no s\u00f3lo son una menor fuerza laboral, cuentan con menores ingresos y son minor\u00eda en los puestos que requieren tomas de decisiones, como funcionarios o directivos.<\/p>\n\n\n\n<p class=\"wp-block-paragraph\">Para llegar a tales conclusiones, el Centro de Estudios analiz\u00f3 e<a href=\"https:\/\/www.radioformula.com.mx\/economia\/2022\/9\/4\/que-son-los-deciles-economicos-cual-perteneces-esto-es-lo-que-dice-inegi-730344.html\">l ingreso neto por cada uno de los deciles econ\u00f3micos -dato estad\u00edstico para determinar el ingreso per c\u00e1pita-<\/a>, donde los hombres tuvieron una mayor cantidad de ingresos netos, conforme a la Encuesta Nacional de Ingresos y Gastos de los Hogares (ENIGH), realizada por el Inegi en 2018.<\/p>\n\n\n\n<p class=\"wp-block-paragraph\">*Las estad\u00edsticas las organiz\u00f3 Radio F\u00f3rmula<\/p>\n","protected":false},"excerpt":{"rendered":"<p>El Centro de Estudios de las Finanzas P\u00fablicas determin\u00f3 cu\u00e1l es la contribuci\u00f3n de las trabajadoras mexicanas.<\/p>\n","protected":false},"author":3,"featured_media":61410,"comment_status":"open","ping_status":"open","sticky":false,"template":"","format":"standard","meta":{"_monsterinsights_skip_tracking":false,"footnotes":""},"categories":[54],"tags":[],"class_list":["post-61408","post","type-post","status-publish","format-standard","has-post-thumbnail","category-mujeres"],"_links":{"self":[{"href":"https:\/\/redsemlac.com\/semmexico\/wp-json\/wp\/v2\/posts\/61408","targetHints":{"allow":["GET"]}}],"collection":[{"href":"https:\/\/redsemlac.com\/semmexico\/wp-json\/wp\/v2\/posts"}],"about":[{"href":"https:\/\/redsemlac.com\/semmexico\/wp-json\/wp\/v2\/types\/post"}],"author":[{"embeddable":true,"href":"https:\/\/redsemlac.com\/semmexico\/wp-json\/wp\/v2\/users\/3"}],"replies":[{"embeddable":true,"href":"https:\/\/redsemlac.com\/semmexico\/wp-json\/wp\/v2\/comments?post=61408"}],"version-history":[{"count":0,"href":"https:\/\/redsemlac.com\/semmexico\/wp-json\/wp\/v2\/posts\/61408\/revisions"}],"wp:featuredmedia":[{"embeddable":true,"href":"https:\/\/redsemlac.com\/semmexico\/wp-json\/wp\/v2\/media\/61410"}],"wp:attachment":[{"href":"https:\/\/redsemlac.com\/semmexico\/wp-json\/wp\/v2\/media?parent=61408"}],"wp:term":[{"taxonomy":"category","embeddable":true,"href":"https:\/\/redsemlac.com\/semmexico\/wp-json\/wp\/v2\/categories?post=61408"},{"taxonomy":"post_tag","embeddable":true,"href":"https:\/\/redsemlac.com\/semmexico\/wp-json\/wp\/v2\/tags?post=61408"}],"curies":[{"name":"wp","href":"https:\/\/api.w.org\/{rel}","templated":true}]}}