{"id":61402,"date":"2023-01-14T16:35:10","date_gmt":"2023-01-14T22:35:10","guid":{"rendered":"https:\/\/redsemlac.com\/semmexico\/?p=61402"},"modified":"2023-01-14T16:35:12","modified_gmt":"2023-01-14T22:35:12","slug":"amnistia-internacional-desaprueba-presencia-de-la-guardia-nacional-en-el-metro","status":"publish","type":"post","link":"https:\/\/redsemlac.com\/semmexico\/amnistia-internacional-desaprueba-presencia-de-la-guardia-nacional-en-el-metro\/","title":{"rendered":"Amnist\u00eda Internacional desaprueba presencia de la Guardia Nacional en el Metro"},"content":{"rendered":"\n<p class=\"wp-block-paragraph\">El despliegue de m\u00e1s de seis mil elementos militarizado se atenta contra el principio de excepcionalidad<\/p>\n\n\n\n<p class=\"wp-block-paragraph\">Pide abonando al proceso de normalizar la militarizaci\u00f3n del pa\u00eds<\/p>\n\n\n\n<p class=\"wp-block-paragraph\">Celeste \u00c1lvarez L\u00f3pez<\/p>\n\n\n\n<p class=\"wp-block-paragraph\">SemM\u00e9xico\/Ceprovysa\/Megal\u00f3polis, Ciudad de M\u00e9xico, 14 de enero, 2023.- Amnist\u00eda Internacional se manifest\u00f3 en contra de la medida de la jefa de Gobierno Claudia Sheinbaum, de involucrar a la Guardia Nacional (GN) en las tareas de vigilancia en el Metro luego de los accidentes que han ocurrido \u00faltimamente en diversas estaciones.<\/p>\n\n\n\n<p class=\"wp-block-paragraph\">La organizaci\u00f3n defensora de derechos humanos expres\u00f3 su preocupaci\u00f3n a trav\u00e9s de un mensaje en su cuenta oficial de Twitter, donde us\u00f3 el hashtag #NoALaMilitarizaci\u00f3n, el cual se ha vuelto tendencia por el descontento de los usuarios ante la presencia de elemento de la GN&nbsp;en el Metro de la Ciudad de M\u00e9xico.<\/p>\n\n\n\n<p class=\"wp-block-paragraph\">\u201cExpresamos nuestra preocupaci\u00f3n ante la decisi\u00f3n (\u2026) Llamamos a respetar y garantizar que las labores de seguridad p\u00fablica sean realizadas por instituciones civiles\u201d, expres\u00f3 Amnist\u00eda Internacional.<\/p>\n\n\n\n<p class=\"wp-block-paragraph\">Asimismo, considera que, \u201ccon el despliegue de m\u00e1s de seis mil elementos de la Guardia Nacional en el Metro de la CDMX se atenta contra el principio de excepcionalidad, abonando al proceso de normalizar la militarizaci\u00f3n del pa\u00eds\u201d.<\/p>\n\n\n\n<p class=\"wp-block-paragraph\">Cabe mencionar, que Claudia Sheinbaum anunci\u00f3 este jueves el despliegue de seis mil 60 efectivos de la GN en las estaciones del Metro a partir de las 14:00 horas, para apoyar en las labores de vigilancia y salvaguardar la seguridad de los usuarios.<\/p>\n\n\n\n<p class=\"wp-block-paragraph\">El anuncio de la mandataria ha generado fuertes reacciones en las redes sociales, cuestionando la pertinencia de la decisi\u00f3n en el medio de transporte p\u00fablico m\u00e1s usado.<\/p>\n\n\n\n<p class=\"wp-block-paragraph\">La senadora Lili T\u00e9llez critic\u00f3 que \u201chay zonas de M\u00e9xico sin un solo elemento de la Guardia Nacional y hoy van a destinar seis mil al metro, para satisfacer la paranoia del sabotaje\u201d, por lo que dijo, que \u201cel Metro de la CDMX va a tener m\u00e1s elementos de la GN, que el estado de Sonora, que arde en violencia\u201d.<\/p>\n\n\n\n<p class=\"wp-block-paragraph\">Por su parte, el senador Emilio \u00c1lvarez Icaza hizo varios se\u00f1alamientos, entre ellos, que entidades con problem\u00e1ticas graves de seguridad, no tienen el n\u00famero de elementos de la GN como hoy s\u00ed los tiene el Metro de la capital.<\/p>\n","protected":false},"excerpt":{"rendered":"<p>Amnist\u00eda Internacional se manifest\u00f3 en contra de la medida de la jefa de Gobierno Claudia Sheinbaum, de involucrar a la Guardia Nacional (GN) en las tareas de vigilancia en el Metro luego de los accidentes que han ocurrido \u00faltimamente en diversas estaciones.<\/p>\n","protected":false},"author":3,"featured_media":61403,"comment_status":"open","ping_status":"open","sticky":false,"template":"","format":"standard","meta":{"_monsterinsights_skip_tracking":false,"footnotes":""},"categories":[50],"tags":[],"class_list":["post-61402","post","type-post","status-publish","format-standard","has-post-thumbnail","category-congreso"],"_links":{"self":[{"href":"https:\/\/redsemlac.com\/semmexico\/wp-json\/wp\/v2\/posts\/61402","targetHints":{"allow":["GET"]}}],"collection":[{"href":"https:\/\/redsemlac.com\/semmexico\/wp-json\/wp\/v2\/posts"}],"about":[{"href":"https:\/\/redsemlac.com\/semmexico\/wp-json\/wp\/v2\/types\/post"}],"author":[{"embeddable":true,"href":"https:\/\/redsemlac.com\/semmexico\/wp-json\/wp\/v2\/users\/3"}],"replies":[{"embeddable":true,"href":"https:\/\/redsemlac.com\/semmexico\/wp-json\/wp\/v2\/comments?post=61402"}],"version-history":[{"count":0,"href":"https:\/\/redsemlac.com\/semmexico\/wp-json\/wp\/v2\/posts\/61402\/revisions"}],"wp:featuredmedia":[{"embeddable":true,"href":"https:\/\/redsemlac.com\/semmexico\/wp-json\/wp\/v2\/media\/61403"}],"wp:attachment":[{"href":"https:\/\/redsemlac.com\/semmexico\/wp-json\/wp\/v2\/media?parent=61402"}],"wp:term":[{"taxonomy":"category","embeddable":true,"href":"https:\/\/redsemlac.com\/semmexico\/wp-json\/wp\/v2\/categories?post=61402"},{"taxonomy":"post_tag","embeddable":true,"href":"https:\/\/redsemlac.com\/semmexico\/wp-json\/wp\/v2\/tags?post=61402"}],"curies":[{"name":"wp","href":"https:\/\/api.w.org\/{rel}","templated":true}]}}