{"id":61399,"date":"2023-01-14T16:17:56","date_gmt":"2023-01-14T22:17:56","guid":{"rendered":"https:\/\/redsemlac.com\/semmexico\/?p=61399"},"modified":"2023-01-14T16:38:59","modified_gmt":"2023-01-14T22:38:59","slug":"la-secretaria-de-bienestar-debe-entregar-padron-de-beneficiarios-del-programa-3x1-para-migrantes-con-nombres-visibles-inai","status":"publish","type":"post","link":"https:\/\/redsemlac.com\/semmexico\/la-secretaria-de-bienestar-debe-entregar-padron-de-beneficiarios-del-programa-3x1-para-migrantes-con-nombres-visibles-inai\/","title":{"rendered":"La Secretar\u00eda de Bienestar debe entregar padr\u00f3n de beneficiarios del programa 3&#215;1 para migrantes, con nombres visibles: INAI"},"content":{"rendered":"\n<p class=\"wp-block-paragraph\">Los sujetos obligados deben de publicar los nombres de los beneficiarios, de manera activa, como una obligaci\u00f3n de transparencia: Adri\u00e1n Alcal\u00e1 M\u00e9ndez<\/p>\n\n\n\n<p class=\"wp-block-paragraph\">Es indispensable conocer las personas que son favorecidas y participan de un programa para tener certeza de que re\u00fanen las caracter\u00edsticas, puntualiz\u00f3 el Comisionado<\/p>\n\n\n\n<p class=\"wp-block-paragraph\">Redacci\u00f3n<\/p>\n\n\n\n<p class=\"wp-block-paragraph\">SemM\u00e9xico, Ciudad de M\u00e9xico, 14 de enero, 2023.- El Instituto Nacional de Transparencia, Acceso a la Informaci\u00f3n y Protecci\u00f3n de Datos Personales (INAI) instruy\u00f3 a la Secretar\u00eda de Bienestar entregar el padr\u00f3n de beneficiarios del Programa 3&#215;1 para Migrantes y las acciones realizadas a nivel nacional desde su entrada en operaci\u00f3n, en 2002, a octubre de 2022, as\u00ed como hacer una b\u00fasqueda del listado de clubes u organizaciones de migrantes localizadas en Estados Unidos.<\/p>\n\n\n\n<p class=\"wp-block-paragraph\">\u201cCabe precisar que el gobierno Federal ha destinado recursos p\u00fablicos al Programa 3&#215;1 para Migrantes, ya que \u00e9ste contempla que el financiamiento de los proyectos sea del 25 por ciento por parte del gobierno Federal; 25 por ciento de las organizaciones migrantes, y 50 por ciento de los gobiernos de las entidades federativas y\/o los municipios\u201d, se\u00f1al\u00f3 el Comisionado Adri\u00e1n Alcal\u00e1 M\u00e9ndez.<\/p>\n\n\n\n<p class=\"wp-block-paragraph\">Ante ello, dijo que conocer informaci\u00f3n sobre el ejercicio de recursos p\u00fablicos a nivel federal, estatal y municipal, en el marco de este programa, coadyuva directamente a la rendici\u00f3n de cuentas, objetivo del ejercicio del derecho de acceso a la informaci\u00f3n.<\/p>\n\n\n\n<p class=\"wp-block-paragraph\">\u201cEn cualquier circunstancia, los sujetos obligados deben de publicar los nombres de los beneficiarios, de una manera activa; es decir, como una obligaci\u00f3n de transparencia, porque resulta indispensable conocer las personas que son favorecidas y participan de un programa generado a ra\u00edz de una pol\u00edtica p\u00fablica, para dar certeza de que esas personas existen y re\u00fanen las caracter\u00edsticas previstas en el objeto del programa creado\u201d, puntualiz\u00f3.<\/p>\n\n\n\n<p class=\"wp-block-paragraph\">En respuesta a la solicitud, la Secretar\u00eda de Bienestar proporcion\u00f3 un v\u00ednculo electr\u00f3nico con los \u201cInformes Trimestrales de los Programas de Subsidio del Ramo Administrativo 20\u201d, se\u00f1alando que ah\u00ed se pod\u00eda consultar la informaci\u00f3n presupuestal y las acciones del Programa 3&#215;1 para Migrantes.<\/p>\n\n\n\n<p class=\"wp-block-paragraph\">Inconforme, porque el v\u00ednculo electr\u00f3nico era inaccesible, la persona solicitante present\u00f3 un recurso de revisi\u00f3n ante el INAI.<\/p>\n\n\n\n<p class=\"wp-block-paragraph\">En alegatos, la dependencia, por conducto de la Unidad de Planeaci\u00f3n y Evaluaci\u00f3n de Programas para el Desarrollo, proporcion\u00f3 versi\u00f3n p\u00fablica del padr\u00f3n del Programa 3&#215;1 para Migrantes, correspondiente al ejercicio fiscal 2018.<\/p>\n\n\n\n<p class=\"wp-block-paragraph\">Al analizar el caso, la ponencia del Comisionado Adri\u00e1n Alcal\u00e1 M\u00e9ndez constat\u00f3, en primer lugar, que s\u00ed es posible acceder al v\u00ednculo electr\u00f3nico proporcionado, pero que la informaci\u00f3n contenida ah\u00ed no corresponde con la del Programa 3&#215;1 para Migrantes y, por lo tanto, no atiende de manera puntual la solicitud de informaci\u00f3n.<\/p>\n\n\n\n<p class=\"wp-block-paragraph\">Se determin\u00f3 que, de acuerdo con las reglas de operaci\u00f3n del programa, la Secretar\u00eda de Bienestar debe contar con un padr\u00f3n de beneficiaros y con informaci\u00f3n de las acciones institucionales realizadas, las comunidades beneficiadas, las instancias responsables, las entrevistas domiciliarias, las visitas de campo y el registro de inscripci\u00f3n al programa.<\/p>\n\n\n\n<p class=\"wp-block-paragraph\">En segundo lugar, se advirti\u00f3 que, si bien la Secretar\u00eda de Bienestar remiti\u00f3 versi\u00f3n p\u00fablica del padr\u00f3n de beneficiarios del Programa 3&#215;1 para Migrantes del ejercicio 2018, no dio a conocer los nombres de los beneficiarios, los cuales deben ser p\u00fablicos, pues se trata de personas f\u00edsicas o morales que reciben recursos del erario.<\/p>\n\n\n\n<p class=\"wp-block-paragraph\">Al respecto, se se\u00f1al\u00f3 que la Ley General de Transparencia y Acceso a la Informaci\u00f3n P\u00fablica establece la obligaci\u00f3n de poner a\u2026<\/p>\n\n\n\n<p class=\"wp-block-paragraph\">[7:13 a.&nbsp;m., 14\/1\/2023] Paula De Anda: Audio y video del Comisionado del INAI, Adri\u00e1n Alcal\u00e1 M\u00e9ndez @AdrianAlcala75<\/p>\n","protected":false},"excerpt":{"rendered":"<p>El INAI instruy\u00f3 a la Secretar\u00eda de Bienestar entregar el padr\u00f3n de beneficiarios del Programa 3&#215;1 para Migrantes y las acciones realizadas a nivel nacional desde su entrada en operaci\u00f3n, en 2002, a octubre de 2022<\/p>\n","protected":false},"author":3,"featured_media":61406,"comment_status":"open","ping_status":"open","sticky":false,"template":"","format":"standard","meta":{"_monsterinsights_skip_tracking":false,"footnotes":""},"categories":[50],"tags":[],"class_list":["post-61399","post","type-post","status-publish","format-standard","has-post-thumbnail","category-congreso"],"_links":{"self":[{"href":"https:\/\/redsemlac.com\/semmexico\/wp-json\/wp\/v2\/posts\/61399","targetHints":{"allow":["GET"]}}],"collection":[{"href":"https:\/\/redsemlac.com\/semmexico\/wp-json\/wp\/v2\/posts"}],"about":[{"href":"https:\/\/redsemlac.com\/semmexico\/wp-json\/wp\/v2\/types\/post"}],"author":[{"embeddable":true,"href":"https:\/\/redsemlac.com\/semmexico\/wp-json\/wp\/v2\/users\/3"}],"replies":[{"embeddable":true,"href":"https:\/\/redsemlac.com\/semmexico\/wp-json\/wp\/v2\/comments?post=61399"}],"version-history":[{"count":0,"href":"https:\/\/redsemlac.com\/semmexico\/wp-json\/wp\/v2\/posts\/61399\/revisions"}],"wp:featuredmedia":[{"embeddable":true,"href":"https:\/\/redsemlac.com\/semmexico\/wp-json\/wp\/v2\/media\/61406"}],"wp:attachment":[{"href":"https:\/\/redsemlac.com\/semmexico\/wp-json\/wp\/v2\/media?parent=61399"}],"wp:term":[{"taxonomy":"category","embeddable":true,"href":"https:\/\/redsemlac.com\/semmexico\/wp-json\/wp\/v2\/categories?post=61399"},{"taxonomy":"post_tag","embeddable":true,"href":"https:\/\/redsemlac.com\/semmexico\/wp-json\/wp\/v2\/tags?post=61399"}],"curies":[{"name":"wp","href":"https:\/\/api.w.org\/{rel}","templated":true}]}}