{"id":61394,"date":"2023-01-14T15:51:38","date_gmt":"2023-01-14T21:51:38","guid":{"rendered":"https:\/\/redsemlac.com\/semmexico\/?p=61394"},"modified":"2023-01-14T15:54:17","modified_gmt":"2023-01-14T21:54:17","slug":"un-recuento-de-la-protesta-feminista-contra-la-militarizacion-del-metro","status":"publish","type":"post","link":"https:\/\/redsemlac.com\/semmexico\/un-recuento-de-la-protesta-feminista-contra-la-militarizacion-del-metro\/","title":{"rendered":"Un recuento de la protesta feminista contra la militarizaci\u00f3n del Metro"},"content":{"rendered":"\n<p class=\"wp-block-paragraph\">\u00a1Hay que abortar la Guardia Nacional! fue el grito con el que se manifestaron decenas de activistas en Bellas Artes, exigiendo transporte digno y alto al #MetroMilitarizado<\/p>\n\n\n\n<p class=\"wp-block-paragraph\">Redacci\u00f3n<\/p>\n\n\n\n<p class=\"wp-block-paragraph\">SemM\u00e9xico\/LaCostillaRota. 14 de enero, 2023.-&nbsp;Al grito de \u00a1hay que abortar la Guardia Nacional!, colectivas de feministas tomaron la estaci\u00f3n del Metro Bellas Artes, y realizaron protestas en repudio a la militarizaci\u00f3n del Metro de la Ciudad de M\u00e9xico, donde se ha sentido la presencia de elementos del ej\u00e9rcito y la Guardia Nacional en toda la \u00faltima semana.<\/p>\n\n\n\n<p class=\"wp-block-paragraph\">Organizadas, algunas con capuchas, con consignas y dispuestas a exigir el repliegue de las fuerzas militares del espacio p\u00fablico que es el medio de transporte m\u00e1s concurrido de todo el pa\u00eds, las activistas se dieron cita desde las 18:00 horas de este viernes en las inmediaciones e instalaciones de la estaci\u00f3n Bellas Artes de la L\u00ednea 2 del Metro. A las protestas se unieron personas de la ciudadan\u00eda, as\u00ed como usuarias y usuarios del Metro que se encontraban en el lugar, adem\u00e1s de quienes atendieron el llamado al libre paso organizado por las colectivas.<\/p>\n\n\n\n<p class=\"wp-block-paragraph\">\u201cEl d\u00eda en que dejemos de gritar, de protestar, de organizarnos, de indignarnos, y de so\u00f1ar; ese d\u00eda perderemos la guerra contra la muerte que es este pa\u00eds.<\/p>\n\n\n\n<p class=\"wp-block-paragraph\"><br><strong>Las vidas no valen 5 pesos.<\/strong><\/p>\n\n\n\n<p class=\"wp-block-paragraph\"><br>No fue un accidente, fue un estado negligente.<\/p>\n\n\n\n<p class=\"wp-block-paragraph\"><br>Fuera del metro, guardia nacional\u201d, fueron algunas de las principales consignas con que las j\u00f3venes se manifestaron.<\/p>\n\n\n\n<p class=\"wp-block-paragraph\">Las colectivas reportaron que, pese a la actitud pacifista de las colectivas, los elementos de la Guardia Nacional rechazaron seguir el protocolo de actuaci\u00f3n para protestas y se negaron a seguir instrucciones en una clara actitud de amedrentamiento contra las manifestantes, rechazando incluso la solicitud de la Polic\u00eda Bancaria y de Gobernaci\u00f3n que les ped\u00edan a los militares retirarse.<\/p>\n\n\n\n<p class=\"wp-block-paragraph\">De igual manera, durante este d\u00eda se verificaron en la estaci\u00f3n de Metro Ju\u00e1rez y Metro Copilco manifestaciones de protesta a cargo de familiares y amigos de la joven Yaretzi Adriana, v\u00edctima mortal del accidente por el choque de vagones ocurridos, presumiblemente por negligencia y\/o corrupci\u00f3n, entre las estaciones la Raza y Potreros de la L\u00ednea 3 del metro, el pasado s\u00e1bado 7 de enero.<\/p>\n\n\n\n<p class=\"wp-block-paragraph\">Foto <a href=\"https:\/\/twitter.com\/karencitatacha\/status\/1614069576492277760?s=46&amp;t=u1igoY0_hhRO48eIm1QV7g\">\u00a0Karen Castillo<\/a><\/p>\n\n\n\n<figure class=\"wp-block-embed is-type-rich is-provider-twitter wp-block-embed-twitter\"><div class=\"wp-block-embed__wrapper\">\n<blockquote class=\"twitter-tweet\" data-width=\"550\" data-dnt=\"true\"><p lang=\"es\" dir=\"ltr\">La rabia de las mujeres se le voltea a <a href=\"https:\/\/twitter.com\/Claudiashein?ref_src=twsrc%5Etfw\">@Claudiashein<\/a>. El coraje de la gente que sabe que la <a href=\"https:\/\/twitter.com\/hashtag\/GuardiaNacional?src=hash&amp;ref_src=twsrc%5Etfw\">#GuardiaNacional<\/a> en el <a href=\"https:\/\/twitter.com\/hashtag\/MetroMilitarizado?src=hash&amp;ref_src=twsrc%5Etfw\">#MetroMilitarizado<\/a> es mano dura, es intimidaci\u00f3n, demagogia, ostentaci\u00f3n de m\u00fasculo pol\u00edtico, no seguridad.<a href=\"https:\/\/twitter.com\/hashtag\/MantenimientoSiMilitaresNo?src=hash&amp;ref_src=twsrc%5Etfw\">#MantenimientoSiMilitaresNo<\/a> <a href=\"https:\/\/t.co\/b2P1rECEmL\">pic.twitter.com\/b2P1rECEmL<\/a><\/p>&mdash; Orqu\u00eddea Fong (@LnkFong) <a href=\"https:\/\/twitter.com\/LnkFong\/status\/1614060784019017728?ref_src=twsrc%5Etfw\">January 14, 2023<\/a><\/blockquote><script async src=\"https:\/\/platform.twitter.com\/widgets.js\" charset=\"utf-8\"><\/script>\n<\/div><\/figure>\n\n\n\n<figure class=\"wp-block-embed is-type-rich is-provider-twitter wp-block-embed-twitter\"><div class=\"wp-block-embed__wrapper\">\n<blockquote class=\"twitter-tweet\" data-width=\"550\" data-dnt=\"true\"><p lang=\"es\" dir=\"ltr\">\u00a1Hay que abortar la Guardia Nacional! <br><br>Protestan feministas contra la militarizaci\u00f3n del <a href=\"https:\/\/twitter.com\/MetroCDMX?ref_src=twsrc%5Etfw\">@MetroCDMX<\/a> \ud83d\ude87 \u270a\ud83c\udffb\ud83d\udfe3<a href=\"https:\/\/twitter.com\/hashtag\/MetroCDMX?src=hash&amp;ref_src=twsrc%5Etfw\">#MetroCDMX<\/a> <a href=\"https:\/\/twitter.com\/hashtag\/MetroMilitarizado?src=hash&amp;ref_src=twsrc%5Etfw\">#MetroMilitarizado<\/a> <a href=\"https:\/\/t.co\/hKfEHcpGtr\">https:\/\/t.co\/hKfEHcpGtr<\/a><\/p>&mdash; LaCostillaRota (@LaCostillaRota_) <a href=\"https:\/\/twitter.com\/LaCostillaRota_\/status\/1614104710264373248?ref_src=twsrc%5Etfw\">January 14, 2023<\/a><\/blockquote><script async src=\"https:\/\/platform.twitter.com\/widgets.js\" charset=\"utf-8\"><\/script>\n<\/div><\/figure>\n","protected":false},"excerpt":{"rendered":"<p>\u00a1Hay que abortar la Guardia Nacional! fue el grito con el que se manifestaron decenas de activistas en Bellas Artes, exigiendo transporte digno y alto al #MetroMilitarizado<\/p>\n","protected":false},"author":3,"featured_media":61395,"comment_status":"open","ping_status":"open","sticky":false,"template":"","format":"standard","meta":{"_monsterinsights_skip_tracking":false,"footnotes":""},"categories":[54],"tags":[],"class_list":["post-61394","post","type-post","status-publish","format-standard","has-post-thumbnail","category-mujeres"],"_links":{"self":[{"href":"https:\/\/redsemlac.com\/semmexico\/wp-json\/wp\/v2\/posts\/61394","targetHints":{"allow":["GET"]}}],"collection":[{"href":"https:\/\/redsemlac.com\/semmexico\/wp-json\/wp\/v2\/posts"}],"about":[{"href":"https:\/\/redsemlac.com\/semmexico\/wp-json\/wp\/v2\/types\/post"}],"author":[{"embeddable":true,"href":"https:\/\/redsemlac.com\/semmexico\/wp-json\/wp\/v2\/users\/3"}],"replies":[{"embeddable":true,"href":"https:\/\/redsemlac.com\/semmexico\/wp-json\/wp\/v2\/comments?post=61394"}],"version-history":[{"count":0,"href":"https:\/\/redsemlac.com\/semmexico\/wp-json\/wp\/v2\/posts\/61394\/revisions"}],"wp:featuredmedia":[{"embeddable":true,"href":"https:\/\/redsemlac.com\/semmexico\/wp-json\/wp\/v2\/media\/61395"}],"wp:attachment":[{"href":"https:\/\/redsemlac.com\/semmexico\/wp-json\/wp\/v2\/media?parent=61394"}],"wp:term":[{"taxonomy":"category","embeddable":true,"href":"https:\/\/redsemlac.com\/semmexico\/wp-json\/wp\/v2\/categories?post=61394"},{"taxonomy":"post_tag","embeddable":true,"href":"https:\/\/redsemlac.com\/semmexico\/wp-json\/wp\/v2\/tags?post=61394"}],"curies":[{"name":"wp","href":"https:\/\/api.w.org\/{rel}","templated":true}]}}