{"id":61389,"date":"2023-01-14T15:21:05","date_gmt":"2023-01-14T21:21:05","guid":{"rendered":"https:\/\/redsemlac.com\/semmexico\/?p=61389"},"modified":"2023-01-14T15:21:07","modified_gmt":"2023-01-14T21:21:07","slug":"en-guerrero-incrementaron-12-por-ciento-los-casos-de-depresion-y-ansiedad","status":"publish","type":"post","link":"https:\/\/redsemlac.com\/semmexico\/en-guerrero-incrementaron-12-por-ciento-los-casos-de-depresion-y-ansiedad\/","title":{"rendered":"En Guerrero incrementaron 12 por ciento los casos de depresi\u00f3n y ansiedad\u00a0"},"content":{"rendered":"\n<figure class=\"wp-block-gallery has-nested-images columns-default is-cropped wp-block-gallery-1 is-layout-flex wp-block-gallery-is-layout-flex\">\n<figure class=\"wp-block-image size-large\"><a href=\"https:\/\/redsemlac.com\/semmexico\/wp-content\/uploads\/2023\/01\/guerrero-depresion-02.jpg\"><img loading=\"lazy\" decoding=\"async\" width=\"960\" height=\"720\" data-id=\"61391\" src=\"https:\/\/redsemlac.com\/semmexico\/wp-content\/uploads\/2023\/01\/guerrero-depresion-02.jpg\" alt=\"\" class=\"wp-image-61391\"\/><\/a><\/figure>\n\n\n\n<figure class=\"wp-block-image size-large\"><a href=\"https:\/\/redsemlac.com\/semmexico\/wp-content\/uploads\/2023\/01\/guerrero-depresion-03.jpg\"><img loading=\"lazy\" decoding=\"async\" width=\"960\" height=\"720\" data-id=\"61392\" src=\"https:\/\/redsemlac.com\/semmexico\/wp-content\/uploads\/2023\/01\/guerrero-depresion-03.jpg\" alt=\"\" class=\"wp-image-61392\"\/><\/a><\/figure>\n<\/figure>\n\n\n\n<p class=\"wp-block-paragraph\">*La SSG realizar\u00e1 campa\u00f1as para detectar y atender enfermedades mentales en el marco del d\u00eda mundial de lucha contra la depresi\u00f3n<\/p>\n\n\n\n<p class=\"wp-block-paragraph\">*Aunque las mujeres manifiestan pensamientos suicidas, son m\u00e1s los varones quienes lo consuman<\/p>\n\n\n\n<p class=\"wp-block-paragraph\">SemM\u00e9xico\/Ceprovysa, Chilpancingo, Gro., 14 de enero 2023.- En conmemoraci\u00f3n del \u201cD\u00eda Mundial de Lucha contra la Depresi\u00f3n\u201d, la Secretar\u00eda de Salud de Guerrero a trav\u00e9s del \u201cPrograma estatal de Salud Mental y contra las Adicciones\u201d, realizar\u00e1 campa\u00f1as de prevenci\u00f3n y atenci\u00f3n de trastornos mentales, a partir de esta fecha y hasta finales del mes de enero, esto como parte de las estrategias en materia de salud p\u00fablica que promueve la gobernadora Evelyn Salgado Pineda.<\/p>\n","protected":false},"excerpt":{"rendered":"<p>En conmemoraci\u00f3n del \u201cD\u00eda Mundial de Lucha contra la Depresi\u00f3n\u201d, la Secretar\u00eda de Salud de Guerrero realizar\u00e1 campa\u00f1as de prevenci\u00f3n y atenci\u00f3n de trastornos mentales<\/p>\n","protected":false},"author":3,"featured_media":61390,"comment_status":"open","ping_status":"open","sticky":false,"template":"","format":"standard","meta":{"_monsterinsights_skip_tracking":false,"footnotes":""},"categories":[51],"tags":[],"class_list":["post-61389","post","type-post","status-publish","format-standard","has-post-thumbnail","category-ejecutivo"],"_links":{"self":[{"href":"https:\/\/redsemlac.com\/semmexico\/wp-json\/wp\/v2\/posts\/61389","targetHints":{"allow":["GET"]}}],"collection":[{"href":"https:\/\/redsemlac.com\/semmexico\/wp-json\/wp\/v2\/posts"}],"about":[{"href":"https:\/\/redsemlac.com\/semmexico\/wp-json\/wp\/v2\/types\/post"}],"author":[{"embeddable":true,"href":"https:\/\/redsemlac.com\/semmexico\/wp-json\/wp\/v2\/users\/3"}],"replies":[{"embeddable":true,"href":"https:\/\/redsemlac.com\/semmexico\/wp-json\/wp\/v2\/comments?post=61389"}],"version-history":[{"count":0,"href":"https:\/\/redsemlac.com\/semmexico\/wp-json\/wp\/v2\/posts\/61389\/revisions"}],"wp:featuredmedia":[{"embeddable":true,"href":"https:\/\/redsemlac.com\/semmexico\/wp-json\/wp\/v2\/media\/61390"}],"wp:attachment":[{"href":"https:\/\/redsemlac.com\/semmexico\/wp-json\/wp\/v2\/media?parent=61389"}],"wp:term":[{"taxonomy":"category","embeddable":true,"href":"https:\/\/redsemlac.com\/semmexico\/wp-json\/wp\/v2\/categories?post=61389"},{"taxonomy":"post_tag","embeddable":true,"href":"https:\/\/redsemlac.com\/semmexico\/wp-json\/wp\/v2\/tags?post=61389"}],"curies":[{"name":"wp","href":"https:\/\/api.w.org\/{rel}","templated":true}]}}