{"id":61334,"date":"2023-01-12T15:57:50","date_gmt":"2023-01-12T21:57:50","guid":{"rendered":"https:\/\/redsemlac.com\/semmexico\/?p=61334"},"modified":"2023-01-12T15:57:52","modified_gmt":"2023-01-12T21:57:52","slug":"exige-diputada-a-homologas-no-ser-complices-y-defender-los-derechos-de-mujeres","status":"publish","type":"post","link":"https:\/\/redsemlac.com\/semmexico\/exige-diputada-a-homologas-no-ser-complices-y-defender-los-derechos-de-mujeres\/","title":{"rendered":"<strong>Exige diputada a homologas no ser \u201cc\u00f3mplices\u201d y defender los derechos de mujeres<\/strong>"},"content":{"rendered":"\n<ul class=\"wp-block-list\">\n<li><strong>En Oaxaca est\u00e1n paradas las iniciativas 3 de 3 y la de violencia vicaria, sin ninguna raz\u00f3n.<\/strong><\/li>\n\n\n\n<li><strong>Revela un caso concreto de \u201cprotecci\u00f3n a un deudor alimentario\u201d, funcionario del Congreso local.<\/strong><\/li>\n<\/ul>\n\n\n\n<p class=\"wp-block-paragraph\"><strong>Soledad Jarqu\u00edn Edgar<\/strong><\/p>\n\n\n\n<p class=\"wp-block-paragraph\">SemM\u00e9xico, Oaxaca, 12 de enero del 2023.- \u201cA no ser c\u00f3mplices\u201d llam\u00f3 la diputada morenista Concepci\u00f3n Rueda G\u00f3mez a sus compa\u00f1eras de bancada e integrantes del resto de las fracciones parlamentarias de la LXV Legislatura y cuestion\u00f3 el actuar del diputado Luis Alfonso Romo Silva, presidente de la JUCOPO, por obstaculizar la aprobaci\u00f3n de la ley 3 de 3 que beneficiar\u00eda dijo a mujeres, adolescentes e infancias.<\/p>\n\n\n\n<p class=\"wp-block-paragraph\">Luego de su intervenci\u00f3n en Pleno durante la sesi\u00f3n ordinaria, Rueda G\u00f3mez record\u00f3 que desde el 17 de agosto pasado present\u00f3 la iniciativa para la ley conocida como 3 de 3 en contra de la violencia de g\u00e9nero que busca erradicar la violencia contra ni\u00f1as, adolescentes y mujeres, que en los \u00faltimos a\u00f1os se ha incrementado de manera preocupante, sin embargo, est\u00e1 no ha sido dictaminada.<\/p>\n\n\n\n<p class=\"wp-block-paragraph\">En entrevista, explic\u00f3 a SemM\u00e9xico que, aunque el diputado Romo Silva asegure que ella \u201cpretende dejar sin trabajo a los hombres\u201d, lo cierto que no tiene esa intenci\u00f3n, \u201clos deudores alimentarios o violentadores pueden trabajar de lo que sea, pero no en la funci\u00f3n p\u00fablica, que es y sigue siendo un privilegio\u201d, se\u00f1al\u00f3.<\/p>\n\n\n\n<p class=\"wp-block-paragraph\"><strong>Al menos un caso documentado en la C\u00e1mara<\/strong><\/p>\n\n\n\n<p class=\"wp-block-paragraph\">Explic\u00f3 que desconoce las intenciones de Silva Romo de obstaculizar la aprobaci\u00f3n de la iniciativa presentada en agosto pasado por ella misma, sin embargo, ha encontrado al menos un caso relacionado con un funcionario del Congreso local C\u00e9sar Humberto \u201cN\u201d, deudor alimentario y violentador de la madre de su hijo, cuyo proceso jur\u00eddico est\u00e1 en total impunidad.<\/p>\n\n\n\n<p class=\"wp-block-paragraph\">Lo peor, a\u00f1ade la legisladora, es que desde el Congreso local se le encubre al falsear la informaci\u00f3n sobre sus ingresos como \u201cjefe de oficina\u201d nivel 15 en la Secretar\u00eda de Servicios Administrativos de la C\u00e1mara de Diputados.<\/p>\n\n\n\n<p class=\"wp-block-paragraph\">Al mostrar las pruebas documentales, la diputada Concepci\u00f3n Rueda G\u00f3mez mostr\u00f3 que ante el juzgado se reporta que gana 11 mil 300 pesos, con el fin de no otorgar la pensi\u00f3n alimenticia que le corresponde a su menor hijo, pero de acuerdo con datos del Centro de Atenci\u00f3n Virtual del INAI (CAVINAI), el funcionario y deudor alimenticio gana casi 30 mil pesos mensuales.<\/p>\n\n\n\n<p class=\"wp-block-paragraph\">\u201cEs decir, el Congreso del Estado miente para encubrir a un deudor alimentario y lo solapa, violenta a la madre y a su hijo\u201d.<\/p>\n\n\n\n<p class=\"wp-block-paragraph\">La ex diputada federal, senadora suplente y actual diputada local se\u00f1ala que la 3 de 3 evitar\u00eda que servidores p\u00fablicos como el se\u00f1or C\u00e9sar Humberto \u201cN\u201d y otros que seguramente existen, puedan trabajar en el sector p\u00fablico y recibir el apoyo complaciente del engranaje burocr\u00e1tico patriarcal.<\/p>\n\n\n\n<p class=\"wp-block-paragraph\">Tal y como lo explic\u00f3 en el pleno de la sesi\u00f3n ordinaria, la aprobaci\u00f3n de la ley 3 de 3 impedir\u00eda que se nombre como servidores p\u00fablicos a personas que hayan sido sancionadas, condenadas o vinculadas a proceso por violencia familia, agresi\u00f3n de g\u00e9nero en el \u00e1mbito p\u00fablico o privado, delitos sexuales o a la intimidad corporal, quienes est\u00e9n inscritos o tengan registro vigente como deudores alimentarios o tengan resoluci\u00f3n en contra.<\/p>\n\n\n\n<p class=\"wp-block-paragraph\">Durante su intervenci\u00f3n, pregunt\u00f3 a la Comisi\u00f3n Dictaminadora, pero de manera especial cuestion\u00f3 al exlegislador del PAN y ahora de Morena, y presidente de la Junta de Coordinaci\u00f3n Pol\u00edtica (JUCOPO), de la legislatura local si tienen alguna duda de los beneficios sociales, psicol\u00f3gicos o econ\u00f3micos que tendr\u00eda la aprobaci\u00f3n de esta ley para mujeres, adolescentes y ni\u00f1as.<\/p>\n\n\n\n<p class=\"wp-block-paragraph\">La legisladora fue incisiva y se\u00f1al\u00f3 que un d\u00eda antes Silva Romo hab\u00eda argumentado que la iniciativa \u201cno pod\u00eda pasar como ven\u00eda, que hab\u00eda que restaurarla y omitir la parte en donde se habla de hombres que no pagan pensi\u00f3n alimenticia, dado que existe una controversia en el Suprema Corte de Justicia de la Naci\u00f3n y en el Congreso de Yucat\u00e1n por la llamada ley 3 de 3\u201d.<\/p>\n\n\n\n<p class=\"wp-block-paragraph\">Sin embargo, apunt\u00f3, que esa controversia hab\u00eda sido resuelta de manera favorable a la ley 3 de 3 y para demostrarlo cit\u00f3 la publicaci\u00f3n que al respecto hizo el peri\u00f3dico La Jornada del 6 de octubre de 2022: \u201cLos deudores alimentarios no podr\u00e1n aspirar a un cargo p\u00fablico, resuelve la SCJN\u201d.<\/p>\n\n\n\n<p class=\"wp-block-paragraph\">\u201cNo existen m\u00e1s pretextos para la aprobaci\u00f3n de esta iniciativa\u201d, les dijo al tiempo de se\u00f1alar que es tan violento un hombre que golpea a una mujer como aquel que le niega el sustento econ\u00f3mico, protecci\u00f3n, atenci\u00f3n y amor a un menor abandonado.<\/p>\n\n\n\n<p class=\"wp-block-paragraph\">\u00bfCu\u00e1ntas y cu\u00e1ntos conocemos a un familiar, una amiga cercana o nosotras mismas nos hemos hecho cargo de la manutenci\u00f3n de nuestros hijos e hijas? Pregunt\u00f3 con un dejo de indignaci\u00f3n y record\u00f3 a su sobrina Claudia Jim\u00e9nez, v\u00edctima de violencia vicaria, \u201cotra ley que tienen guardada\u201d.<\/p>\n\n\n\n<p class=\"wp-block-paragraph\">Llam\u00f3 la atenci\u00f3n del presidente de la JUCOPO, quien desde su curul parec\u00eda distra\u00eddo: \u201c\u00a1Pon atenci\u00f3n Luis Alfonso (Romo Silva), la cobard\u00eda no le va ayudar en la presidencia de la JUCOPO! La \u00e9tica y la moral se replican del poder hacia abajo y no a la inversa, pedimos que este reclamo suceda desde el Congreso hacia las v\u00edctimas y no a la inversa, como sucede en este momento\u201d.<\/p>\n\n\n\n<p class=\"wp-block-paragraph\">Luego exculp\u00f3 a algunos hombres porque dijo que la 3 de 3 \u201cno tiene como objetivos a la totalidad de los hombres, sino para aquellos que pretenden ser funcionarios, ocupar cargos del servicio p\u00fablico y que hayan sido violentadores\u201d.<\/p>\n\n\n\n<p class=\"wp-block-paragraph\">\u201c\u00bfQu\u00e9 calidad moral y \u00e9tica puede tener un hombre que violenta y se olvida de su responsabilidad como padre? \u00bfC\u00f3mo puede estar un hombre al frente de estas funciones cuando no es capaz de ser honesto ni con su familia, ustedes consideran que lo ser\u00eda con la ciudadan\u00eda?\u201d<\/p>\n\n\n\n<p class=\"wp-block-paragraph\"><strong>Reclamo a las legisladoras<\/strong><\/p>\n\n\n\n<p class=\"wp-block-paragraph\">Concepci\u00f3n Rueda G\u00f3mez ocup\u00f3 los \u00faltimos segundos de su discurso de cinco minutos y 30 segundos para llamar la atenci\u00f3n de las legisladoras:<\/p>\n\n\n\n<p class=\"wp-block-paragraph\">\u201cHablamos mucho de un Congreso hist\u00f3rico, conformado en su mayor\u00eda de mujeres. \u00bfDe qu\u00e9 nos sirve tener una mesa directiva conformada por mujeres? \u00bfDe que nos ha servido a las mujeres y a las infancias si no hemos sido capaces de defenderlas? Las mujeres estamos ocupando espacios hist\u00f3ricamente negados, de incidencia, lo principal deber\u00eda ser la defensa de los derechos fundamentales\u201d.<\/p>\n\n\n\n<p class=\"wp-block-paragraph\">\u201cSomos una fracci\u00f3n t\u00edmida, temerosa y hasta cobarde. Les recuerdo que los derechos no se negocian, se defiende compa\u00f1eras diputadas, las invito a reflexionar a no seguir las pr\u00e1cticas violentas. Les recuerdo que la violencia nos atraviesa de manera diferente. A no ser c\u00f3mplices, hagamos historia, legislando por el bien de todas las mujeres y de la infancia de Oaxaca\u201d, puntualiz\u00f3.<\/p>\n\n\n\n<p class=\"wp-block-paragraph\">Por \u00faltimo, en la entrevista dijo que hay funcionarios p\u00fablicos y hasta legisladores que dicen actuar \u201ca nombre del gobernador Salom\u00f3n Jara Cruz, sin embargo, no es verdad. Lo he comprobado porque habl\u00e9 con sus colaboradores cercanos y s\u00e9 que nada tiene que ver con esas actitudes de proteger a los deudores alimentarios o violentadores\u201d.<\/p>\n\n\n\n<p class=\"wp-block-paragraph\">SEM\/sj\/MG<\/p>\n\n\n<div class=\"wp-block-image\">\n<figure class=\"alignleft size-full is-resized\"><a href=\"https:\/\/redsemlac.com\/semmexico\/wp-content\/uploads\/2023\/01\/dip-oax-03.png\"><img loading=\"lazy\" decoding=\"async\" src=\"https:\/\/redsemlac.com\/semmexico\/wp-content\/uploads\/2023\/01\/dip-oax-03.png\" alt=\"\" class=\"wp-image-61337\" width=\"469\" height=\"302\"\/><\/a><\/figure>\n<\/div>\n\n<div class=\"wp-block-image\">\n<figure class=\"alignright size-full is-resized\"><a href=\"https:\/\/redsemlac.com\/semmexico\/wp-content\/uploads\/2023\/01\/dip-oax-05.png\"><img loading=\"lazy\" decoding=\"async\" src=\"https:\/\/redsemlac.com\/semmexico\/wp-content\/uploads\/2023\/01\/dip-oax-05.png\" alt=\"\" class=\"wp-image-61338\" width=\"303\" height=\"302\"\/><\/a><\/figure>\n<\/div>\n\n<div class=\"wp-block-image\">\n<figure class=\"aligncenter size-full is-resized\"><a href=\"https:\/\/redsemlac.com\/semmexico\/wp-content\/uploads\/2023\/01\/dip-oax-04.png\"><img loading=\"lazy\" decoding=\"async\" src=\"https:\/\/redsemlac.com\/semmexico\/wp-content\/uploads\/2023\/01\/dip-oax-04.png\" alt=\"\" class=\"wp-image-61336\" width=\"374\" height=\"540\"\/><\/a><\/figure>\n<\/div>","protected":false},"excerpt":{"rendered":"<p>\u201cA no ser c\u00f3mplices\u201d llam\u00f3 la diputada morenista Concepci\u00f3n Rueda G\u00f3mez a sus compa\u00f1eras de bancada e integrantes del resto de las fracciones parlamentarias de la LXV Legislatura y cuestion\u00f3 el actuar del diputado Luis Alfonso Romo Silva<\/p>\n","protected":false},"author":3,"featured_media":61335,"comment_status":"open","ping_status":"open","sticky":false,"template":"","format":"standard","meta":{"_monsterinsights_skip_tracking":false,"footnotes":""},"categories":[50],"tags":[],"class_list":["post-61334","post","type-post","status-publish","format-standard","has-post-thumbnail","category-congreso"],"_links":{"self":[{"href":"https:\/\/redsemlac.com\/semmexico\/wp-json\/wp\/v2\/posts\/61334","targetHints":{"allow":["GET"]}}],"collection":[{"href":"https:\/\/redsemlac.com\/semmexico\/wp-json\/wp\/v2\/posts"}],"about":[{"href":"https:\/\/redsemlac.com\/semmexico\/wp-json\/wp\/v2\/types\/post"}],"author":[{"embeddable":true,"href":"https:\/\/redsemlac.com\/semmexico\/wp-json\/wp\/v2\/users\/3"}],"replies":[{"embeddable":true,"href":"https:\/\/redsemlac.com\/semmexico\/wp-json\/wp\/v2\/comments?post=61334"}],"version-history":[{"count":0,"href":"https:\/\/redsemlac.com\/semmexico\/wp-json\/wp\/v2\/posts\/61334\/revisions"}],"wp:featuredmedia":[{"embeddable":true,"href":"https:\/\/redsemlac.com\/semmexico\/wp-json\/wp\/v2\/media\/61335"}],"wp:attachment":[{"href":"https:\/\/redsemlac.com\/semmexico\/wp-json\/wp\/v2\/media?parent=61334"}],"wp:term":[{"taxonomy":"category","embeddable":true,"href":"https:\/\/redsemlac.com\/semmexico\/wp-json\/wp\/v2\/categories?post=61334"},{"taxonomy":"post_tag","embeddable":true,"href":"https:\/\/redsemlac.com\/semmexico\/wp-json\/wp\/v2\/tags?post=61334"}],"curies":[{"name":"wp","href":"https:\/\/api.w.org\/{rel}","templated":true}]}}