{"id":61331,"date":"2023-01-12T12:02:31","date_gmt":"2023-01-12T18:02:31","guid":{"rendered":"https:\/\/redsemlac.com\/semmexico\/?p=61331"},"modified":"2023-01-12T15:59:45","modified_gmt":"2023-01-12T21:59:45","slug":"jesus-pintor-alegre-periodista-secuestrado-por-el-crimen-organizado-exige-al-presidente-cambiar-de-estrategia-de-seguridad","status":"publish","type":"post","link":"https:\/\/redsemlac.com\/semmexico\/jesus-pintor-alegre-periodista-secuestrado-por-el-crimen-organizado-exige-al-presidente-cambiar-de-estrategia-de-seguridad\/","title":{"rendered":"<strong>Jes\u00fas Pintor Alegre, periodista secuestrado por el crimen organizado, exige al Presidente cambiar de estrategia de seguridad<\/strong>"},"content":{"rendered":"\n<ul class=\"wp-block-list\">\n<li><strong>En Guerrero, en los \u00faltimos 20 a\u00f1os han sido asesinados\/as al menos 21 periodistas, adem\u00e1s de que hay desplazamiento forzado de compa\u00f1eros\/compa\u00f1eras en las regiones Norte, Costa Grande, Tierra Caliente y en la Monta\u00f1a.<\/strong><\/li>\n<\/ul>\n\n\n\n<p class=\"wp-block-paragraph\"><strong>Micaela M\u00e1rquez<\/strong><\/p>\n\n\n\n<p class=\"wp-block-paragraph\">SemM\u00e9xico, Ciudad de M\u00e9xico, 12 de enero del 2023.- Jes\u00fas Pintor Alegre, uno de los tres periodistas de Guerrero secuestrados desde el pasado mes de diciembre y liberados este 11 de enero, exigi\u00f3 al presidente Andr\u00e9s Manuel L\u00f3pez Obrador cambiar la estrategia de seguridad porque \u201cLos abrazos no balazos\u201d no funciona y la poblaci\u00f3n vive en una \u201cbarbarie\u201d, totalmente desprotegidos.<\/p>\n\n\n\n<p class=\"wp-block-paragraph\">En entrevista con Radio F\u00f3rmula, el periodista se\u00f1al\u00f3 que fue secuestrado la ma\u00f1ana del 27 de diciembre por unos sujetos que los vendaron y los subieron a un veh\u00edculo, fue llevado a un lugar que desconoc\u00eda donde fue cuestionado y se\u00f1alado por ser administrador del portal de noticias&nbsp;\u201cEscenario Calentano\u201d.<\/p>\n\n\n\n<p class=\"wp-block-paragraph\">Los liberan sin mayores explicaciones junto con Fernando Moreno&nbsp;cerca del r\u00edo Cuirio que se encuentra en Coyuya de Catal\u00e1n. La liberaci\u00f3n se da un d\u00eda despu\u00e9s de que las y los reporteros del Estado de Guerrero en una carta abierta a los titulares del gobierno federal, estatal, procuradur\u00eda de Justica y Comisi\u00f3n de Derechos Humanos, Nacional y Estatal exigen las acciones para localizar a los periodistas Jes\u00fas Pintor Alegre y de los administradores del portal Escenario Calentano, Fernando Moreno Villegas y Alan Garc\u00eda Aguilar, de quienes desconoce su paradero desde el 26 y 27 de diciembre.<\/p>\n\n\n\n<p class=\"wp-block-paragraph\">La preocupaci\u00f3n era recuperarlos con vida, ya que en el comunicado se\u00f1alan que en Guerrero, de acuerdo con registros de la delegaci\u00f3n 17 del Sindicato Nacional de Redactores de la Prensa (SNRP), en los \u00faltimos 20 a\u00f1os han sido asesinados al menos 21 periodistas, adem\u00e1s de que hay desplazamiento forzado de compa\u00f1eros\/compa\u00f1eras en las regiones Norte, Costa Grande, Tierra Caliente y en la Monta\u00f1a.<\/p>\n\n\n\n<p class=\"wp-block-paragraph\">El 7 de enero pasado, los editores del referido portal fueron exhibidos en un video de 41 segundos, en el que aparecen encadenados de pies y manos, sentados y descalzos Fernando Moreno Villegas y Alan Garc\u00eda Aguilar. Admiten que fueron privados de la libertad por publicar informaci\u00f3n en contra de personas presuntamente relacionadas con el crimen organizado. En dicho video no aparece Jes\u00fas Pintor Alegre.<\/p>\n\n\n\n<p class=\"wp-block-paragraph\">Se manifest\u00f3 la preocupaci\u00f3n del gremio y familiares que guardaron silencio para abonar a que pronto regresaran a sus domicilios.<\/p>\n\n\n\n<p class=\"wp-block-paragraph\">SEM\/MG<\/p>\n","protected":false},"excerpt":{"rendered":"<p>Jes\u00fas Pintor Alegre, uno de los tres periodistas de Guerrero secuestrados desde el pasado mes de diciembre y liberados este 11 de enero, exigi\u00f3 al presidente Andr\u00e9s Manuel L\u00f3pez Obrador cambiar la estrategia de seguridad<\/p>\n","protected":false},"author":3,"featured_media":61332,"comment_status":"open","ping_status":"open","sticky":false,"template":"","format":"standard","meta":{"_monsterinsights_skip_tracking":false,"footnotes":""},"categories":[50],"tags":[],"class_list":["post-61331","post","type-post","status-publish","format-standard","has-post-thumbnail","category-congreso"],"_links":{"self":[{"href":"https:\/\/redsemlac.com\/semmexico\/wp-json\/wp\/v2\/posts\/61331","targetHints":{"allow":["GET"]}}],"collection":[{"href":"https:\/\/redsemlac.com\/semmexico\/wp-json\/wp\/v2\/posts"}],"about":[{"href":"https:\/\/redsemlac.com\/semmexico\/wp-json\/wp\/v2\/types\/post"}],"author":[{"embeddable":true,"href":"https:\/\/redsemlac.com\/semmexico\/wp-json\/wp\/v2\/users\/3"}],"replies":[{"embeddable":true,"href":"https:\/\/redsemlac.com\/semmexico\/wp-json\/wp\/v2\/comments?post=61331"}],"version-history":[{"count":0,"href":"https:\/\/redsemlac.com\/semmexico\/wp-json\/wp\/v2\/posts\/61331\/revisions"}],"wp:featuredmedia":[{"embeddable":true,"href":"https:\/\/redsemlac.com\/semmexico\/wp-json\/wp\/v2\/media\/61332"}],"wp:attachment":[{"href":"https:\/\/redsemlac.com\/semmexico\/wp-json\/wp\/v2\/media?parent=61331"}],"wp:term":[{"taxonomy":"category","embeddable":true,"href":"https:\/\/redsemlac.com\/semmexico\/wp-json\/wp\/v2\/categories?post=61331"},{"taxonomy":"post_tag","embeddable":true,"href":"https:\/\/redsemlac.com\/semmexico\/wp-json\/wp\/v2\/tags?post=61331"}],"curies":[{"name":"wp","href":"https:\/\/api.w.org\/{rel}","templated":true}]}}