{"id":61317,"date":"2023-01-12T10:51:23","date_gmt":"2023-01-12T16:51:23","guid":{"rendered":"https:\/\/redsemlac.com\/semmexico\/?p=61317"},"modified":"2023-01-12T10:51:25","modified_gmt":"2023-01-12T16:51:25","slug":"ultima-hora-fueron-localizados-dos-periodistas","status":"publish","type":"post","link":"https:\/\/redsemlac.com\/semmexico\/ultima-hora-fueron-localizados-dos-periodistas\/","title":{"rendered":"<strong>\u00a1\u00daltima hora! \u2013 Fueron localizados dos periodistas<\/strong>"},"content":{"rendered":"\n<ul class=\"wp-block-list\">\n<li><strong>Jes\u00fas Pintor Alegre y Fernando Moreno Villegas, fueron localizados con vida.<\/strong><\/li>\n<\/ul>\n\n\n\n<p class=\"wp-block-paragraph\"><strong>Redacci\u00f3n<\/strong><\/p>\n\n\n\n<p class=\"wp-block-paragraph\">SemM\u00e9xico\/Ceprovysa, Guerrero, 12 de enero del 2023.- De acuerdo a la Fiscal\u00eda General del Estado ambos fueron localizados, alrededor de las 03:30 de la madrugada, sobre el r\u00edo Cuirio, en Coyuca de Catal\u00e1n, en la regi\u00f3n de la Tierra Caliente de Guerrero.<\/p>\n\n\n\n<p class=\"wp-block-paragraph\">La FGE se\u00f1ala que sigue en la b\u00fasqueda de Alan Garc\u00eda Aguilar.<\/p>\n\n\n\n<p class=\"wp-block-paragraph\">SEM\/MG<\/p>\n","protected":false},"excerpt":{"rendered":"<p>Jes\u00fas Pintor Alegre y Fernando Moreno Villegas, fueron localizados con vida.<\/p>\n","protected":false},"author":3,"featured_media":61318,"comment_status":"open","ping_status":"open","sticky":false,"template":"","format":"standard","meta":{"_monsterinsights_skip_tracking":false,"footnotes":""},"categories":[55],"tags":[],"class_list":["post-61317","post","type-post","status-publish","format-standard","has-post-thumbnail","category-periodistas"],"_links":{"self":[{"href":"https:\/\/redsemlac.com\/semmexico\/wp-json\/wp\/v2\/posts\/61317","targetHints":{"allow":["GET"]}}],"collection":[{"href":"https:\/\/redsemlac.com\/semmexico\/wp-json\/wp\/v2\/posts"}],"about":[{"href":"https:\/\/redsemlac.com\/semmexico\/wp-json\/wp\/v2\/types\/post"}],"author":[{"embeddable":true,"href":"https:\/\/redsemlac.com\/semmexico\/wp-json\/wp\/v2\/users\/3"}],"replies":[{"embeddable":true,"href":"https:\/\/redsemlac.com\/semmexico\/wp-json\/wp\/v2\/comments?post=61317"}],"version-history":[{"count":0,"href":"https:\/\/redsemlac.com\/semmexico\/wp-json\/wp\/v2\/posts\/61317\/revisions"}],"wp:featuredmedia":[{"embeddable":true,"href":"https:\/\/redsemlac.com\/semmexico\/wp-json\/wp\/v2\/media\/61318"}],"wp:attachment":[{"href":"https:\/\/redsemlac.com\/semmexico\/wp-json\/wp\/v2\/media?parent=61317"}],"wp:term":[{"taxonomy":"category","embeddable":true,"href":"https:\/\/redsemlac.com\/semmexico\/wp-json\/wp\/v2\/categories?post=61317"},{"taxonomy":"post_tag","embeddable":true,"href":"https:\/\/redsemlac.com\/semmexico\/wp-json\/wp\/v2\/tags?post=61317"}],"curies":[{"name":"wp","href":"https:\/\/api.w.org\/{rel}","templated":true}]}}