{"id":61138,"date":"2023-01-07T14:08:14","date_gmt":"2023-01-07T20:08:14","guid":{"rendered":"https:\/\/redsemlac.com\/semmexico\/?p=61138"},"modified":"2023-01-07T14:08:16","modified_gmt":"2023-01-07T20:08:16","slug":"la-inminente-reforma-electoral-abre-incertidumbre-y-desafios-a-la-democracia-que-pasa-por-la-lectura-advierte-lorenzo-cordova-vianello","status":"publish","type":"post","link":"https:\/\/redsemlac.com\/semmexico\/la-inminente-reforma-electoral-abre-incertidumbre-y-desafios-a-la-democracia-que-pasa-por-la-lectura-advierte-lorenzo-cordova-vianello\/","title":{"rendered":"La inminente reforma electoral abre incertidumbre y desaf\u00edos a la democracia, que pasa por la lectura, advierte Lorenzo C\u00f3rdova Vianello"},"content":{"rendered":"\n<p class=\"wp-block-paragraph\">Seg\u00fan INEGI, las mujeres leen s\u00f3lo 3.7 libros al a\u00f1o y a\u00fan de niveles de educaci\u00f3n superior no se lee en M\u00e9xico m\u00e1s de 40 minutos al d\u00eda<\/p>\n\n\n\n<p class=\"wp-block-paragraph\">Convenio de colaboraci\u00f3n entre el INE y la C\u00e1mara Nacional de la Industria Editorial Mexicana, leer ayuda a identificar que esa reforma revive mecanismos de un sistema autoritario<\/p>\n\n\n\n<p class=\"wp-block-paragraph\">Elda Montiel<\/p>\n\n\n\n<p class=\"wp-block-paragraph\">SemM\u00e9xico, Ciudad de M\u00e9xico, 7 de enero de 2023.- En la firma del Convenio de colaboraci\u00f3n entre el INE y la C\u00e1mara Nacional de la Industria Editorial Mexicana (CANIEM), el primer evento p\u00fablico del a\u00f1o en el INE, el consejero presidente Lorenzo C\u00f3rdova Vianello destac\u00f3 la importancia de la lectura y el conocimiento como bases fundamentales para construir una cultura democr\u00e1tica.<\/p>\n\n\n\n<p class=\"wp-block-paragraph\">Destac\u00f3 la importancia del convenio como una estrategia de alianzas para proteger la democracia al referir que 2023 representa una a\u00f1o de incertidumbre y desaf\u00edo para la democracia en nuestro pa\u00eds, por la inminente reforma electoral, algunas modificaciones ya en curso, y que \u201cno estar\u00edamos en esta encrucijada\u201d si las y los legisladores hubieran asumido la responsabilidad de Estado y hubieran revisado los m\u00faltiples logros de los 30 a\u00f1os de procedimientos electorales que han garantizado el ejercicio del voto libre, la paz p\u00fablica al termino de las elecciones y que la&nbsp; alternancia se haya convertido en una posibilidad real en manos de las y los votantes.<\/p>\n\n\n\n<p class=\"wp-block-paragraph\">Es convenio reviste la mayor importancia porque de acuerdo al Instituto Nacional de Estad\u00edstica y Geograf\u00eda (INEGI) presenta los resultados del M\u00f3dulo Lectura (MOLEC) 2022, revel\u00f3 que la poblaci\u00f3n mexicana s\u00f3lo lee 3.9 libros cada a\u00f1o.<\/p>\n\n\n\n<p class=\"wp-block-paragraph\">Esta exploraci\u00f3n estad\u00edstica se\u00f1ala que el 71.8% de la poblaci\u00f3n alfabeta de 18 y m\u00e1s a\u00f1os declar\u00f3 leer alguno de los materiales considerados por el M\u00f3dulo sobre Lectura (MOLEC): libros, revistas, peri\u00f3dicos, historietas y p\u00e1ginas de Internet, foros o blogs.<\/p>\n\n\n\n<p class=\"wp-block-paragraph\">En 2022 el promedio de libros le\u00eddos por la poblaci\u00f3n fue de 3.9, lo que, sin embargo, es el dato m\u00e1s alto registrado desde 2016. Por sexo, los hombres declararon haber le\u00eddo 4.2 libros en el \u00faltimo a\u00f1o, mientras que las mujeres leyeron 3.7 libros. En promedio, la sesi\u00f3n de lectura para la poblaci\u00f3n sin educaci\u00f3n b\u00e1sica terminada fue de 32 minutos; la poblaci\u00f3n con educaci\u00f3n b\u00e1sica terminada o alg\u00fan grado de educaci\u00f3n media destin\u00f3 en promedio 38 minutos, y para quienes tienen al menos un grado de educaci\u00f3n superior alcanzaron los 48 minutos. Sobre MOLEC 2022 se inform\u00f3 desde abril pasado, tiene como generar informaci\u00f3n estad\u00edstica sobre el comportamiento lector de la poblaci\u00f3n mexicana y proporcionar datos \u00fatiles sobre las caracter\u00edsticas de la lectura de la poblaci\u00f3n adulta en el pa\u00eds y proporcionar elementos para fomentarla.<\/p>\n\n\n\n<p class=\"wp-block-paragraph\">.<\/p>\n\n\n\n<p class=\"wp-block-paragraph\">Dirigido al Congreso<\/p>\n\n\n\n<p class=\"wp-block-paragraph\">En clara alusi\u00f3n a las y los legisladores llamo la atenci\u00f3n de lecturas como herramientas conceptuales que fortalecen reg\u00edmenes democr\u00e1ticos sobre los factores que debilitan a la democracia o conductas que tipifican y favorecen el surgimiento de reg\u00edmenes autoritarios.\u201d Lecturas que podr\u00edan haber ayudado a evitar tomar decisiones que atentan contra la democracia, o asumir, si fuera el caso, que se est\u00e1 legislando para revivir los mecanismos de un sistema autoritario que dejamos atr\u00e1s\u201d.&nbsp;<\/p>\n\n\n\n<p class=\"wp-block-paragraph\">Se\u00f1al\u00f3 que para quienes han estudiado las modificaciones aprobadas en dicha reforma electoral, es evidente que nos enfrentamos a la primera reforma de car\u00e1cter regresivo, antidemocr\u00e1tico, desde que inici\u00f3 la transici\u00f3n pol\u00edtica en nuestro pa\u00eds.&nbsp;<\/p>\n\n\n\n<p class=\"wp-block-paragraph\">Advirti\u00f3 que tales reformas, las que est\u00e1n en curso de aprobaci\u00f3n, unas ya se aprobaron y ya se publicaron, permiten la propaganda gubernamental en procesos electorales. Las afectaciones a la estructura administrativa del INE y de los Organismos P\u00fablicos Locales Electorales, reducen injustificadamente el personal del Servicio Profesional. Toda democracia se centra en una burocracia profesional y especializada y toda puesta por dinamitar una burocracia personal y especializada, es una apuesta por una regresi\u00f3n, porque se apuesta la lealtad y no la t\u00e9cnica.&nbsp;<\/p>\n\n\n\n<p class=\"wp-block-paragraph\">La \u00fanica lealtad que tienen los \u00f3rganos electorales y que tiene el personal del Instituto Nacional Electoral, es con la ciudadan\u00eda no con un partido ni con ning\u00fan gobierno.&nbsp;<\/p>\n\n\n\n<p class=\"wp-block-paragraph\">Asegur\u00f3 que el INE emplear\u00e1 todos los recursos jur\u00eddicos que el marco normativo mexicano ofrece para evidenciar el car\u00e1cter inconstitucional de muchas de esas modificaciones, mostrar su potencial afectaci\u00f3n a la equidad en la contienda electoral en clave democr\u00e1tica del pa\u00eds y defender a un cuerpo de profesionales quienes integran al Instituto Nacional Electoral, que son los garantes de que haya elecciones libres, aut\u00e9nticas y equitativas en M\u00e9xico.<\/p>\n\n\n\n<p class=\"wp-block-paragraph\">El presidente del INE se dijo convencido del poder civilizatorio de la palabra escrita y de la contribuci\u00f3n de la lectura para el ejercicio de los derechos y para el beneficio de la convivencia en comunidad.&nbsp;\u201cCon este convenio, dijo, generaremos sinergias para fomentar la lectura de temas vinculados con la democracia, las elecciones, la cultura c\u00edvica y la participaci\u00f3n ciudadana, tanto en medios impresos como en medios digitales\u201d.<\/p>\n\n\n\n<p class=\"wp-block-paragraph\">La estrategia del INE debe interesar a todas y todos: CANIEM<\/p>\n\n\n\n<p class=\"wp-block-paragraph\">El Presidente de la CANIEM, Hugo Andreas Setzer Letsche, subray\u00f3 que la Estrategia Nacional de Cultura C\u00edvica propuesta por el INE debe interesar a todas y todos. \u201cUna sociedad que lee es una sociedad viva participante, democr\u00e1tica. Nos interesa contribuir a la consolidaci\u00f3n de una convivencia social basada en los principios del respeto y la tolerancia que celebre la inclusi\u00f3n, la diversidad y la participaci\u00f3n ciudadana\u201d.<\/p>\n\n\n\n<p class=\"wp-block-paragraph\">Record\u00f3 que como parte de la generaci\u00f3n que vivi\u00f3 todav\u00eda un M\u00e9xico en el que conoc\u00edamos el resultado de las elecciones antes de que \u00e9stas se realizaran. Hoy nos parece de lo m\u00e1s normal contar con procesos electorales transparentes, pero no siempre fue as\u00ed; el llegar hasta aqu\u00ed se debe al esfuerzo, la perseverancia y la inteligencia de muchas personas que llevaron a cabo a lo largo de varios a\u00f1os, tuvo una lucha social por mejorar nuestro sistema democr\u00e1tico.<\/p>\n\n\n\n<p class=\"wp-block-paragraph\">Como primer paso de esta colaboraci\u00f3n, detall\u00f3, ser\u00e1 llevar la producci\u00f3n editorial del INE a la Feria del Libro Infantil y Juvenil, la m\u00e1s importante a nivel internacional en Bolonia, Italia, a fin de mostrar al mundo todo lo que se est\u00e1 haciendo en el pa\u00eds en cuanto a promoci\u00f3n de una cultura c\u00edvica.<\/p>\n\n\n\n<p class=\"wp-block-paragraph\">Educaci\u00f3n c\u00edvica para quienes quieren estar al margen de la ley: Claudia Zavala<\/p>\n\n\n\n<p class=\"wp-block-paragraph\">La consejera Claudia Zavala P\u00e9rez, integrante de la Comisi\u00f3n de Capacitaci\u00f3n Electoral y Educaci\u00f3n C\u00edvica, destac\u00f3 la importancia que reviste la educaci\u00f3n c\u00edvica, sobre todo en estos tiempos de polarizaci\u00f3n pol\u00edtica donde hay una amplia circulaci\u00f3n de informaci\u00f3n falsa, informaci\u00f3n parcial, o tendenciosa.<\/p>\n\n\n\n<p class=\"wp-block-paragraph\">Tambi\u00e9n tenemos un espacio p\u00fablico con muchas amenazas en la seguridad. Tenemos expresiones o posturas de un abierto desaf\u00edo al Estado de Derecho, a las leyes, a las normas que nos hemos dado para nuestra paz social. Tenemos actores que buscan la normalizaci\u00f3n de conductas ilegales al margen de la ley y al amparo de una autoridad o una supuesta autoridad moral que quiere un cambio al margen de la ley, al margen del Estado de Derecho.<\/p>\n\n\n\n<p class=\"wp-block-paragraph\">La consejera electoral destac\u00f3 que hay fortalecer la cultura c\u00edvica y democr\u00e1tica para hacer ejercer nuestros derechos, sobre todo los derechos pol\u00edtico electorales, que tenemos ese derecho de elegir a nuestros representantes y a nuestros gobernantes, en condiciones aut\u00e9nticas, libres, sin manipulaci\u00f3n. Y para esto, estamos tambi\u00e9n que generar la consciencia de que tenemos deberes y que tenemos que cumplir ciertas obligaciones.<\/p>\n\n\n\n<p class=\"wp-block-paragraph\">Consider\u00f3 que \u201cno hay nada que ayude m\u00e1s a equilibrar el poder pol\u00edtico y a los poderes f\u00e1cticos, que una ciudadan\u00eda que conozca, que ejerza, que exija sus derechos y que se responsabilice de sus obligaciones\u201d.<\/p>\n\n\n\n<p class=\"wp-block-paragraph\">El consejero Mar\u00edn Faz Mora como actual presidente del Comit\u00e9 Editorial reiter\u00f3 el compromiso de continuar con una l\u00ednea editorial de los m\u00e1s altos est\u00e1ndares en divulgaci\u00f3n de la cultura democr\u00e1tica \u201cen cualquiera de los contextos que el Instituto deber\u00e1 enfrentar en los tiempos venideros\u201d<\/p>\n\n\n\n<p class=\"wp-block-paragraph\">El director ejecutivo de Capacitaci\u00f3n Electoral y Educaci\u00f3n C\u00edvica del INE, Roberto Heycher Cardiel Soto, explic\u00f3 que \u201ceste convenio permitir\u00e1 difundir el acervo editorial del INE, como el contenido de la Colecci\u00f3n \u00c1rbol en espa\u00f1ol, en ingl\u00e9s, en lenguas ind\u00edgenas mexicanas, incluso m\u00e1s all\u00e1 de nuestras fronteras\u201d.<\/p>\n\n\n\n<p class=\"wp-block-paragraph\">Entre las acciones est\u00e1n el intercambio de conocimientos y experiencias para la realizaci\u00f3n de actividades que contribuyan al desarrollo, promoci\u00f3n y difusi\u00f3n de la cultura pol\u00edtica democr\u00e1tica, educaci\u00f3n c\u00edvica y el trabajo editorial.<\/p>\n\n\n\n<p class=\"wp-block-paragraph\">Apoyar en la participaci\u00f3n de eventos, congresos, seminarios, conferencias, paneles, ferias de libro, mesas redondas, foros, espacios para la reflexi\u00f3n, entre otras actividades.<\/p>\n\n\n\n<p class=\"wp-block-paragraph\">Acompa\u00f1aron la firma del convenio la consejera Norma De la Cruz Maga\u00f1a y el Director General de la C\u00e1mara Nacional de la Industria Editorial Mexicana, Antonio Rafael Alonso Gonz\u00e1lez.<\/p>\n","protected":false},"excerpt":{"rendered":"<p>Lorenzo C\u00f3rdova Vianello destac\u00f3 la importancia de la lectura y el conocimiento como bases fundamentales para construir una cultura democr\u00e1tica.<\/p>\n","protected":false},"author":3,"featured_media":61139,"comment_status":"open","ping_status":"open","sticky":false,"template":"","format":"standard","meta":{"_monsterinsights_skip_tracking":false,"footnotes":""},"categories":[50],"tags":[],"class_list":["post-61138","post","type-post","status-publish","format-standard","has-post-thumbnail","category-congreso"],"_links":{"self":[{"href":"https:\/\/redsemlac.com\/semmexico\/wp-json\/wp\/v2\/posts\/61138","targetHints":{"allow":["GET"]}}],"collection":[{"href":"https:\/\/redsemlac.com\/semmexico\/wp-json\/wp\/v2\/posts"}],"about":[{"href":"https:\/\/redsemlac.com\/semmexico\/wp-json\/wp\/v2\/types\/post"}],"author":[{"embeddable":true,"href":"https:\/\/redsemlac.com\/semmexico\/wp-json\/wp\/v2\/users\/3"}],"replies":[{"embeddable":true,"href":"https:\/\/redsemlac.com\/semmexico\/wp-json\/wp\/v2\/comments?post=61138"}],"version-history":[{"count":0,"href":"https:\/\/redsemlac.com\/semmexico\/wp-json\/wp\/v2\/posts\/61138\/revisions"}],"wp:featuredmedia":[{"embeddable":true,"href":"https:\/\/redsemlac.com\/semmexico\/wp-json\/wp\/v2\/media\/61139"}],"wp:attachment":[{"href":"https:\/\/redsemlac.com\/semmexico\/wp-json\/wp\/v2\/media?parent=61138"}],"wp:term":[{"taxonomy":"category","embeddable":true,"href":"https:\/\/redsemlac.com\/semmexico\/wp-json\/wp\/v2\/categories?post=61138"},{"taxonomy":"post_tag","embeddable":true,"href":"https:\/\/redsemlac.com\/semmexico\/wp-json\/wp\/v2\/tags?post=61138"}],"curies":[{"name":"wp","href":"https:\/\/api.w.org\/{rel}","templated":true}]}}