{"id":61135,"date":"2023-01-07T14:03:17","date_gmt":"2023-01-07T20:03:17","guid":{"rendered":"https:\/\/redsemlac.com\/semmexico\/?p=61135"},"modified":"2023-01-07T14:03:19","modified_gmt":"2023-01-07T20:03:19","slug":"nuevo-feminicidio-en-acapulco","status":"publish","type":"post","link":"https:\/\/redsemlac.com\/semmexico\/nuevo-feminicidio-en-acapulco\/","title":{"rendered":"Nuevo feminicidio en Acapulco"},"content":{"rendered":"\n<p class=\"wp-block-paragraph\">*Insta Evelyn Salgado a redoblar esfuerzos para mejorar la seguridad de los guerrerenses<\/p>\n\n\n\n<p class=\"wp-block-paragraph\">*Eval\u00faan resultados del Protocolo y Alerta \u201cVioleta\u201d que tiene una tasa de \u00e9xito superior al 90 por ciento, dicen<\/p>\n\n\n\n<p class=\"wp-block-paragraph\">N\u00e9stor Ortega Almeida Morales<\/p>\n\n\n\n<p class=\"wp-block-paragraph\">SemM\u00e9xico\/Agencia Ceprovysa, Acapulco, Guerrero, 7 de enero 2023.- Una mujer sin vida fue localizada en una calle de la colonia Salinas de Gortari de \u00e9ste puerto.<\/p>\n\n\n\n<p class=\"wp-block-paragraph\">Elementos de la Polic\u00eda Ministerial levantaron las diligencias se\u00f1alando que la mujer, de unos 45 a\u00f1os, no presentaba huellas de lesiones.<\/p>\n\n\n\n<p class=\"wp-block-paragraph\">El cuerpo de la v\u00edctima fue trasladado al SEMEFO de Acapulco, en calidad de desconocida.<\/p>\n\n\n\n<p class=\"wp-block-paragraph\">Se trata del quinto asesinato en una semana en Guerrero<\/p>\n\n\n\n<p class=\"wp-block-paragraph\">En tanto Insta Evelyn Salgado a redoblar esfuerzos para mejorar la seguridad de los guerrerenses, desde la D\u00e9cima Segunda Regi\u00f3n Naval de este puerto tur\u00edstico, la gobernadora encabez\u00f3 los trabajos de la Mesa de Coordinaci\u00f3n para la Construcci\u00f3n de la Paz, donde se evaluaron los temas prioritarios y las acciones enfocadas a reforzar la estrategia enfocada a mejorar las condiciones de seguridad en la entidad.<\/p>\n\n\n\n<p class=\"wp-block-paragraph\">En la reuni\u00f3n de trabajo, se dio seguimiento a los resultados del Protocolo Violeta que, a partir de su implementaci\u00f3n, se tiene una tasa de \u00e9xito, dice la informaci\u00f3n oficial, de m\u00e1s del 90 por ciento en las acciones de b\u00fasqueda de mujeres y ni\u00f1as reportadas como desaparecidas, logrando localizar a 159 de 170 personas bajo esta alerta, derivado de un trabajo conjunto de las instancias de gobierno, reconoci\u00f3 la mandataria estatal.<\/p>\n\n\n\n<p class=\"wp-block-paragraph\">La gobernadora Evelyn Salgado, a no bajar la guardia en las tareas de seguridad, prioritariamente en las zonas focalizadas de alta incidencia delictiva ante los \u00faltimos acontecimientos registrados en la entidad.<\/p>\n\n\n\n<p class=\"wp-block-paragraph\">En la sesi\u00f3n de la Mesa de Coordinaci\u00f3n para la Construcci\u00f3n de la Paz, se revisaron los operativos de atenci\u00f3n y auxilio en la red carretera estatal y federal para garantizar el regreso seguro de los turistas a sus lugares de origen al concluir con \u00e9xito la temporada vacacional de invierno.<\/p>\n","protected":false},"excerpt":{"rendered":"<p>Una mujer sin vida fue localizada en una calle de la colonia Salinas de Gortari de \u00e9ste puerto.<\/p>\n","protected":false},"author":3,"featured_media":61136,"comment_status":"open","ping_status":"open","sticky":false,"template":"","format":"standard","meta":{"_monsterinsights_skip_tracking":false,"footnotes":""},"categories":[48],"tags":[],"class_list":["post-61135","post","type-post","status-publish","format-standard","has-post-thumbnail","category-no-mas-impunidad-no-mas-impunidad"],"_links":{"self":[{"href":"https:\/\/redsemlac.com\/semmexico\/wp-json\/wp\/v2\/posts\/61135","targetHints":{"allow":["GET"]}}],"collection":[{"href":"https:\/\/redsemlac.com\/semmexico\/wp-json\/wp\/v2\/posts"}],"about":[{"href":"https:\/\/redsemlac.com\/semmexico\/wp-json\/wp\/v2\/types\/post"}],"author":[{"embeddable":true,"href":"https:\/\/redsemlac.com\/semmexico\/wp-json\/wp\/v2\/users\/3"}],"replies":[{"embeddable":true,"href":"https:\/\/redsemlac.com\/semmexico\/wp-json\/wp\/v2\/comments?post=61135"}],"version-history":[{"count":0,"href":"https:\/\/redsemlac.com\/semmexico\/wp-json\/wp\/v2\/posts\/61135\/revisions"}],"wp:featuredmedia":[{"embeddable":true,"href":"https:\/\/redsemlac.com\/semmexico\/wp-json\/wp\/v2\/media\/61136"}],"wp:attachment":[{"href":"https:\/\/redsemlac.com\/semmexico\/wp-json\/wp\/v2\/media?parent=61135"}],"wp:term":[{"taxonomy":"category","embeddable":true,"href":"https:\/\/redsemlac.com\/semmexico\/wp-json\/wp\/v2\/categories?post=61135"},{"taxonomy":"post_tag","embeddable":true,"href":"https:\/\/redsemlac.com\/semmexico\/wp-json\/wp\/v2\/tags?post=61135"}],"curies":[{"name":"wp","href":"https:\/\/api.w.org\/{rel}","templated":true}]}}