{"id":61086,"date":"2023-01-04T17:26:18","date_gmt":"2023-01-04T23:26:18","guid":{"rendered":"https:\/\/redsemlac.com\/semmexico\/?p=61086"},"modified":"2023-01-04T17:26:20","modified_gmt":"2023-01-04T23:26:20","slug":"que-se-oiga-fuerte-y-claro-mi-hija-no-se-suicido-la-asesinaron-dice-papa-de-abigail","status":"publish","type":"post","link":"https:\/\/redsemlac.com\/semmexico\/que-se-oiga-fuerte-y-claro-mi-hija-no-se-suicido-la-asesinaron-dice-papa-de-abigail\/","title":{"rendered":"\u00a1Que se oiga fuerte y claro, mi hija no se suicid\u00f3, la asesinaron!, dice pap\u00e1 de Abigail"},"content":{"rendered":"\n<ul class=\"wp-block-list\">\n<li><strong>Denuncian red de complicidades orquestadas por el presidente municipal de Salina Cruz.<\/strong><\/li>\n\n\n\n<li><strong>Consorcio Oaxaca recrimin\u00f3 la clara omisi\u00f3n en la actuaci\u00f3n que las autoridades que intervinieron en el caso.<\/strong><\/li>\n<\/ul>\n\n\n\n<p class=\"wp-block-paragraph\"><strong>Soledad Jarqu\u00edn Edgar<\/strong><\/p>\n\n\n\n<p class=\"wp-block-paragraph\">SemM\u00e9xico, Oaxaca, 4 de enero del 2023.- Jos\u00e9 Luis Hay, padre de Flor Abigail, cuyo cuerpo fue encontrado sin vida en los separos de la polic\u00eda municipal de Salina Cruz, Oaxaca, pidi\u00f3 al momento de exigir justicia para su hija, que sus dichos se oigan fuerte y en todos lados, porque sigue la impunidad; las medidas cautelares para dos de las cinco personas detenidas cambiaron, hoy est\u00e1n en libertad \u201cy se burlan de m\u00ed y de mi hija asesinada, porque ella no se suicid\u00f3\u201d.<\/p>\n\n\n\n<p class=\"wp-block-paragraph\">\u201cNo tengo un acta de matrimonio, pero todo Salina Cruz comenta, que la impunidad y la defensa que le hacen a las personas involucradas en el crimen de mi hija se debe a la relaci\u00f3n sentimental que existe entre el presidente de ese municipio -Daniel M\u00e9ndez Sosa- y el juez calificador Joel Hern\u00e1ndez, quien fue puesto en libertad en diciembre pasado, gracias a una medida cautelar\u201d, apunta en conferencia de prensa.<\/p>\n\n\n\n<p class=\"wp-block-paragraph\">Agreg\u00f3 que el presidente municipal buscaba la manera de liberar al juez calificador y pag\u00f3 con dinero p\u00fablico a los abogados para que lo defendieran, como tampoco lo separ\u00f3 del cargo y asegur\u00f3 que en la b\u00fasqueda de la libertad del juez, busc\u00f3 al gobernador Salom\u00f3n Jara, aunque reconoci\u00f3 que no tiene claro qu\u00e9 platicaron, sin embargo, el d\u00eda de la audiencia, el juez del caso cantinfleo y le dio la libertad, porque asegur\u00f3 que no hab\u00eda ning\u00fan peligro para \u00e9l ni su familia y que no se escapar\u00eda.<\/p>\n\n\n\n<p class=\"wp-block-paragraph\">\u201c\u00bfAhora qu\u00e9 pas\u00f3? Ya los dejaron libres, ya les dieron puestos, se est\u00e1n burlando del pueblo, de mi hija Abigail, de nosotros\u201d, reiter\u00f3 Jos\u00e9 Luis Hay, quien antes explic\u00f3 que ante el temor de sufrir un atentado en su contra tuvo que salir de Salina Cruz para vivir fuera de Oaxaca.<\/p>\n\n\n<div class=\"wp-block-image\">\n<figure class=\"aligncenter size-full\"><a href=\"https:\/\/redsemlac.com\/semmexico\/wp-content\/uploads\/2023\/01\/oaxac-1.jpg\"><img loading=\"lazy\" decoding=\"async\" width=\"660\" height=\"495\" src=\"https:\/\/redsemlac.com\/semmexico\/wp-content\/uploads\/2023\/01\/oaxac-1.jpg\" alt=\"\" class=\"wp-image-61087\"\/><\/a><\/figure>\n<\/div>\n\n\n<p class=\"wp-block-paragraph\">Acompa\u00f1ado de la codirectora de Consorcio Oaxaca, Yesica S\u00e1nchez Maya, del equipo legal de esa organizaci\u00f3n, de Margarita Hay, hermana de Abigail Hay Urrutia, Jos\u00e9 Luis Hay record\u00f3 que el 19 de agosto pasado su hija fue detenida por polic\u00edas municipales por una presunta falta administrativa, se la llevaron y la encerraron en los separos, y horas m\u00e1s tarde se enter\u00f3 que su hija estaba muerta \u201csupuestamente se hab\u00eda suicidado\u201d.&nbsp;<\/p>\n\n\n\n<p class=\"wp-block-paragraph\">\u201cA mi hija la mataron, mi hija no se suicid\u00f3, que lo oigan bien, que entiendan, mi hija era delgadita, fr\u00e1gil; la ten\u00eda una mujer (polic\u00eda) que tiene unos brazos muy fuertes, la agarr\u00f3, le pas\u00f3 la mano por la garganta y mi hija suplicaba que la soltaran, \u00bfpor qu\u00e9 no la soltaron?\u201d, dice en referencia a un video que se dio a conocer d\u00edas despu\u00e9s de los hechos donde se observa a Abigail luchar contra dos mujeres polic\u00edas que la golpearon y a quienes se\u00f1ala como las responsables de su feminicidio.<\/p>\n\n\n\n<p class=\"wp-block-paragraph\">Por su parte, S\u00e1nchez Maya recrimin\u00f3 la clara omisi\u00f3n en la actuaci\u00f3n que las autoridades intervinientes en el caso, adoptaron en el ejercicio de sus funciones, estando Abigail Hay Urrutia a su disposici\u00f3n en calidad de arrestada y bajo su resguardo en la c\u00e1rcel municipal, toda vez que ella fue encontrada sin vida bajo circunstancias a\u00fan no esclarecidas.<\/p>\n\n\n\n<p class=\"wp-block-paragraph\">\u201cEs evidente la falta de perspectiva de g\u00e9nero con que actuaron las autoridades de Salina Cruz, al haber detenido injustificadamente a la joven mujer el 19 de agosto del 2022 a petici\u00f3n de su agresor permanente\u201d, se\u00f1al\u00f3, acompa\u00f1ada tambi\u00e9n de la diputada Concepci\u00f3n Rueda G\u00f3mez, quien tambi\u00e9n estuvo presente en la conferencia y ha acompa\u00f1ado a la familia Hay Urrutia.<\/p>\n\n\n\n<p class=\"wp-block-paragraph\">La defensora calific\u00f3 como \u201cgrave\u201d la responsabilidad debido a que no se tom\u00f3 con seriedad ni se actu\u00f3 con la debida diligencia, para garantizar la vida de Abigail. Sobre todo, teniendo en cuenta que tiempo atr\u00e1s, el 11 de enero del 2021, Abigail Hay Urrutia hab\u00eda denunciado penalmente ante el Ministerio P\u00fablico los hechos de violencia de que hab\u00eda sido v\u00edctima por parte de su pareja K.N.E.H., sin embargo, no hubo acci\u00f3n que salvaguardara su seguridad.<\/p>\n\n\n\n<p class=\"wp-block-paragraph\">\u201cLa l\u00f3gica mis\u00f3gina y patriarcal de la Polic\u00eda Municipal qued\u00f3 evidenciada cuando de manera inmediata procedieron a su detenci\u00f3n, cuando su agresor solicit\u00f3 intervenci\u00f3n de la Polic\u00eda el 19 de agosto; es p\u00fablica la manera en que oper\u00f3 la Polic\u00eda Municipal, el abuso policiaco y de poder para someterla, dejando en libertad al agresor\u201d, abund\u00f3 S\u00e1nchez Maya al recriminar que no es posible que la vida de una mujer carezca de importancia.<\/p>\n\n\n\n<h2 class=\"wp-block-heading\"><strong>Sustracci\u00f3n del menor<\/strong><\/h2>\n\n\n\n<p class=\"wp-block-paragraph\">Yesica S\u00e1nchez Maya denunci\u00f3 adem\u00e1s la impunidad y permisibilidad del Estado al agresor sist\u00e9mico de Abigail, que cuando la Polic\u00eda lo dej\u00f3 libre y se llev\u00f3 detenida a Abigail, aprovech\u00f3 para sustraer con enga\u00f1os a su menor hijo quien se encontraba al lado de su abuelo materno, lugar donde viv\u00eda con su mam\u00e1, y que a la fecha la familia desconoce el paradero del menor, quien se encuentra en riesgo al estar en poder de un agresor.<\/p>\n\n\n\n<p class=\"wp-block-paragraph\">Manifest\u00f3 adem\u00e1s la preocupaci\u00f3n por la vida y seguridad de la familia de Abigail la cual se encuentra en una situaci\u00f3n vulnerable y de alto riesgo por exigir justicia. Por lo cual, calific\u00f3 como urgente que el Poder Judicial y la Fiscal\u00eda agilicen la b\u00fasqueda y recuperaci\u00f3n del menor.<\/p>\n\n\n\n<p class=\"wp-block-paragraph\">Y destac\u00f3 que la impunidad del funcionariado y del agresor sist\u00e9mico de Abigail hace evidente la existencia de una red de complicidad, de una latente violencia institucional, que revictimiza y pone en riesgo la integridad tanto del menor hijo de Abigail Hay Urrutia, como de la familia de ella.<\/p>\n\n\n\n<p class=\"wp-block-paragraph\">En ese sentido, la tambi\u00e9n abogada de Consorcio Oaxaca, Mar\u00eda de Lourdes L\u00f3pez Velasco exigi\u00f3 a las autoridades encargadas de procurar e impartir justicia, que cumplan con sus responsabilidades pol\u00edticas, penales, civiles y administrativas para la protecci\u00f3n de los derechos de las v\u00edctimas en su car\u00e1cter de familiares de Flor Abigail Hay Urrutia, as\u00ed como de su hijo menor de edad que a la fecha no est\u00e1 localizado.<\/p>\n\n\n\n<p class=\"wp-block-paragraph\">SEM\/MG<\/p>\n","protected":false},"excerpt":{"rendered":"<p>Denuncian red de complicidades orquestadas por el presidente municipal de Salina Cruz.<\/p>\n","protected":false},"author":3,"featured_media":61088,"comment_status":"open","ping_status":"open","sticky":false,"template":"","format":"standard","meta":{"_monsterinsights_skip_tracking":false,"footnotes":""},"categories":[47,48],"tags":[],"class_list":["post-61086","post","type-post","status-publish","format-standard","has-post-thumbnail","category-no-mas-impunidad","category-no-mas-impunidad-no-mas-impunidad"],"_links":{"self":[{"href":"https:\/\/redsemlac.com\/semmexico\/wp-json\/wp\/v2\/posts\/61086","targetHints":{"allow":["GET"]}}],"collection":[{"href":"https:\/\/redsemlac.com\/semmexico\/wp-json\/wp\/v2\/posts"}],"about":[{"href":"https:\/\/redsemlac.com\/semmexico\/wp-json\/wp\/v2\/types\/post"}],"author":[{"embeddable":true,"href":"https:\/\/redsemlac.com\/semmexico\/wp-json\/wp\/v2\/users\/3"}],"replies":[{"embeddable":true,"href":"https:\/\/redsemlac.com\/semmexico\/wp-json\/wp\/v2\/comments?post=61086"}],"version-history":[{"count":0,"href":"https:\/\/redsemlac.com\/semmexico\/wp-json\/wp\/v2\/posts\/61086\/revisions"}],"wp:featuredmedia":[{"embeddable":true,"href":"https:\/\/redsemlac.com\/semmexico\/wp-json\/wp\/v2\/media\/61088"}],"wp:attachment":[{"href":"https:\/\/redsemlac.com\/semmexico\/wp-json\/wp\/v2\/media?parent=61086"}],"wp:term":[{"taxonomy":"category","embeddable":true,"href":"https:\/\/redsemlac.com\/semmexico\/wp-json\/wp\/v2\/categories?post=61086"},{"taxonomy":"post_tag","embeddable":true,"href":"https:\/\/redsemlac.com\/semmexico\/wp-json\/wp\/v2\/tags?post=61086"}],"curies":[{"name":"wp","href":"https:\/\/api.w.org\/{rel}","templated":true}]}}