{"id":6108,"date":"2017-05-09T20:01:16","date_gmt":"2017-05-09T20:01:16","guid":{"rendered":"https:\/\/redsemlac.com\/semmexico\/?p=6108"},"modified":"2023-07-21T14:24:08","modified_gmt":"2023-07-21T19:24:08","slug":"cosa-juzgada","status":"publish","type":"post","link":"https:\/\/redsemlac.com\/semmexico\/cosa-juzgada\/","title":{"rendered":"Cosa juzgada"},"content":{"rendered":"\n<p class=\"wp-block-paragraph\">A\u00fan tenemos la letra escarlata marcando nuestras decisiones.<\/p>\n\n\n\n<h5 class=\"wp-block-heading\"> Con amor y con humor&#8230; Mar<\/h5>\n\n\n\n<p class=\"wp-block-paragraph\"><a href=\"https:\/\/semmexico.com\/gallery-post.php?id=1718#\">Martha Barrag\u00e1n<\/a><\/p>\n\n\n\n<p class=\"wp-block-paragraph\">SemM\u00e9xico. Cd. de M\u00e9xico. 9 de mayo de 2017.- Le puse este t\u00edtulo a esta reflexi\u00f3n para que se entienda c\u00f3mo nos sentimos las mujeres al ser juzgadas por la m\u00ednima cosa que ponga en entre dicho el \u201chonor\u201d de familias como si estuvi\u00e9ramos en la edad media. De tal forma que a\u00fan tenemos la letra escarlata marcando nuestras decisiones y no solo las que se refieren a la libertad de vivir nuestras sexualidad como cada una de nosotras lo elija sin que se aun estigma social del \u201cmala mujer\u201d, \u201czorras\u201d o cualquier otra etiqueta del mismo estilo.&nbsp;<br>Cosa juzgada, sin respeto por nuestras decisiones o como si no tuvi\u00e9ramos derecho a elegir. Ya ni que decir de cuando se toma la decisi\u00f3n de interrumpir un embarazo no deseado. El estigma es a\u00fan m\u00e1s severo cuando tiene consecuencias tan graves como es el castigo con c\u00e1rcel.&nbsp;<br>As\u00ed que luchemos por nuestro derecho a vivir libres de estigmas y orgullosas de nuestras decisiones. Abracemos nuestra libertad de ser aut\u00e9nticas, dise\u00f1ar nuestro futuro, nuestras vidas sin etiquetas, sin ser juzgadas y construir sociedades igualitarias, amorosas y responsables.&nbsp;<br><br>Con amor y con humor&#8230; Mar<br><br>Los y las invito a participar en la campa\u00f1a:<br>http:\/\/focos.org.mx\/focos<\/p>\n","protected":false},"excerpt":{"rendered":"<p>A\u00fan tenemos la letra escarlata marcando nuestras decisiones. Con amor y con humor&#8230; Mar Martha Barrag\u00e1n SemM\u00e9xico. Cd. de M\u00e9xico. 9 de mayo de 2017.- Le puse este t\u00edtulo a esta reflexi\u00f3n para que se entienda c\u00f3mo nos sentimos las mujeres al ser juzgadas por la m\u00ednima cosa que ponga en entre dicho el \u201chonor\u201d [&hellip;]<\/p>\n","protected":false},"author":3,"featured_media":6109,"comment_status":"open","ping_status":"open","sticky":false,"template":"","format":"standard","meta":{"_monsterinsights_skip_tracking":false,"footnotes":""},"categories":[687,80,1],"tags":[],"class_list":["post-6108","post","type-post","status-publish","format-standard","has-post-thumbnail","category-687","category-martha-barragan","category-uncategorized"],"_links":{"self":[{"href":"https:\/\/redsemlac.com\/semmexico\/wp-json\/wp\/v2\/posts\/6108","targetHints":{"allow":["GET"]}}],"collection":[{"href":"https:\/\/redsemlac.com\/semmexico\/wp-json\/wp\/v2\/posts"}],"about":[{"href":"https:\/\/redsemlac.com\/semmexico\/wp-json\/wp\/v2\/types\/post"}],"author":[{"embeddable":true,"href":"https:\/\/redsemlac.com\/semmexico\/wp-json\/wp\/v2\/users\/3"}],"replies":[{"embeddable":true,"href":"https:\/\/redsemlac.com\/semmexico\/wp-json\/wp\/v2\/comments?post=6108"}],"version-history":[{"count":0,"href":"https:\/\/redsemlac.com\/semmexico\/wp-json\/wp\/v2\/posts\/6108\/revisions"}],"wp:featuredmedia":[{"embeddable":true,"href":"https:\/\/redsemlac.com\/semmexico\/wp-json\/wp\/v2\/media\/6109"}],"wp:attachment":[{"href":"https:\/\/redsemlac.com\/semmexico\/wp-json\/wp\/v2\/media?parent=6108"}],"wp:term":[{"taxonomy":"category","embeddable":true,"href":"https:\/\/redsemlac.com\/semmexico\/wp-json\/wp\/v2\/categories?post=6108"},{"taxonomy":"post_tag","embeddable":true,"href":"https:\/\/redsemlac.com\/semmexico\/wp-json\/wp\/v2\/tags?post=6108"}],"curies":[{"name":"wp","href":"https:\/\/api.w.org\/{rel}","templated":true}]}}