{"id":6100,"date":"2017-05-15T19:45:07","date_gmt":"2017-05-15T19:45:07","guid":{"rendered":"https:\/\/redsemlac.com\/semmexico\/?p=6100"},"modified":"2023-07-21T14:24:08","modified_gmt":"2023-07-21T19:24:08","slug":"nuestra-voz-empodera","status":"publish","type":"post","link":"https:\/\/redsemlac.com\/semmexico\/nuestra-voz-empodera\/","title":{"rendered":"Nuestra voz empodera"},"content":{"rendered":"\n<p class=\"wp-block-paragraph\">Cuando somos muchas mujeres las que alzamos nuestra voces se construye algo m\u00e1s grande m\u00e1s s\u00f3lido<\/p>\n\n\n\n<h5 class=\"wp-block-heading\"> Ilustraci\u00f3n: Martha Barrag\u00e1n<\/h5>\n\n\n\n<p class=\"wp-block-paragraph\"><a href=\"https:\/\/semmexico.com\/gallery-post.php?id=1771#\">Martha Barrag\u00e1n<\/a><\/p>\n\n\n\n<p class=\"wp-block-paragraph\">SemM\u00e9xico. Cd. de M\u00e9xico. 15 de mayo de 2017.- Alzar nuestra voz y con esta frase me refiero a manifestar nuestra opini\u00f3n, visibilizar nuestra postura y en ocasiones literalmente alzar la voz.&nbsp;<br>Pero tambi\u00e9n esta nuestra voz interna y escuchar nuestra voz interna empodera nuestro interior y manifestarla nos empodera hacia el exterior construyendo as\u00ed nuestro liderazgo.&nbsp;<br>Pero cuando somos muchas mujeres las que alzamos nuestra voces se construye algo m\u00e1s grande m\u00e1s s\u00f3lido, pues es as\u00ed como se inician los cambios culturales. Un cambio de cultura se registra cuando se vuelve una pr\u00e1ctica cotidiana y crea nuevas creencias.<br>Otro beneficio de manifestar nuestra voz, contar nuestras vivencias es que nos ayuda a identificar que no estamos solas en esas experiencias \u201ctabu\u201d y que ante algo que sucede continuamente se deben tomar acciones para regular esas pr\u00e1cticas dentro del marco del respeto de nuestros derechos fundamentales. En algunos casos visibilizarlas para quitar estigmas sociales y avanzar en nuestra libertades.<br>As\u00ed que alza tu voz, comparte tus experiencias que muchas mujeres estar\u00e1n viviendo experiencias similares y es hasta terap\u00e9utico no sentirnos solas con ellas y la carga social que llegan a tener.&nbsp;<br>Callar no nos beneficia y es importante romper el silencio para empoderar a nuestro g\u00e9nero y visibilizar lo que nos sucede para poder trascenderlo.<br><br>\u00a1\u00a1\u00a1Alza tu voz!!!<br><br>Con amor y con humor&#8230; Mar<\/p>\n","protected":false},"excerpt":{"rendered":"<p>Cuando somos muchas mujeres las que alzamos nuestra voces se construye algo m\u00e1s grande m\u00e1s s\u00f3lido Ilustraci\u00f3n: Martha Barrag\u00e1n Martha Barrag\u00e1n SemM\u00e9xico. Cd. de M\u00e9xico. 15 de mayo de 2017.- Alzar nuestra voz y con esta frase me refiero a manifestar nuestra opini\u00f3n, visibilizar nuestra postura y en ocasiones literalmente alzar la voz.&nbsp;Pero tambi\u00e9n esta [&hellip;]<\/p>\n","protected":false},"author":3,"featured_media":6101,"comment_status":"open","ping_status":"open","sticky":false,"template":"","format":"standard","meta":{"_monsterinsights_skip_tracking":false,"footnotes":""},"categories":[687,80,1],"tags":[],"class_list":["post-6100","post","type-post","status-publish","format-standard","has-post-thumbnail","category-687","category-martha-barragan","category-uncategorized"],"_links":{"self":[{"href":"https:\/\/redsemlac.com\/semmexico\/wp-json\/wp\/v2\/posts\/6100","targetHints":{"allow":["GET"]}}],"collection":[{"href":"https:\/\/redsemlac.com\/semmexico\/wp-json\/wp\/v2\/posts"}],"about":[{"href":"https:\/\/redsemlac.com\/semmexico\/wp-json\/wp\/v2\/types\/post"}],"author":[{"embeddable":true,"href":"https:\/\/redsemlac.com\/semmexico\/wp-json\/wp\/v2\/users\/3"}],"replies":[{"embeddable":true,"href":"https:\/\/redsemlac.com\/semmexico\/wp-json\/wp\/v2\/comments?post=6100"}],"version-history":[{"count":0,"href":"https:\/\/redsemlac.com\/semmexico\/wp-json\/wp\/v2\/posts\/6100\/revisions"}],"wp:featuredmedia":[{"embeddable":true,"href":"https:\/\/redsemlac.com\/semmexico\/wp-json\/wp\/v2\/media\/6101"}],"wp:attachment":[{"href":"https:\/\/redsemlac.com\/semmexico\/wp-json\/wp\/v2\/media?parent=6100"}],"wp:term":[{"taxonomy":"category","embeddable":true,"href":"https:\/\/redsemlac.com\/semmexico\/wp-json\/wp\/v2\/categories?post=6100"},{"taxonomy":"post_tag","embeddable":true,"href":"https:\/\/redsemlac.com\/semmexico\/wp-json\/wp\/v2\/tags?post=6100"}],"curies":[{"name":"wp","href":"https:\/\/api.w.org\/{rel}","templated":true}]}}