{"id":6096,"date":"2017-06-01T19:42:38","date_gmt":"2017-06-01T19:42:38","guid":{"rendered":"https:\/\/redsemlac.com\/semmexico\/?p=6096"},"modified":"2023-07-21T14:24:08","modified_gmt":"2023-07-21T19:24:08","slug":"el-derecho-de-ser-autenticas-empodera","status":"publish","type":"post","link":"https:\/\/redsemlac.com\/semmexico\/el-derecho-de-ser-autenticas-empodera\/","title":{"rendered":"El derecho de ser aut\u00e9nticas: \u00a1Empodera!"},"content":{"rendered":"\n<p class=\"wp-block-paragraph\">El empoderamiento no busca la perfecci\u00f3n<\/p>\n\n\n\n<h5 class=\"wp-block-heading\"> Ilustraci\u00f3n: Martha Barrag\u00e1n<\/h5>\n\n\n\n<p class=\"wp-block-paragraph\"><a href=\"https:\/\/semmexico.com\/gallery-post.php?id=1964#\">Martha Barrag\u00e1n<\/a><\/p>\n\n\n\n<p class=\"wp-block-paragraph\">SemM\u00e9xico. Cd. de M\u00e9xico. 1 de junio de 2017.- El empoderamiento femenino tiene muchas aristas y la suma de todas ellas NO BUSCA LA PERFECCI\u00d3N, ni si quiera que las mujeres sean buenas, busca que seamos AUT\u00c9NTICAS y a partir de ello ser lo mejor que podemos ser, ser autorrealizantes.<br><br>Darnos el derecho a equivocarnos, a dejar de buscar aprobaci\u00f3n externa y tener el poder interno para dise\u00f1ar nuestra vida con libertad<br><br>Sin cambios no hay mariposa.<br>Con amor y con humor:<br><br>Martha Barrag\u00e1n M\u00e9ndez \u201cMar\u201d<br>Meta Coach &amp; Caricaturista<br><br>mar_interactiva@yahoo.com.mx<br>mar_toon@hotmail.com<br><br><br><\/p>\n","protected":false},"excerpt":{"rendered":"<p>El empoderamiento no busca la perfecci\u00f3n Ilustraci\u00f3n: Martha Barrag\u00e1n Martha Barrag\u00e1n SemM\u00e9xico. Cd. de M\u00e9xico. 1 de junio de 2017.- El empoderamiento femenino tiene muchas aristas y la suma de todas ellas NO BUSCA LA PERFECCI\u00d3N, ni si quiera que las mujeres sean buenas, busca que seamos AUT\u00c9NTICAS y a partir de ello ser lo [&hellip;]<\/p>\n","protected":false},"author":3,"featured_media":6097,"comment_status":"open","ping_status":"open","sticky":false,"template":"","format":"standard","meta":{"_monsterinsights_skip_tracking":false,"footnotes":""},"categories":[687,80,1],"tags":[],"class_list":["post-6096","post","type-post","status-publish","format-standard","has-post-thumbnail","category-687","category-martha-barragan","category-uncategorized"],"_links":{"self":[{"href":"https:\/\/redsemlac.com\/semmexico\/wp-json\/wp\/v2\/posts\/6096","targetHints":{"allow":["GET"]}}],"collection":[{"href":"https:\/\/redsemlac.com\/semmexico\/wp-json\/wp\/v2\/posts"}],"about":[{"href":"https:\/\/redsemlac.com\/semmexico\/wp-json\/wp\/v2\/types\/post"}],"author":[{"embeddable":true,"href":"https:\/\/redsemlac.com\/semmexico\/wp-json\/wp\/v2\/users\/3"}],"replies":[{"embeddable":true,"href":"https:\/\/redsemlac.com\/semmexico\/wp-json\/wp\/v2\/comments?post=6096"}],"version-history":[{"count":0,"href":"https:\/\/redsemlac.com\/semmexico\/wp-json\/wp\/v2\/posts\/6096\/revisions"}],"wp:featuredmedia":[{"embeddable":true,"href":"https:\/\/redsemlac.com\/semmexico\/wp-json\/wp\/v2\/media\/6097"}],"wp:attachment":[{"href":"https:\/\/redsemlac.com\/semmexico\/wp-json\/wp\/v2\/media?parent=6096"}],"wp:term":[{"taxonomy":"category","embeddable":true,"href":"https:\/\/redsemlac.com\/semmexico\/wp-json\/wp\/v2\/categories?post=6096"},{"taxonomy":"post_tag","embeddable":true,"href":"https:\/\/redsemlac.com\/semmexico\/wp-json\/wp\/v2\/tags?post=6096"}],"curies":[{"name":"wp","href":"https:\/\/api.w.org\/{rel}","templated":true}]}}