{"id":60946,"date":"2023-01-01T07:45:00","date_gmt":"2023-01-01T13:45:00","guid":{"rendered":"https:\/\/redsemlac.com\/semmexico\/?p=60946"},"modified":"2022-12-31T13:48:20","modified_gmt":"2022-12-31T19:48:20","slug":"fes-aragon-sin-elementos-suficientes-para-evaluar-integralmente-plagio-de-tesis-convocara-a-nueva-sesion","status":"publish","type":"post","link":"https:\/\/redsemlac.com\/semmexico\/fes-aragon-sin-elementos-suficientes-para-evaluar-integralmente-plagio-de-tesis-convocara-a-nueva-sesion\/","title":{"rendered":"FES Arag\u00f3n sin elementos suficientes para evaluar integralmente plagio de tesis; convocar\u00e1 a nueva sesi\u00f3n"},"content":{"rendered":"\n<ul class=\"wp-block-list\">\n<li><strong>Tambi\u00e9n anunci\u00f3 que se encontraron altos niveles de coincidencias<\/strong><\/li>\n\n\n\n<li><strong>La instituci\u00f3n educativa indic\u00f3 que una vez retomadas las actividades acad\u00e9mico-administrativas se convocar\u00e1 a una pr\u00f3xima sesi\u00f3n para continuar los trabajos que permitan establecer las responsabilidades de las personas implicadas.<\/strong><\/li>\n<\/ul>\n\n\n\n<p class=\"wp-block-paragraph\"><strong>Redacci\u00f3n<\/strong><\/p>\n\n\n\n<p class=\"wp-block-paragraph\">SemM\u00e9xico, Ciudad de M\u00e9xico, 01 de enero del 2023.- La Facultad de Estudios Superiores (FES) Arag\u00f3n determin\u00f3 que hay un alto nivel de coincidencia entre las tesis de la ministra Yasm\u00edn Esquivel Mossa y la del estudiante de Derecho, \u00c9dgar Ulises B\u00e1ez Guti\u00e9rrez.<\/p>\n\n\n\n<p class=\"wp-block-paragraph\">En un comunicado, la FES Arag\u00f3n afirm\u00f3 que no tiene los elementos para realizar una evaluaci\u00f3n integral del caso que permita establecer las responsabilidades de las personas implicadas.<\/p>\n\n\n\n<p class=\"wp-block-paragraph\">&nbsp;\u201cSe determin\u00f3 que existe un alto nivel de coincidencia entre ambos trabajos documentales, no obstante, en atenci\u00f3n a que las partes involucradas exhibieron nueva documentaci\u00f3n, en este momento no se cuenta con elementos suficientes para hacer una evaluaci\u00f3n integral del caso que permita establecer las responsabilidades de las partes involucradas, derivadas del plagio entre ambas tesis\u201d.<\/p>\n\n\n\n<p class=\"wp-block-paragraph\">La instituci\u00f3n educativa indic\u00f3 que una vez retomadas las actividades acad\u00e9mico-administrativas se convocar\u00e1 a una pr\u00f3xima sesi\u00f3n para continuar los trabajos antes se\u00f1alados.<\/p>\n\n\n\n<p class=\"wp-block-paragraph\">De igual manera se\u00f1al\u00f3 en el documento, que, &nbsp;\u201cas\u00ed como analizar la actuaci\u00f3n y observancia de los principios \u00e9ticos universitarios de la asesora de ambas tesis, con estricto apego a la normatividad universitaria y pleno respeto a los derechos de todas las partes\u201d.<\/p>\n","protected":false},"excerpt":{"rendered":"<p>Tambi\u00e9n anunci\u00f3 que se encontraron altos niveles de coincidencias<\/p>\n","protected":false},"author":3,"featured_media":60947,"comment_status":"open","ping_status":"open","sticky":false,"template":"","format":"standard","meta":{"_monsterinsights_skip_tracking":false,"footnotes":""},"categories":[51],"tags":[],"class_list":["post-60946","post","type-post","status-publish","format-standard","has-post-thumbnail","category-ejecutivo"],"_links":{"self":[{"href":"https:\/\/redsemlac.com\/semmexico\/wp-json\/wp\/v2\/posts\/60946","targetHints":{"allow":["GET"]}}],"collection":[{"href":"https:\/\/redsemlac.com\/semmexico\/wp-json\/wp\/v2\/posts"}],"about":[{"href":"https:\/\/redsemlac.com\/semmexico\/wp-json\/wp\/v2\/types\/post"}],"author":[{"embeddable":true,"href":"https:\/\/redsemlac.com\/semmexico\/wp-json\/wp\/v2\/users\/3"}],"replies":[{"embeddable":true,"href":"https:\/\/redsemlac.com\/semmexico\/wp-json\/wp\/v2\/comments?post=60946"}],"version-history":[{"count":0,"href":"https:\/\/redsemlac.com\/semmexico\/wp-json\/wp\/v2\/posts\/60946\/revisions"}],"wp:featuredmedia":[{"embeddable":true,"href":"https:\/\/redsemlac.com\/semmexico\/wp-json\/wp\/v2\/media\/60947"}],"wp:attachment":[{"href":"https:\/\/redsemlac.com\/semmexico\/wp-json\/wp\/v2\/media?parent=60946"}],"wp:term":[{"taxonomy":"category","embeddable":true,"href":"https:\/\/redsemlac.com\/semmexico\/wp-json\/wp\/v2\/categories?post=60946"},{"taxonomy":"post_tag","embeddable":true,"href":"https:\/\/redsemlac.com\/semmexico\/wp-json\/wp\/v2\/tags?post=60946"}],"curies":[{"name":"wp","href":"https:\/\/api.w.org\/{rel}","templated":true}]}}