{"id":60938,"date":"2022-12-30T14:01:50","date_gmt":"2022-12-30T20:01:50","guid":{"rendered":"https:\/\/redsemlac.com\/semmexico\/?p=60938"},"modified":"2023-07-21T19:26:14","modified_gmt":"2023-07-22T00:26:14","slug":"peticion-publica-para-eliminar-candados-en-los-tramites-de-pension-de-cesantia-o-vejez","status":"publish","type":"post","link":"https:\/\/redsemlac.com\/semmexico\/peticion-publica-para-eliminar-candados-en-los-tramites-de-pension-de-cesantia-o-vejez\/","title":{"rendered":"Petici\u00f3n p\u00fablica para eliminar candados en los tr\u00e1mites de pensi\u00f3n de cesant\u00eda o vejez"},"content":{"rendered":"\n<ul class=\"wp-block-list\">\n<li><strong>La conservaci\u00f3n de derechos del IMSS perjudica a las y los trabajadores para obtener la pensi\u00f3n de cesant\u00eda o vejez que por derecho les corresponde.<\/strong><\/li>\n<\/ul>\n\n\n\n<p class=\"wp-block-paragraph\"><strong>Micaela M\u00e1rquez<\/strong><\/p>\n\n\n\n<p class=\"wp-block-paragraph\">SemM\u00e9xico, Ciudad de M\u00e9xico, 30 de diciembre del 2022.- Un llamado a la C\u00e1mara de Diputados y al Instituto Mexicano del Seguro Social (IMSS) para que modifiquen los candados legales que limitan la accesibilidad de las y los trabajadores a obtener su pensi\u00f3n de cesant\u00eda o vejez se hizo en la plataforma de peticiones p\u00fablicas, Change.org por Renato Soto.<\/p>\n\n\n\n<p class=\"wp-block-paragraph\"><strong>Cerca del 70 por ciento de la poblaci\u00f3n de adultas y adultos mayores en M\u00e9xico NO reciben pensiones<\/strong>&nbsp;y los que tienen derechos para pensi\u00f3n por cesant\u00eda o vejez, se topan con&nbsp;<strong>candados legales que les impiden realizar el proceso<\/strong>de pensi\u00f3n, situaci\u00f3n que no ha sido modificada en a\u00f1os.<\/p>\n\n\n\n<p class=\"wp-block-paragraph\">En esta situaci\u00f3n se encuentran miles de trabajadoras y trabajadores, pues uno de los candados que existen dentro de este sistema de pensiones es el de la&nbsp;<strong>conservaci\u00f3n de derechos<\/strong><strong>.<\/strong>&nbsp;\u00c9ste es un per\u00edodo ventana que tiene la persona para resolver su proceso de pensi\u00f3n, en caso de no hacerlo en ese per\u00edodo, se le obliga a volver a trabajar con un patr\u00f3n que le otorgue Seguro Social (IMSS).<\/p>\n\n\n\n<p class=\"wp-block-paragraph\"><strong>\u00a1A seguir trabajando!<\/strong><strong>&nbsp;<\/strong>Pero nadie ya los emplea tan f\u00e1cilmente por la edad, y al no obtener empleo, no pueden recuperar su conservaci\u00f3n de derechos para seguir su proceso de pensi\u00f3n \u00a1Se vuelve todo un espiral!<\/p>\n\n\n\n<p class=\"wp-block-paragraph\">El peticionario se\u00f1ala que durante meses ha ayudado a la gente de mas de 60 a\u00f1os a obtener su pensi\u00f3n, por lo que se ha percatado de las trabas y desinformaci\u00f3n a la que se enfrentan las personas de m\u00e1s de 60 a\u00f1os para lograr lo que por derecho les corresponde.<\/p>\n\n\n\n<p class=\"wp-block-paragraph\">Esto afecta a miles de personas adultas mayores, cuando a<strong>cceder a una pensi\u00f3n en M\u00e9xico no deber\u00eda ser complicado<\/strong>&nbsp;una vez que cumples los requisitos que te solicitan; sobre todo en la&nbsp;<strong>pensi\u00f3n por cesant\u00eda o vejez<\/strong>, donde se estipula que aquellas y aquellos que cumplan 60-65 a\u00f1os de edad y que cumplan las semanas suficientes para su proceso de pensi\u00f3n tienen derecho a pensionarse.<\/p>\n\n\n\n<p class=\"wp-block-paragraph\">SEM\/MG<\/p>\n","protected":false},"excerpt":{"rendered":"<p>La conservaci\u00f3n de derechos del IMSS perjudica a las y los trabajadores para obtener la pensi\u00f3n de cesant\u00eda o vejez que por derecho les corresponde.<\/p>\n","protected":false},"author":3,"featured_media":60939,"comment_status":"open","ping_status":"open","sticky":false,"template":"","format":"standard","meta":{"_monsterinsights_skip_tracking":false,"footnotes":""},"categories":[693,54],"tags":[],"class_list":["post-60938","post","type-post","status-publish","format-standard","has-post-thumbnail","category-693","category-mujeres"],"_links":{"self":[{"href":"https:\/\/redsemlac.com\/semmexico\/wp-json\/wp\/v2\/posts\/60938","targetHints":{"allow":["GET"]}}],"collection":[{"href":"https:\/\/redsemlac.com\/semmexico\/wp-json\/wp\/v2\/posts"}],"about":[{"href":"https:\/\/redsemlac.com\/semmexico\/wp-json\/wp\/v2\/types\/post"}],"author":[{"embeddable":true,"href":"https:\/\/redsemlac.com\/semmexico\/wp-json\/wp\/v2\/users\/3"}],"replies":[{"embeddable":true,"href":"https:\/\/redsemlac.com\/semmexico\/wp-json\/wp\/v2\/comments?post=60938"}],"version-history":[{"count":0,"href":"https:\/\/redsemlac.com\/semmexico\/wp-json\/wp\/v2\/posts\/60938\/revisions"}],"wp:featuredmedia":[{"embeddable":true,"href":"https:\/\/redsemlac.com\/semmexico\/wp-json\/wp\/v2\/media\/60939"}],"wp:attachment":[{"href":"https:\/\/redsemlac.com\/semmexico\/wp-json\/wp\/v2\/media?parent=60938"}],"wp:term":[{"taxonomy":"category","embeddable":true,"href":"https:\/\/redsemlac.com\/semmexico\/wp-json\/wp\/v2\/categories?post=60938"},{"taxonomy":"post_tag","embeddable":true,"href":"https:\/\/redsemlac.com\/semmexico\/wp-json\/wp\/v2\/tags?post=60938"}],"curies":[{"name":"wp","href":"https:\/\/api.w.org\/{rel}","templated":true}]}}