{"id":60928,"date":"2022-12-28T11:43:46","date_gmt":"2022-12-28T17:43:46","guid":{"rendered":"https:\/\/redsemlac.com\/semmexico\/?p=60928"},"modified":"2023-07-21T19:26:15","modified_gmt":"2023-07-22T00:26:15","slug":"opinion-entre-prejuicios-e-indiferencias","status":"publish","type":"post","link":"https:\/\/redsemlac.com\/semmexico\/opinion-entre-prejuicios-e-indiferencias\/","title":{"rendered":"Opini\u00f3n| Entre prejuicios e indiferencias"},"content":{"rendered":"\n<p class=\"wp-block-paragraph\"><strong>Polonio Lecumberri<\/strong><\/p>\n\n\n\n<p class=\"wp-block-paragraph\">SemM\u00e9xico, Ciudad de M\u00e9xico, 28 de diciembre del 2022.- Entro a la barra de un restaurante a pedir una Roca, para que mi est\u00f3mago intoxicado por un guiso del recalentado navide\u00f1o, pueda calmarse. El encargado del bar, que conoce gustos y necesidades de sus clientes, es adem\u00e1s un apasionado de las bebidas y los guisos. Si por \u00e9l fuera, tendr\u00eda su propio negocio, por eso aprovecha las \u00e9pocas navide\u00f1as para tomar sus vacaciones y guisar sus secretas recetas para las y los clientes de la temporada. Ese es el motivo por el que Rafita no est\u00e1 esta noche detr\u00e1s de la barra; regresa el lunes. Julio me conoce hace 20 a\u00f1os y le hace una llamada de su celular a Rafa, pues \u00e9l como mesero tampoco sabe c\u00f3mo se prepara el trago.<\/p>\n\n\n\n<p class=\"wp-block-paragraph\">De inmediato le responde la llamada e indicando onzas espec\u00edficas, nos dice en altavoz: Tequila, an\u00eds dulce y fernet. Gerardo sigue las instrucciones con cautela poni\u00e9ndolo en las rocas, como se advirti\u00f3. Mi est\u00f3mago se calma, y no creo que haya sido s\u00f3lo el guiso grasoso de la noche del 24, sino la experiencia de haber sentido c\u00f3mo la gente que a \u00faltima hora antes de la Nochebuena sali\u00f3 a comprar regalos para la familia, ignorando en su mayor\u00eda, a la gente en situaci\u00f3n de calle. Esta poblaci\u00f3n que tiene ya una identidad en casi cualquier ciudad del mundo, son personas que viven con alguna adicci\u00f3n, o que tienen alguna discapacidad o diferentes problemas de salud (algunos de ellos de nacimiento que les impiden caminar, lo que hace que se asistan de unas muletas o una patineta para desplazarse), y que al paso de los a\u00f1os, es dif\u00edcil que pueda mantener alg\u00fan trabajo, sostenerse y accesar a derechos, por lo que est\u00e1 orillada a subsistir de manera muy precaria en la calle y espacios p\u00fablicos.<\/p>\n\n\n\n<p class=\"wp-block-paragraph\">En el a\u00f1o 2017 en la Ciudad de M\u00e9xico, el Instituto de Asistencia e Integraci\u00f3n Social (IASIS) de la Secretar\u00eda de Desarrollo Social, coordin\u00f3 el Censo de Poblaciones Callejeras y public\u00f3 que hab\u00eda 100 puntos de alta concentraci\u00f3n en donde se pod\u00edan localizar poco menos de 7 mil personas, en su gran mayor\u00eda hombres. Casi en su totalidad, necesita ropa, ba\u00f1o, cobijas, lavado de ropa, corte de cabello, pero sobre todo atenci\u00f3n psiqui\u00e1trica y m\u00e9dica. Por all\u00e1 del a\u00f1o 2008 en Saltillo se cre\u00f3 la Casa de Medio Camino, que depend\u00eda de C\u00e1ritas, instituci\u00f3n de la iglesia cat\u00f3lica que desarrolla procesos o proyectos de caridad, y que no se pudo o no se quiso sostener con el paso de los a\u00f1os por los altos costos que se requieren para mantener a esta poblaci\u00f3n. Y definitivamente que en Saltillo en este cierre del a\u00f1o 2022 no podemos hablar de cientos de personas indigentes o callejeras, y lo mismo sucede en otras de nuestras peque\u00f1as ciudades. Las calles del centro son las que concentran a esta poblaci\u00f3n, y se les puede ubicar con facilidad, incluso con nombre, gustos y necesidades, como dec\u00edamos de nuestro cantinero.<\/p>\n\n\n\n<p class=\"wp-block-paragraph\">Un estudio de la COPRED de la Ciudad de M\u00e9xico revel\u00f3 que un 82.4 % de la poblaci\u00f3n que vive en la calle sufre maltrato, indiferencia y rechazo. \u201cSu derecho a la integridad, a la libertad y a la seguridad personal es vulnerada, pues \u201clos golpean\u201d y \u201clos explotan\u201d (2019). Eso es exactamente lo que pas\u00f3 con la se\u00f1ora Santa que estuvo por las calles del centro de Saltillo, Coahuila, este 24 de diciembre. Un se\u00f1or con cachucha azul que boleaba los zapatos caf\u00e9s de un cliente en la silla ubicada en calle padre Flores, casi esquina con Ocampo, en 3 ocasiones le dijo grosero que se retirara de ah\u00ed cuando ella s\u00f3lo ped\u00eda su Navidad. Ni siquiera se limit\u00f3 por tener a un cliente frente a \u00e9l. Otro tipo de botas color caf\u00e9 obscuro, en esa misma esquina, la vio burl\u00f3n y la ret\u00f3. Cuando ella se acerc\u00f3 a pedir una moneda, \u00e9l dej\u00f3 caer con fuerza la moneda de un peso y burl\u00f3n le pregunt\u00f3 si tambi\u00e9n agarraba piedras, pues se acerc\u00f3 tanto a ella, que alcanz\u00f3 a ver que junto con las monedas recabadas, hab\u00eda una piedra. Hubo j\u00f3venes y adolescentes que se burlaban de ella en su cara. Bailaban, la se\u00f1alaban, se re\u00edan de ella.<\/p>\n\n\n\n<p class=\"wp-block-paragraph\">Ah\u00ed mismo en la calle Narciso Mendoza y padre Flores, donde los polic\u00edas municipales est\u00e1n como buitres, desalmados y bribones, al acecho, para robar a los ambulantes mientras les sacan una firma, un par no s\u00f3lo se burl\u00f3 de ella, sino imitaron su tono gangoso para hablar cuando pasaron junto a ella. La experiencia de la mujer con la polic\u00eda no fue nada buena, una mujer que daba el paso a peatones y autos en calle Aldama, no respondi\u00f3 ninguno de los tres intentos que hizo al recordar que est\u00e1bamos festejando la Navidad. Lo mismo sucedi\u00f3 con una religiosa que vest\u00eda una falta larga color azul obscuro, como uniforme escolar, y con las orejas cubiertas por el fr\u00edo.<\/p>\n\n\n\n<p class=\"wp-block-paragraph\">Ninguna de las dos la volte\u00f3 a ver en ninguna de las tres ocasiones en que ella les pidi\u00f3 una moneda. Un polic\u00eda m\u00e1s, frente al hotel Jard\u00edn, donde los de su gremio suelen cobrar tarifa a las prostitutas que entran ah\u00ed con sus clientes, en lugar de dar un saludo o una moneda, le dijo a la se\u00f1ora: \u201ccamin\u00e1ndole, camin\u00e1ndole\u201d, como si una persona no pudiera sentarse en las calles del centro. \u00a1No se trataba de la Plaza de Armas llena de vallas!<\/p>\n\n\n\n<p class=\"wp-block-paragraph\">S\u00ed hubo empat\u00eda de varias personas. Por ejemplo don Juan, que es de un pueblo de Oaxaca, cerca del estado de Guerrero, estaba tocando el acorde\u00f3n en una banca. Su hija Diana siempre tiene un trastecito para recibir el dinero que la gente les da, agradeciendo su m\u00fasica. La chica le tuvo cierto miedo a la mujer. Ya sabe que puede haber personas de la calle que son agresivas porque la han pasado mal anteriormente, as\u00ed que no le quer\u00eda dar la cara. Sin embargo su pap\u00e1 le dec\u00eda que no le tuviera miedo.<\/p>\n\n\n\n<p class=\"wp-block-paragraph\">Juan ten\u00eda unas botellas de agua en la banca, y dirigi\u00e9ndose a la se\u00f1ora Santa, le dijo que retirar\u00eda las botellas para que ella pudiera sentarse. Santa coloc\u00f3 en la banca su morral de cosas y sac\u00f3 un peluche gigante que ya sentado en la banca, era casi del mismo tama\u00f1o que Juan. La se\u00f1ora le indic\u00f3 a Juan que el mu\u00f1eco era para la ni\u00f1a.<\/p>\n\n\n\n<p class=\"wp-block-paragraph\">Ni as\u00ed ella la aceptaba; la se\u00f1ora no le gustaba. El pap\u00e1 siempre amable le pidi\u00f3 que le agradeciera y as\u00ed sucedi\u00f3. El mu\u00f1eco se fue con ella a casa esa Nochebuena.<\/p>\n\n\n\n<p class=\"wp-block-paragraph\">Eso no sucedi\u00f3 cuando Santa se acerc\u00f3 a una se\u00f1ora que llevaba de la mano a una menor de edad y que haciendo mala cara, la esquivaron, y le sacaron la vuelta tanto a ella como al regalo, como si les hubiera estado ofreciendo una bomba. Hab\u00eda muchas mujeres esa tarde en el centro de Saltillo. La mayor parte de poblaci\u00f3n que le dio dinero a la se\u00f1ora fueron mujeres. Incluso hab\u00eda un grupo de j\u00f3venes que se organizaron para hacer s\u00e1ndwiches para ofrecer en Navidad, los llevaban en una bolsa de basura color negro y entregaban la comida con un refresco. Estuvieron un rato por el Mercado Ju\u00e1rez y sus calles aleda\u00f1as. Tambi\u00e9n un joven que cargaba en la espalda una mochila negra, pas\u00f3 varias veces ofreciendo lonches, as\u00ed vendedores ambulantes y barrenderos ese d\u00eda especial del Nacimiento de Jes\u00fas, recibieron algo de comer.<\/p>\n\n\n\n<p class=\"wp-block-paragraph\">El se\u00f1or Domingo fue otra persona que no s\u00f3lo fue cercana sino emp\u00e1tica con la se\u00f1ora. Esa tarde Domingo estaba sentado en el piso cerca de unos puestos de peri\u00f3dico, donde venden tambi\u00e9n revistas, papas con salsa, paletas, y en esta temporada tambi\u00e9n se ofrece ropa, pijamas, antenas para televisor, entre otras cosas.<\/p>\n\n\n\n<p class=\"wp-block-paragraph\">Domingo naci\u00f3 con un problema en las piernas y es como si no las tuviera. Se levanta con la ayuda de unas muletas, por fortuna una amiga suya le cocina, lava su ropa y le ayuda en su casa en la colonia Loma Linda. As\u00ed que \u00e9l pide dinero con su cachucha negra. Cuando Santa lleg\u00f3 a sentarse junto a \u00e9l, la corri\u00f3. No hab\u00eda manera de que quisiera competencia. Le grit\u00f3 que se moviera hasta que se cans\u00f3. Recargado en un poste junto a sus muletas, de barba y cabello cano, \u00e9l ve\u00eda al poniente, y ella con su morral, al norte. La gente se agachaba para poner una moneda en la cachucha de \u00e9l y otra en el vaso de ella. Pasaron se\u00f1oras, se\u00f1ores, ni\u00f1as y ni\u00f1os. Santa le ofreci\u00f3 pan de pulque y \u00e9l agradeci\u00f3. Despu\u00e9s de unos minutos, \u00e9l le ofreci\u00f3 a ella de los fritos que Ana le hab\u00eda fiado por 35 pesos. Santa no comi\u00f3, se retir\u00f3, pero fue como si hubiera habido una conexi\u00f3n entre ambos. No eran amigos, sino vecinos o quiz\u00e1s m\u00e1s propiamente, colegas. La gente compart\u00eda con ambos sus monedas y ellos compart\u00edan entre s\u00ed lo que ten\u00edan.<\/p>\n\n\n\n<p class=\"wp-block-paragraph\">La persona que con mayor tacto y prudencia se acerc\u00f3 a Santa, fue una persona de barrido manual que, adem\u00e1s de barrer el lugar en el que la se\u00f1ora estaba sentada, ten\u00eda que retirar la basura del basurero donde ella estaba recargada, para colocarla en su carro. Le pidi\u00f3 permiso casi disculp\u00e1ndose de molestarla para poder hacer su trabajo. Fue muy dulce esa escena. Hay una diferencia brutal entre la prepotencia delincuencial de los polic\u00edas que cobran piso a cualquier vendedor ambulante, que este otro empleado municipal emp\u00e1tico y educado, que sabe tratar a un ser humano con dignidad.<\/p>\n\n\n\n<p class=\"wp-block-paragraph\">Hubo muchas personas que se impresionaron de la facha de la mujer; la mujer que estuvo siempre sentadita en la calle, ve\u00eda el rostro de ni\u00f1as y ni\u00f1os. Estaban a su altura. Unos j\u00f3venes a los que ella les \u201cbaj\u00f3\u201d un cigarro, mismos que tuvieron que encend\u00e9rselo, no la vieron mal, y s\u00f3lo expresaron algo as\u00ed como: \u201cEs normal, llegan y te piden un cigarro\u201d. Y una se\u00f1ora con una sonrisa que reflejaba bondad le agradeci\u00f3 un regalo y sac\u00f3 unas monedas para ella para que se comprara un refresco, como en una especia de trueque regalo\/monedas. Sin embargo, hubo otras personas que cuando ella les entregaba un regalo, se paralizaban y reaccionaban minutos m\u00e1s tarde. Este fue el caso de un par de mujeres con una beb\u00e9 y una ni\u00f1a, que se regresaron a buscarla para agradecerle unos regalos que recibieron de ella, y le dieron unos billetes como para retribuirle.<\/p>\n\n\n\n<p class=\"wp-block-paragraph\">En la Plaza Manuel Acu\u00f1a hubo algunos se\u00f1ores, de esos que pasan horas a diario ah\u00ed, que murmuraban entre ellos que la se\u00f1ora no les convenc\u00eda, que parec\u00eda que no era real, que su rostro estaba muy sucio, cuando su cabello no lo estaba tanto. No dec\u00edan m\u00e1s ni se burlaban, pero no se engancharon. Sin embargo en esa misma plaza hubo otra reacci\u00f3n con la presencia de la se\u00f1ora Santa, y es que quienes han sido v\u00edctimas del fracaso de la estrategia militar en M\u00e9xico, han visto muchas cosas. Pocos sobrevivientes hay que hayan salido no s\u00f3lo vivos, sino libres y sin ataduras tras el trabajo con alg\u00fan c\u00e1rtel en cualquiera de las \u00e1reas de operaci\u00f3n que estos tienen, sea en el \u00e1rea jur\u00eddica o de relaciones pol\u00edticas, en el \u00e1rea financiera, o en la de la compra, producci\u00f3n, almacenamiento y cuidado de marihuana, coca o drogas sint\u00e9ticas. Uno de estos que trabaj\u00f3 en el Tri\u00e1ngulo Dorado, estaba tranquilo, solo, cuando lleg\u00f3 a su lado la se\u00f1ora. Cuando ella se sent\u00f3 con su costal, no tuvo intenci\u00f3n ni inter\u00e9s de moverse ni para alejarse ni para dejarle m\u00e1s lugar. No le llam\u00f3 la atenci\u00f3n, ni tampoco se asust\u00f3. Ella le mostr\u00f3 el vasito color celeste con monedas y sin que ninguno de los 2 dijera palabra, \u00e9l coloc\u00f3 unas monedas en el interior de \u00e9ste. Ella busc\u00f3 entre sus bolsos y sac\u00f3 un bast\u00f3n de caramelo navide\u00f1o y se lo entreg\u00f3. Cerr\u00f3 su costal, y se fue. De sus cosas, \u00e9l sac\u00f3 papel sanitario y lo envolvi\u00f3 en su mano derecha.<\/p>\n\n\n\n<p class=\"wp-block-paragraph\">Observando el caramelo que ten\u00eda frente a \u00e9l, no pod\u00eda dejar de llorar. \u201cDe las personas que menos tienen, y de las que menos esperas, te dan una lecci\u00f3n\u201d, dijo mientras las l\u00e1grimas brotaban de su interior. Se ve que Cristo le ha dado ya oportunidades para remediar da\u00f1os hechos a la sociedad.<\/p>\n\n\n\n<p class=\"wp-block-paragraph\">Otra lecci\u00f3n fuerte sucedi\u00f3 afuera del templo de San Esteban en calle Acu\u00f1a. Ah\u00ed estaba un joven sentado y la se\u00f1ora aprovech\u00f3 para sentarse junto a \u00e9l, y as\u00ed poder entregar regalos a las ni\u00f1as o ni\u00f1os que pasaban por ah\u00ed. Hab\u00eda mucho movimiento.<\/p>\n\n\n\n<p class=\"wp-block-paragraph\">El joven observ\u00f3 bien a la se\u00f1ora y le puso 2 monedas de 10 pesos en su vasito. Pero eso no le bast\u00f3. Se quit\u00f3 una cadena que tra\u00eda al cuello con una imagen religiosa redonda, sin embargo ella se neg\u00f3 a aceptarla. \u00c9l se la puso nuevamente y se dio cuenta que en el cuello ten\u00eda un rosario de madera. Tambi\u00e9n se lo ofreci\u00f3 y ella de nuevo le dijo que no. Se busc\u00f3 entre su ropa algo que pudiera darle a su vecina y sac\u00f3 de la bolsa derecha de sus pantalones de mezclilla, muchas monedas. Las sac\u00f3 todas y se las ofreci\u00f3. Ella no las quiso. \u00c9l, frustrado, sac\u00f3 un gorro negro tejido del morral caf\u00e9 de algod\u00f3n que tra\u00eda cruzado, y se lo ofreci\u00f3. Dado que ella tambi\u00e9n dijo que no, levant\u00f3 los hombros, sacudi\u00f3 su ropa, se levant\u00f3, dijo adi\u00f3s y camin\u00f3 rumbo a calle Allende. \u00bfC\u00f3mo se pierde el miedo a compartir? \u00bfC\u00f3mo es que este joven tuvo el valor de ofrecer todo cuanto ten\u00eda a la se\u00f1ora? \u00bfC\u00f3mo o d\u00f3nde es que se aprende a compartir lo que somos y tenemos? \u00bfPor qu\u00e9 hay personas a las que les cuesta tanto acercarse al otro o a la otra?<\/p>\n\n\n\n<p class=\"wp-block-paragraph\">No creo que se trate de una virtud teologal a desarrollar, sino de una actitud que aunque cuesta, busca mitigar el dolor y la injusticia. Estas acciones de solidaridad se practican cuando se tiene o ha tenido un hueco en el alma, o una carencia f\u00edsica. No importa si se nace entre s\u00e1banas de finos hilos o un pesebre obscuro que necesita iluminarse con fuego o una estrella, en el caminar vamos desarrollando temperamento y personalidad, ego\u00edsmos o lealtades hacia las personas, sociedades miserables o solidarias. Pienso que es necesario eliminar prejuicios y discriminaciones para hacernos hermanas y hermanos entre nosotros, y tener una sociedad avanzada, sin poblaci\u00f3n en la calle, sin personas con hambre, sin casa. Hay que darnos la oportunidad de dar, de escuchar, de dejar ser. Creo que mi malestar inici\u00f3 desde esa tarde; lo que yo tuve fue una indigesti\u00f3n de reacciones inc\u00f3modas, en el coraz\u00f3n de uno de los 2 estados que en pr\u00f3ximos meses sea vivir\u00e1n campa\u00f1as electorales, donde sus propios funcionarios y quien quiere ser el pr\u00f3ximo gobernador, bromean catalog\u00e1ndola como la mejor y m\u00e1s segura ciudad en todo M\u00e9xico. \u00bfD\u00f3nde est\u00e1n las o los candidatos que cambiar\u00e1n la indiferencia por la misericordia, y la acumulaci\u00f3n por la distribuci\u00f3n equitativa?<\/p>\n","protected":false},"excerpt":{"rendered":"<p>En el a\u00f1o 2017 en la Ciudad de M\u00e9xico, el Instituto de Asistencia e Integraci\u00f3n Social (IASIS) de la Secretar\u00eda de Desarrollo Social, coordin\u00f3 el Censo de Poblaciones Callejeras y public\u00f3 que hab\u00eda 100 puntos de alta concentraci\u00f3n en donde se pod\u00edan localizar poco menos de 7 mil personas<\/p>\n","protected":false},"author":3,"featured_media":60929,"comment_status":"open","ping_status":"open","sticky":false,"template":"","format":"standard","meta":{"_monsterinsights_skip_tracking":false,"footnotes":""},"categories":[693,82,110],"tags":[],"class_list":["post-60928","post","type-post","status-publish","format-standard","has-post-thumbnail","category-693","category-la-opinion","category-la-opinion-columnas"],"_links":{"self":[{"href":"https:\/\/redsemlac.com\/semmexico\/wp-json\/wp\/v2\/posts\/60928","targetHints":{"allow":["GET"]}}],"collection":[{"href":"https:\/\/redsemlac.com\/semmexico\/wp-json\/wp\/v2\/posts"}],"about":[{"href":"https:\/\/redsemlac.com\/semmexico\/wp-json\/wp\/v2\/types\/post"}],"author":[{"embeddable":true,"href":"https:\/\/redsemlac.com\/semmexico\/wp-json\/wp\/v2\/users\/3"}],"replies":[{"embeddable":true,"href":"https:\/\/redsemlac.com\/semmexico\/wp-json\/wp\/v2\/comments?post=60928"}],"version-history":[{"count":0,"href":"https:\/\/redsemlac.com\/semmexico\/wp-json\/wp\/v2\/posts\/60928\/revisions"}],"wp:featuredmedia":[{"embeddable":true,"href":"https:\/\/redsemlac.com\/semmexico\/wp-json\/wp\/v2\/media\/60929"}],"wp:attachment":[{"href":"https:\/\/redsemlac.com\/semmexico\/wp-json\/wp\/v2\/media?parent=60928"}],"wp:term":[{"taxonomy":"category","embeddable":true,"href":"https:\/\/redsemlac.com\/semmexico\/wp-json\/wp\/v2\/categories?post=60928"},{"taxonomy":"post_tag","embeddable":true,"href":"https:\/\/redsemlac.com\/semmexico\/wp-json\/wp\/v2\/tags?post=60928"}],"curies":[{"name":"wp","href":"https:\/\/api.w.org\/{rel}","templated":true}]}}