{"id":60921,"date":"2022-12-26T11:31:29","date_gmt":"2022-12-26T17:31:29","guid":{"rendered":"https:\/\/redsemlac.com\/semmexico\/?p=60921"},"modified":"2023-07-21T19:26:15","modified_gmt":"2023-07-22T00:26:15","slug":"la-doctora-sandra-peniche-seria-la-perfecta-merecedora-de-la-medalla-elvia-carrillo-puerto","status":"publish","type":"post","link":"https:\/\/redsemlac.com\/semmexico\/la-doctora-sandra-peniche-seria-la-perfecta-merecedora-de-la-medalla-elvia-carrillo-puerto\/","title":{"rendered":"La doctora Sandra Peniche ser\u00eda la perfecta merecedora de la medalla Elvia Carrillo Puerto"},"content":{"rendered":"\n<ul class=\"wp-block-list\">\n<li><strong>El presidente de la Junta de Gobierno y Coordinaci\u00f3n Pol\u00edtica del Poder Legislativo, V\u00edctor Hugo Lozano Poveda, opin\u00f3 que le encantar\u00eda que la fallecida activista sea la primera recipiendaria.<\/strong><\/li>\n<\/ul>\n\n\n\n<p class=\"wp-block-paragraph\"><strong>Redacci\u00f3n<\/strong><\/p>\n\n\n\n<p class=\"wp-block-paragraph\">SemM\u00e9xico\/Visi\u00f3nPeninsular, M\u00e9rida, Yucat\u00e1n, 26 de diciembre del 2022.- A m\u00ed, en lo personal, me encantar\u00eda que la doctora Sandra Peniche Quintal fuera la primera recipiendaria de la Medalla Elvia Carrillo Puerto, afirm\u00f3 el diputado V\u00edctor Hugo Lozano Poveda, quien en vida sostuvo una amistad con la activista en derechos humanos, pol\u00edticos, sexuales y reproductivos de la mujer.<\/p>\n\n\n\n<p class=\"wp-block-paragraph\">\u201cYo creo que la doctora Peniche, perfectamente, puede ser merecedora de la Medalla, desafortunadamente post-mortem\u201d, asegur\u00f3. \u201cLa doctora, creo que ser\u00eda una perfecta merecedora de la medalla Elvia Carrillo Puerto\u201d, insisti\u00f3.<\/p>\n\n\n\n<p class=\"wp-block-paragraph\">La muerte de la m\u00e9dica deja una reflexi\u00f3n para pr\u00f3ximos reconocimientos. \u201cEsto es un llamado de atenci\u00f3n para todos, no es necesario ser una persona mayor para recibir un reconocimiento. Y muchas veces, en el Congreso del Estado pareciera que es un requisito tener m\u00e1s de 70 a\u00f1os para ser objeto de un reconocimiento. La doctora no ca\u00eda en ese supuesto\u201d, dijo.<\/p>\n\n\n\n<p class=\"wp-block-paragraph\">Sin embargo, la decisi\u00f3n tiene que pasar por una comisi\u00f3n, que es la encargada para someter la postulaci\u00f3n a votaci\u00f3n en el pleno, se\u00f1al\u00f3 el tambi\u00e9n presidente de la Junta de Gobierno y Coordinaci\u00f3n Pol\u00edtica del Poder Legislativo.<\/p>\n\n\n\n<p class=\"wp-block-paragraph\">El diputado panista V\u00edctor Hugo Lozano Poveda, presidente de la Junta de Gobierno y Coordinaci\u00f3n Pol\u00edtica del Poder Legislativo, extern\u00f3 su simpat\u00eda para que la doctora Sandra Peniche Quintal sea la primera recipiendaria de la Medalla Elvia Carrillo Puerto.<\/p>\n\n\n\n<p class=\"wp-block-paragraph\">SEM\/MG<\/p>\n","protected":false},"excerpt":{"rendered":"<p>El presidente de la Junta de Gobierno y Coordinaci\u00f3n Pol\u00edtica del Poder Legislativo, V\u00edctor Hugo Lozano Poveda, opin\u00f3 que le encantar\u00eda que la fallecida activista sea la primera recipiendaria.<\/p>\n","protected":false},"author":3,"featured_media":60922,"comment_status":"open","ping_status":"open","sticky":false,"template":"","format":"standard","meta":{"_monsterinsights_skip_tracking":false,"footnotes":""},"categories":[693,50],"tags":[],"class_list":["post-60921","post","type-post","status-publish","format-standard","has-post-thumbnail","category-693","category-congreso"],"_links":{"self":[{"href":"https:\/\/redsemlac.com\/semmexico\/wp-json\/wp\/v2\/posts\/60921","targetHints":{"allow":["GET"]}}],"collection":[{"href":"https:\/\/redsemlac.com\/semmexico\/wp-json\/wp\/v2\/posts"}],"about":[{"href":"https:\/\/redsemlac.com\/semmexico\/wp-json\/wp\/v2\/types\/post"}],"author":[{"embeddable":true,"href":"https:\/\/redsemlac.com\/semmexico\/wp-json\/wp\/v2\/users\/3"}],"replies":[{"embeddable":true,"href":"https:\/\/redsemlac.com\/semmexico\/wp-json\/wp\/v2\/comments?post=60921"}],"version-history":[{"count":0,"href":"https:\/\/redsemlac.com\/semmexico\/wp-json\/wp\/v2\/posts\/60921\/revisions"}],"wp:featuredmedia":[{"embeddable":true,"href":"https:\/\/redsemlac.com\/semmexico\/wp-json\/wp\/v2\/media\/60922"}],"wp:attachment":[{"href":"https:\/\/redsemlac.com\/semmexico\/wp-json\/wp\/v2\/media?parent=60921"}],"wp:term":[{"taxonomy":"category","embeddable":true,"href":"https:\/\/redsemlac.com\/semmexico\/wp-json\/wp\/v2\/categories?post=60921"},{"taxonomy":"post_tag","embeddable":true,"href":"https:\/\/redsemlac.com\/semmexico\/wp-json\/wp\/v2\/tags?post=60921"}],"curies":[{"name":"wp","href":"https:\/\/api.w.org\/{rel}","templated":true}]}}