{"id":60914,"date":"2022-12-28T11:24:03","date_gmt":"2022-12-28T17:24:03","guid":{"rendered":"https:\/\/redsemlac.com\/semmexico\/?p=60914"},"modified":"2023-07-21T19:26:15","modified_gmt":"2023-07-22T00:26:15","slug":"denuncian-reclusion-injusta-de-mujer-en-san-cristobal-de-las-casas","status":"publish","type":"post","link":"https:\/\/redsemlac.com\/semmexico\/denuncian-reclusion-injusta-de-mujer-en-san-cristobal-de-las-casas\/","title":{"rendered":"Denuncian reclusi\u00f3n injusta de mujer en San Crist\u00f3bal de las Casas"},"content":{"rendered":"\n<ul class=\"wp-block-list\">\n<li><strong>Colectiva feminista organiza colecta para pagar fianza.<\/strong><\/li>\n<\/ul>\n\n\n\n<p class=\"wp-block-paragraph\"><strong>Gabriela Couti\u00f1o<\/strong><\/p>\n\n\n\n<p class=\"wp-block-paragraph\">SemM\u00e9xico, Tuxtla Guti\u00e9rrez, Chiapas, 28 de diciembre del 2022.- La Colectiva Cereza, un grupo de abogadas que se dedican a asesorar, aportar y defender a mujeres en prisi\u00f3n inici\u00f3 una campa\u00f1a de recolecci\u00f3n de fondos para pagar la fianza, y una multa global por 34 mil 900 pesos para que una mujer identificada como Isabel, sentenciada \u201cinjustamente\u201d a 3 a\u00f1os de c\u00e1rcel en el penal de San Crist\u00f3bal de las Casas, sea liberada.<\/p>\n\n\n\n<p class=\"wp-block-paragraph\">Patricia Aracil, directora de la asociaci\u00f3n inform\u00f3 que no dar\u00e1n a conocer p\u00fablicamente de qu\u00e9 delito est\u00e1 acusada Isabel porque \u201cpuede causar muchos prejuicios y desencadenar juicios de valores, etc\u00e9tera, adem\u00e1s de que Isabel es inocente y le podr\u00eda perjudicar\u201d.<\/p>\n\n\n\n<p class=\"wp-block-paragraph\">\u201cComo colectiva valoramos a quien apoyamos. En el caso de Isabel es una mujer de 23 a\u00f1os, muy joven, viene de una situaci\u00f3n de extrema pobreza; desde muy ni\u00f1a en que fue abandonada por su padre y su madre. Tiene un ni\u00f1o de 7 a\u00f1os y una ni\u00f1a de 6 que est\u00e1n al cuidado de la abuela en extrema pobreza. Viven en una comunidad junto al r\u00edo Usumacinta en el municipio de Palenque\u201d.<\/p>\n\n\n\n<p class=\"wp-block-paragraph\">Hasta este martes, la colectiva feminista hab\u00edan recaudado 22 mil 725 pesos a trav\u00e9s de dep\u00f3sitos bancarios realizados por agrupaciones y personas en lo individual.<\/p>\n\n\n\n<p class=\"wp-block-paragraph\">Aracil explic\u00f3 que inicialmente quer\u00edan recaudar s\u00f3lo una parte, \u201cporque la familia de la joven har\u00eda un pr\u00e9stamo de 25 mil pesos, pero como no lo consiguieron, lanzamos la convocatoria amplia para recaudar los 34 mil 900 pesos\u201d.<\/p>\n\n\n\n<p class=\"wp-block-paragraph\">Se\u00f1al\u00f3 que la multa de 29 mil pesos que se le impuso es \u201cdesorbitada. Fue un juicio abreviado, porque asumi\u00f3 la culpabilidad del delito, aunque no lo haya cometido. No hay reparaci\u00f3n del da\u00f1o, porque la v\u00edctima se retract\u00f3 y se retir\u00f3, y aun as\u00ed fue condenada a tres a\u00f1os de prisi\u00f3n\u201d.<\/p>\n\n\n\n<p class=\"wp-block-paragraph\">La fianza para que salga Isabel en libertad del penal de San Crist\u00f3bal de las Casas es de 4 mil 500 pesos, lo que junto con la multa suma 34 mil 900 pesos.<\/p>\n\n\n\n<p class=\"wp-block-paragraph\">\u201cAl pagar la fianza y la multa, Isabel quedar\u00eda condicionada por dos a\u00f1os y dos meses que le quedan de prisi\u00f3n\u201d, indic\u00f3 la abogada.<\/p>\n\n\n\n<p class=\"wp-block-paragraph\">La activista coment\u00f3 que \u201cser\u00eda importante que la Mesa de Reconciliaci\u00f3n, integrada por los tres poderes de Chiapas, tomara en cuenta el caso de Isabel para que sea liberada por razones humanitarias\u201d.<\/p>\n\n\n\n<p class=\"wp-block-paragraph\">Finalmente manifest\u00f3 que la iniciativa de recolecci\u00f3n de fondos \u201cno tiene l\u00ednea pol\u00edtica de ning\u00fan tipo, y no queremos que ning\u00fan partido quiera provechar la situaci\u00f3n de Isabel\u201d.<\/p>\n\n\n\n<p class=\"wp-block-paragraph\">SEM\/MG<\/p>\n","protected":false},"excerpt":{"rendered":"<p>Colectiva feminista organiza colecta para pagar fianza.<\/p>\n","protected":false},"author":3,"featured_media":60915,"comment_status":"open","ping_status":"open","sticky":false,"template":"","format":"standard","meta":{"_monsterinsights_skip_tracking":false,"footnotes":""},"categories":[693,54],"tags":[],"class_list":["post-60914","post","type-post","status-publish","format-standard","has-post-thumbnail","category-693","category-mujeres"],"_links":{"self":[{"href":"https:\/\/redsemlac.com\/semmexico\/wp-json\/wp\/v2\/posts\/60914","targetHints":{"allow":["GET"]}}],"collection":[{"href":"https:\/\/redsemlac.com\/semmexico\/wp-json\/wp\/v2\/posts"}],"about":[{"href":"https:\/\/redsemlac.com\/semmexico\/wp-json\/wp\/v2\/types\/post"}],"author":[{"embeddable":true,"href":"https:\/\/redsemlac.com\/semmexico\/wp-json\/wp\/v2\/users\/3"}],"replies":[{"embeddable":true,"href":"https:\/\/redsemlac.com\/semmexico\/wp-json\/wp\/v2\/comments?post=60914"}],"version-history":[{"count":0,"href":"https:\/\/redsemlac.com\/semmexico\/wp-json\/wp\/v2\/posts\/60914\/revisions"}],"wp:featuredmedia":[{"embeddable":true,"href":"https:\/\/redsemlac.com\/semmexico\/wp-json\/wp\/v2\/media\/60915"}],"wp:attachment":[{"href":"https:\/\/redsemlac.com\/semmexico\/wp-json\/wp\/v2\/media?parent=60914"}],"wp:term":[{"taxonomy":"category","embeddable":true,"href":"https:\/\/redsemlac.com\/semmexico\/wp-json\/wp\/v2\/categories?post=60914"},{"taxonomy":"post_tag","embeddable":true,"href":"https:\/\/redsemlac.com\/semmexico\/wp-json\/wp\/v2\/tags?post=60914"}],"curies":[{"name":"wp","href":"https:\/\/api.w.org\/{rel}","templated":true}]}}