{"id":60906,"date":"2022-12-26T16:22:48","date_gmt":"2022-12-26T22:22:48","guid":{"rendered":"https:\/\/redsemlac.com\/semmexico\/?p=60906"},"modified":"2023-07-21T19:26:15","modified_gmt":"2023-07-22T00:26:15","slug":"mujeres-y-politica-autonomia-en-la-fiscalia","status":"publish","type":"post","link":"https:\/\/redsemlac.com\/semmexico\/mujeres-y-politica-autonomia-en-la-fiscalia\/","title":{"rendered":"Mujeres y Pol\u00edtica| Autonom\u00eda en la Fiscal\u00eda"},"content":{"rendered":"\n<p class=\"wp-block-paragraph\"><strong>Soledad Jarqu\u00edn Edgar<\/strong><br>SemM\u00e9xico, Oaxaca, 26 de diciembre, 2022.- La autonom\u00eda de las fiscal\u00edas se estableci\u00f3 para terminar con la estructural impunidad, derivada de la injerencia y en ocasiones la obstaculizaci\u00f3n por parte del presidente de M\u00e9xico en turno, de los y las gobernadoras de las entidades federativas y del funcionariado. Es decir, la \u201cindependencia\u201d de las Fiscal\u00edas del poder Ejecutivo, federal o estatal, era \u2013cuando se concibi\u00f3- una rendija de oportunidad para investigar y perseguir delitos e infractores y por tanto terminar con la lacerante impunidad, el pantano en que se ha convertido el sistema judicial mexicano y que ahoga a las v\u00edctimas.<\/p>\n\n\n\n<p class=\"wp-block-paragraph\">A menos de un decenio en lo federal y un quinquenio en lo local, al menos en el caso de Oaxaca, estamos a a\u00f1os luz de terminar con la injerencia del Ejecutivo en la b\u00fasqueda de justicia, y por tanto de alcanzar la llevada y tra\u00edda autonom\u00eda de las fiscal\u00edas. La cual, por cierto, es utilizada solo para fines de conveniencia.<\/p>\n\n\n\n<p class=\"wp-block-paragraph\">Ello que ha dado, entre otras cosas, origen a la impunidad estructural, al entrampamiento de miles de casos sin resolver y, por tanto, la negaci\u00f3n del derecho a la justicia y a la verdad hist\u00f3rica de los hechos que terminan la vida de seres humanos en este pa\u00eds, que no dej\u00f3 de ser un M\u00e9xico B\u00e1rbaro, parafraseando el t\u00edtulo del libro de John Kenneth Turner, publicado en 1911.<\/p>\n\n\n\n<p class=\"wp-block-paragraph\">Es sabido que la renuncia del fiscal general de Oaxaca, aceptada este lunes en una fugaz sesi\u00f3n extraordinaria del Congreso local, se forj\u00f3 desde la titularidad del poder Ejecutivo, lo que no es una novedad, as\u00ed ha sido el uso y la costumbre. Se olvidan por tanto que la Fiscal\u00eda no es parte m\u00e1s del gabinete de gobierno, bueno al menos as\u00ed se entiende en la ley.<\/p>\n\n\n\n<p class=\"wp-block-paragraph\">Desde que Salom\u00f3n Jara Cruz, gobernador de Oaxaca, gan\u00f3 las elecciones en el pasado proceso electoral, hace unos seis meses, el propio Arturo Peimbert reconoci\u00f3 que se ten\u00eda que ir, que en cualquier momento le pedir\u00edan la renuncia, debido a \u201cdiferencias irreconciliables\u201d entre ambos personajes. La fecha se cumpli\u00f3, el pasado viernes, el fiscal acudi\u00f3 al Congreso de Oaxaca a presentar su renuncia.<\/p>\n\n\n\n<p class=\"wp-block-paragraph\">La injerencia en otras \u00e1reas no es el verdadero pecado de un gobernante, que envestido como tal, empieza a fungir como el amo y se\u00f1or de todas las cosas a su alcance y las que no alcanza con la mano, se las arriman. As\u00ed funcionan, ha sido un modo y estilo perpetrado por todos y cada uno de los ex gobernantes, aqu\u00ed y en casi todos los rincones de este pa\u00eds. No hay l\u00edmite. Es una deformaci\u00f3n en el hacer y dejar de hacer de quien asume un cargo p\u00fablico de esa magnitud, a pesar de llevar a cuestas las doctrinas pol\u00edticas del pr\u00f3cer mexicano, de origen oaxaque\u00f1o, que todo personaje que se precie de buen pol\u00edtico cita, me refiero a Benito Ju\u00e1rez Garc\u00eda (1802-1876).<\/p>\n\n\n\n<p class=\"wp-block-paragraph\">Lo que sabemos y podemos comprobar es que el gobernante en turno decide y ordena a un fiscal a pesar de la autonom\u00eda. Con el ex gobernador de Oaxaca se pueden citar varios, muchos de ellos que tienen que ver con temas de distintos tipos violencias contra las mujeres. A 26 d\u00edas del actual gobernante de Oaxaca las cosas no parecen mejorar. As\u00ed que alegando autonom\u00eda se puede obstaculizar un caso, inclinar la balanza no siempre a favor de la justicia y tambi\u00e9n se puede hacer caso omiso en todo sentido. No te ven, no te escuchan y menos te oyen, as\u00ed de simple.<\/p>\n\n\n\n<p class=\"wp-block-paragraph\">De ah\u00ed que, se hace necesario revisar el cumplimiento de la autonom\u00eda de la Fiscal\u00eda, desde el propio Congreso local quien como ha sucedido, tendr\u00e1 que palomear \u201cal o la buena\u201d en la Fiscal\u00eda General del Estado de Oaxaca, quien habr\u00eda que decirle se enfrentar\u00e1 a un monstruo donde no siempre manda el que la dirige y tendr\u00e1 que servir a intereses ajenos y muy lejanos a la justicia. O sea, como dicen en el pueblo, se va a echar un trompo a la u\u00f1a.<\/p>\n\n\n\n<p class=\"wp-block-paragraph\">Y bueno, ya que andan en esos menesteres, bien har\u00eda el Congreso local en revisar la eficiencia de las Fiscal\u00edas Especializadas, una en Materia de Combate a la Corrupci\u00f3n y otra en Delitos Electorales, donde nos sobran dedos de la mano para sobre el n\u00famero de expedientes judicializados y el resto siguen empolvados, guardados en cajas de cart\u00f3n, para que un d\u00eda se vayan a la basura.<\/p>\n","protected":false},"excerpt":{"rendered":"<p>a autonom\u00eda de las fiscal\u00edas se estableci\u00f3 para terminar con la estructural impunidad, derivada de la injerencia y en ocasiones la obstaculizaci\u00f3n por parte del presidente de M\u00e9xico en turno<\/p>\n","protected":false},"author":3,"featured_media":8460,"comment_status":"open","ping_status":"open","sticky":false,"template":"","format":"standard","meta":{"_monsterinsights_skip_tracking":false,"footnotes":""},"categories":[693,96,35,75],"tags":[],"class_list":["post-60906","post","type-post","status-publish","format-standard","has-post-thumbnail","category-693","category-mujeres-y-politica","category-opinion","category-soledad-jarquin-edgar"],"_links":{"self":[{"href":"https:\/\/redsemlac.com\/semmexico\/wp-json\/wp\/v2\/posts\/60906","targetHints":{"allow":["GET"]}}],"collection":[{"href":"https:\/\/redsemlac.com\/semmexico\/wp-json\/wp\/v2\/posts"}],"about":[{"href":"https:\/\/redsemlac.com\/semmexico\/wp-json\/wp\/v2\/types\/post"}],"author":[{"embeddable":true,"href":"https:\/\/redsemlac.com\/semmexico\/wp-json\/wp\/v2\/users\/3"}],"replies":[{"embeddable":true,"href":"https:\/\/redsemlac.com\/semmexico\/wp-json\/wp\/v2\/comments?post=60906"}],"version-history":[{"count":0,"href":"https:\/\/redsemlac.com\/semmexico\/wp-json\/wp\/v2\/posts\/60906\/revisions"}],"wp:featuredmedia":[{"embeddable":true,"href":"https:\/\/redsemlac.com\/semmexico\/wp-json\/wp\/v2\/media\/8460"}],"wp:attachment":[{"href":"https:\/\/redsemlac.com\/semmexico\/wp-json\/wp\/v2\/media?parent=60906"}],"wp:term":[{"taxonomy":"category","embeddable":true,"href":"https:\/\/redsemlac.com\/semmexico\/wp-json\/wp\/v2\/categories?post=60906"},{"taxonomy":"post_tag","embeddable":true,"href":"https:\/\/redsemlac.com\/semmexico\/wp-json\/wp\/v2\/tags?post=60906"}],"curies":[{"name":"wp","href":"https:\/\/api.w.org\/{rel}","templated":true}]}}