{"id":60881,"date":"2022-12-24T10:50:00","date_gmt":"2022-12-24T16:50:00","guid":{"rendered":"https:\/\/redsemlac.com\/semmexico\/?p=60881"},"modified":"2023-07-21T19:25:15","modified_gmt":"2023-07-22T00:25:15","slug":"ambigu-el-tumor-en-el-cerebro-la-prensa-critica-le-sirve-al-pais-no-a-amlo","status":"publish","type":"post","link":"https:\/\/redsemlac.com\/semmexico\/ambigu-el-tumor-en-el-cerebro-la-prensa-critica-le-sirve-al-pais-no-a-amlo\/","title":{"rendered":"Ambig\u00fa| El tumor en el cerebro: la prensa cr\u00edtica le sirve al pa\u00eds, no a AMLO"},"content":{"rendered":"\n<p class=\"wp-block-paragraph\"><strong> Martha Elba Torres Mart\u00ednez<\/strong><\/p>\n\n\n\n<p class=\"wp-block-paragraph\">SemM\u00e9xico, Morelia, Michoac\u00e1n, 24 de diciembre del 2022.- Adem\u00e1s de atenderse rutinariamente sus males como el hipertiroidismo, la gota, az\u00facar alta y coraz\u00f3n, ser\u00eda conveniente que el populista L\u00f3pez Obrador se realice una resonancia magn\u00e9tica porque en una de esas, de tanto estar pendiente de lo que escriben y dicen periodistas cr\u00edticos, le sali\u00f3 un tumor en el cerebro.<\/p>\n\n\n\n<p class=\"wp-block-paragraph\">Solo as\u00ed se entienden tantas zoquetadas. Una tras otra. Se trata de pelearse con todos y por todo. Como con Per\u00fa, al que le dice que debe o no hacer, y su defensa al golpista Pedro Castillo y su familia. Sobre el feminicidio de Blanca Arellano que en agosto pasado fue asesinada y descuartizada en ese pa\u00eds, ni una palabra.<\/p>\n\n\n\n<p class=\"wp-block-paragraph\">Al periodismo cr\u00edtico lo tiene sentenciado a muerte.<\/p>\n\n\n\n<p class=\"wp-block-paragraph\">\u201cAntes no se pod\u00eda tocar a los intocables, ahora si podemos hacerlo\u201d, dijo en una reciente ma\u00f1anera, y \u00a1tras! el atentado contra Ciro G\u00f3mez Leyva, un l\u00edder de opini\u00f3n relevante. No quiero echar sal y menos leerme mal, pero \u00bfqui\u00e9n sigue?<\/p>\n\n\n\n<p class=\"wp-block-paragraph\">\u201cImag\u00ednense si nada m\u00e1s escucha uno a Ciro o a Loret de Mola, o a Sarmiento, no pues es hasta da\u00f1ino hasta para la salud. Si los escucha uno mucho le puede salir a uno un tumor en el cerebro\u201d. Pues ya lo tienen y bien grandote, sus fan\u00e1ticos -quienes sean y desde d\u00f3nde se escondan-, que orquestaron el ataque a Ciro. Porque los tumores se extirpan para que no crezcan y hagan m\u00e1s da\u00f1o.<\/p>\n\n\n\n<p class=\"wp-block-paragraph\">L\u00f3pez Obrador quiere acabar con el periodismo investigativo, cr\u00edtico. Eso es un hecho:<\/p>\n\n\n\n<p class=\"wp-block-paragraph\">\u201cYa ese periodismo no tiene qu\u00e9 hacer en el pa\u00eds, existe la libertad de expresi\u00f3n de las ideas\u201d. \u201cEs gente muy deshonesta, y hay que seguir, hay que seguir informando, no dejarles libre el terreno\u201d.<\/p>\n\n\n\n<p class=\"wp-block-paragraph\">\u201cRepresentan a grupos de poder econ\u00f3mico y pol\u00edtico, es parte de la corrupci\u00f3n que imper\u00f3 durante mucho tiempo y ahora est\u00e1n muy molestos porque ya no tienen el poder que antes exhib\u00edan impunemente; ya difaman, atacan todos los d\u00edas, pero no tienen efectividad, porque la gente, lo hemos dicho muchas veces, est\u00e1 muy consciente y ya est\u00e1 harta de la prensa vendida o alquilada y de estos medios de comunicaci\u00f3n que solo defienden a las minor\u00edas rapases\u201d.<\/p>\n\n\n\n<p class=\"wp-block-paragraph\">Es la cantaleta de los \u00faltimos cuatro a\u00f1os y vemos las consecuencias. Este 2022, 14 periodistas han sido asesinados.<\/p>\n\n\n\n<p class=\"wp-block-paragraph\">Pero \u00bfno tiene nada qu\u00e9 hacer en el pa\u00eds, el periodismo cr\u00edtico?<\/p>\n\n\n\n<p class=\"wp-block-paragraph\">Imagine usted, amable lector, lectora, que se levanta, prende la radio o la televisi\u00f3n y las \u00fanicas noticias que recibe, es lo que dice el Presidente en sus ma\u00f1aneras. Espera los reportes del medio d\u00eda y es el mismo AMLO y sus notas y boletines; y as\u00ed le llega la tarde y noche, y los noticieros -si los hay-, reproducen lo mismo: vamos bien, ya baj\u00f3 la delincuencia y crece la seguridad, el sistema de salud est\u00e1 a todo dar y hay abasto de medicamentos; la inflaci\u00f3n est\u00e1 bajo control.<\/p>\n\n\n\n<p class=\"wp-block-paragraph\">La \u00fanica informaci\u00f3n disponible son las versiones oficiales de los hechos p\u00fablicos; ning\u00fan medio o periodista investiga y verifica, porque \u201cno le sirve al pa\u00eds\u201d. La palabra del Presidente es dogma y no se cuestiona, menos se critica.<\/p>\n\n\n\n<p class=\"wp-block-paragraph\">Las marchas y protestas no tendr\u00edan mayor cobertura que monitorear el cierre de calles. \u00bfQu\u00e9 demandan? pues quien sabe porque no hay prensa que recoja sus versiones. Los ni\u00f1os con c\u00e1ncer son golpistas y los ambientalistas emisarios del conservadurismo.<\/p>\n\n\n\n<p class=\"wp-block-paragraph\">As\u00ed ser\u00eda con los informes sobre seguridad: la incidencia delictiva sigue bajando mes por mes; ya no hay masacres ni asaltos. Si llega la vecina y le avisa que su hijo est\u00e1 tirando en la esquina de la calle sobre un charco de sangre, pues se muri\u00f3; las desapariciones forzadas por parte de la milicia no habr\u00e1 qui\u00e9n las reporte y mucho menos de los montones de ejecutados en cualquier parte del pa\u00eds.<\/p>\n\n\n\n<p class=\"wp-block-paragraph\">Si en las cl\u00ednicas y hospitales del IMSS o ISSSTE no hay medicamentos, le posponen cada rato la cirug\u00eda de urgencia o no hay hemodi\u00e1lisis, la versi\u00f3n oficial ser\u00e1 que el sistema de salud est\u00e1 como en Dinamarca, que es de los m\u00e1s completos, r\u00e1pidos y eficientes. Pero no hay quien diga y demuestre lo contrario, porque no hay prensa que investigue y denuncie.<\/p>\n\n\n\n<p class=\"wp-block-paragraph\">Y que tal empleados p\u00fablicos del gobierno federal o de los estados, que testifiquen el saqueo de los recursos p\u00fablicos, c\u00f3mo roban en descarado y a plena luz del d\u00eda, gobernadores, alcaldes, diputados, senadores, \u00bfa qui\u00e9n se lo van a contar para que indague y pruebe? si L\u00f3pez Obrador dice que ya no hay corrupci\u00f3n y todo es pureza y probidad en M\u00e9xico.<\/p>\n\n\n\n<p class=\"wp-block-paragraph\">En ese escenario para nada imposible, de prosperar el golpe de Estado a la democracia, no dude estimado lector y lectora, que ver\u00e1 a los \u201cservidores de la naci\u00f3n\u201d como funcionarios de casilla y contando los votos en las elecciones del 2024.<\/p>\n\n\n\n<p class=\"wp-block-paragraph\">Esta semana, hackearon semanariolosperiodistas.mx.<\/p>\n\n\n\n<p class=\"wp-block-paragraph\">No somos un medio de gran comunidad, ni pautamos ni pagamos likes en Oxxo; somos un pu\u00f1ado de periodistas de la vieja guardia que expresamos nuestros puntos de vista ante los hechos pol\u00edticos y sociales. Eso s\u00ed, nuestro valor es nuestro \u00edndice de confianza: 94 por ciento. Nos leen, porque nos creen. No enga\u00f1amos a nadie ni publicamos nota roja. Quien entra a nuestro sitio, sabe lo que encontrar\u00e1. \u00bfEntonces?<\/p>\n\n\n\n<p class=\"wp-block-paragraph\">El periodismo investigativo, cr\u00edtico, le sirve a M\u00e9xico. Al que no, es al populista L\u00f3pez Obrador y sus trapacer\u00edas. El caso de la ministra de la 4T, Yasm\u00edn Esquivel Mossa, es emblema del momento. Result\u00f3 una tramposa, deshonesta, sin \u00e9tica profesional, al plagiarse una tesis para obtener la licenciatura.<\/p>\n\n\n\n<p class=\"wp-block-paragraph\">Y en lugar de reprobar acto tan vergonzante, la defiende con el himno chairo: m\u00e1s da\u00f1o han hecho los prianistas.<\/p>\n\n\n\n<p class=\"wp-block-paragraph\">Que AMLO consecuente el plagio de tesis por parte de su amiga Esquivel, es tanto como dar rienda suelta a que muchos estudiantes siguen el ejemplo. \u00bfPor qu\u00e9? Porque en el M\u00e9xico del lopezobradorismo, nada il\u00edcito, inmoral e impropio, tiene consecuencias.<\/p>\n\n\n\n<p class=\"wp-block-paragraph\">Pues de esa cala\u00f1a, la ministra patito puede ser la pr\u00f3xima presidenta de la Suprema Corte de Justicia de la Naci\u00f3n.<\/p>\n\n\n\n<p class=\"wp-block-paragraph\">Que Dios nos salve\u2026<\/p>\n","protected":false},"excerpt":{"rendered":"<p>Adem\u00e1s de atenderse rutinariamente sus males como el hipertiroidismo, la gota, az\u00facar alta y coraz\u00f3n, ser\u00eda conveniente que el populista L\u00f3pez Obrador se realice una resonancia magn\u00e9tica porque en una de esas, de tanto estar pendiente de lo que escriben y dicen periodistas cr\u00edticos, le sali\u00f3 un tumor en el cerebro.<\/p>\n","protected":false},"author":3,"featured_media":9024,"comment_status":"open","ping_status":"open","sticky":false,"template":"","format":"standard","meta":{"_monsterinsights_skip_tracking":false,"footnotes":""},"categories":[693,99,90,35],"tags":[],"class_list":["post-60881","post","type-post","status-publish","format-standard","has-post-thumbnail","category-693","category-ambigu","category-martha-elba-torres-martinez","category-opinion"],"_links":{"self":[{"href":"https:\/\/redsemlac.com\/semmexico\/wp-json\/wp\/v2\/posts\/60881","targetHints":{"allow":["GET"]}}],"collection":[{"href":"https:\/\/redsemlac.com\/semmexico\/wp-json\/wp\/v2\/posts"}],"about":[{"href":"https:\/\/redsemlac.com\/semmexico\/wp-json\/wp\/v2\/types\/post"}],"author":[{"embeddable":true,"href":"https:\/\/redsemlac.com\/semmexico\/wp-json\/wp\/v2\/users\/3"}],"replies":[{"embeddable":true,"href":"https:\/\/redsemlac.com\/semmexico\/wp-json\/wp\/v2\/comments?post=60881"}],"version-history":[{"count":0,"href":"https:\/\/redsemlac.com\/semmexico\/wp-json\/wp\/v2\/posts\/60881\/revisions"}],"wp:featuredmedia":[{"embeddable":true,"href":"https:\/\/redsemlac.com\/semmexico\/wp-json\/wp\/v2\/media\/9024"}],"wp:attachment":[{"href":"https:\/\/redsemlac.com\/semmexico\/wp-json\/wp\/v2\/media?parent=60881"}],"wp:term":[{"taxonomy":"category","embeddable":true,"href":"https:\/\/redsemlac.com\/semmexico\/wp-json\/wp\/v2\/categories?post=60881"},{"taxonomy":"post_tag","embeddable":true,"href":"https:\/\/redsemlac.com\/semmexico\/wp-json\/wp\/v2\/tags?post=60881"}],"curies":[{"name":"wp","href":"https:\/\/api.w.org\/{rel}","templated":true}]}}