{"id":60865,"date":"2022-12-23T11:23:03","date_gmt":"2022-12-23T17:23:03","guid":{"rendered":"https:\/\/redsemlac.com\/semmexico\/?p=60865"},"modified":"2023-07-21T19:25:16","modified_gmt":"2023-07-22T00:25:16","slug":"tras-condenar-la-prohibicion-de-los-talibanes-a-las-mujeres-de-ir-a-la-universidad-la-onu-pide-su-revocacion-inmediata","status":"publish","type":"post","link":"https:\/\/redsemlac.com\/semmexico\/tras-condenar-la-prohibicion-de-los-talibanes-a-las-mujeres-de-ir-a-la-universidad-la-onu-pide-su-revocacion-inmediata\/","title":{"rendered":"Tras condenar la prohibici\u00f3n de los talibanes a las mujeres de ir a la universidad, la ONU pide su revocaci\u00f3n inmediata"},"content":{"rendered":"\n<ul class=\"wp-block-list\">\n<li><strong>La exclusi\u00f3n sistem\u00e1tica de las mujeres en pr\u00e1cticamente todos los aspectos de la vida en el pa\u00eds no tiene parang\u00f3n en el mundo.<\/strong><\/li>\n<\/ul>\n\n\n\n<p class=\"wp-block-paragraph\"><strong>Redacci\u00f3n<\/strong><\/p>\n\n\n\n<p class=\"wp-block-paragraph\">SemM\u00e9xico\/ONUNoticias, Ciudad de M\u00e9xico, 23 de diciembre del 2022.- La ONU, todas sus agencias y los expertos en derechos humanos han condenado la decisi\u00f3n de los talibanes de cerrar las universidades a las mujeres y han solicitado a las autoridades de facto que gobiernan Afganist\u00e1n que \u00abrevoquen inmediatamente la decisi\u00f3n\u00bb.<\/p>\n\n\n\n<p class=\"wp-block-paragraph\">En un comunicado, la Misi\u00f3n de Asistencia de la ONU en Afganist\u00e1n (<a href=\"http:\/\/unama.unmissions.org\/\" target=\"_blank\" rel=\"noreferrer noopener\">UNAMA<\/a>) inst\u00f3 a tales autoridades a \u00abreabrir las escuelas para ni\u00f1as m\u00e1s all\u00e1 del sexto grado y poner fin a todas las medidas que impiden a las mujeres participar plenamente en la vida p\u00fablica cotidiana\u00bb.<\/p>\n\n\n\n<h2 class=\"wp-block-heading\"><strong>Violaci\u00f3n clara del derecho a la educaci\u00f3n<\/strong><\/h2>\n\n\n\n<p class=\"wp-block-paragraph\">El Alto Comisionado de la ONU para los Derechos Humanos, Volker T\u00fcrk, describi\u00f3 la prohibici\u00f3n como \u00ab<strong>otro golpe atroz y cruel a los derechos de las mujeres y ni\u00f1as afganas<\/strong>&nbsp;y un rev\u00e9s profundamente lamentable para todo el pa\u00eds\u00bb.<\/p>\n\n\n\n<p class=\"wp-block-paragraph\">Tras recordar que su exclusi\u00f3n sistem\u00e1tica de pr\u00e1cticamente todos los aspectos de la vida \u00abno tiene parang\u00f3n en el mundo\u00bb, sostuvo que prohibir a las mujeres la educaci\u00f3n terciaria es \u00aba\u00fan m\u00e1s desgarrador\u00bb si se tienen en cuenta sus vitales contribuciones a lo largo de los a\u00f1os.<\/p>\n\n\n\n<p class=\"wp-block-paragraph\">\u00abAdem\u00e1s de la prohibici\u00f3n de que las ni\u00f1as asistan a la escuela secundaria, basta pensar en todas las doctoras, abogadas y maestras que se han perdido, y que se perder\u00e1n, para el desarrollo del pa\u00eds\u00bb, dijo el alto funcionario de la ONU.<\/p>\n\n\n\n<p class=\"wp-block-paragraph\">Afirm\u00f3 que suspender el acceso de las mujeres a la educaci\u00f3n terciaria y superior supone una \u00abclara violaci\u00f3n\u00bb de\u00a0<strong>las obligaciones contra\u00eddas por Afganist\u00e1n en virtud del derecho internacional<\/strong>, y a\u00f1adi\u00f3 que su derecho a acceder a todos los niveles educativos sin discriminaci\u00f3n es \u00abfundamental e incuestionable\u00bb.<\/p>\n\n\n<div class=\"wp-block-image\">\n<figure class=\"alignleft size-full\"><a href=\"https:\/\/redsemlac.com\/semmexico\/wp-content\/uploads\/2022\/12\/onu-2.jpg\"><img loading=\"lazy\" decoding=\"async\" width=\"388\" height=\"291\" src=\"https:\/\/redsemlac.com\/semmexico\/wp-content\/uploads\/2022\/12\/onu-2.jpg\" alt=\"\" class=\"wp-image-60866\"\/><\/a><figcaption class=\"wp-element-caption\">Unas ni\u00f1as leen sus libros de texto en el centro educativo Dasht-e-Barchi de Kabul (Afganist\u00e1n). (Archivo) \u00a9 UNICEF\/Shehzad Noorani<\/figcaption><\/figure>\n<\/div>\n\n\n<h2 class=\"wp-block-heading\"><strong>Confinamiento entre cuatro paredes<\/strong><\/h2>\n\n\n\n<p class=\"wp-block-paragraph\">La prohibici\u00f3n de que las mujeres asistan a la universidad es una continuaci\u00f3n de las pol\u00edticas de discriminaci\u00f3n sistem\u00e1tica de los talibanes.<\/p>\n\n\n\n<p class=\"wp-block-paragraph\">Desde agosto de 2021, han prohibido a las ni\u00f1as cursar estudios secundarios, han restringido la libertad de circulaci\u00f3n de mujeres y ni\u00f1as,&nbsp;<strong>han excluido a las mujeres de la mayor parte de la poblaci\u00f3n activa y les han prohibido utilizar parques, gimnasios y ba\u00f1os p\u00fablicos<\/strong>.<\/p>\n\n\n\n<p class=\"wp-block-paragraph\">Estas restricciones culminan con el confinamiento de las mujeres y ni\u00f1as afganas a las cuatro paredes de sus hogares, seg\u00fan la UNAMA.<\/p>\n\n\n\n<p class=\"wp-block-paragraph\">\u00abImpedir que la mitad de la poblaci\u00f3n contribuya de forma significativa a la sociedad y a la econom\u00eda tendr\u00e1 un impacto devastador en todo el pa\u00eds\u00bb.<\/p>\n\n\n\n<h2 class=\"wp-block-heading\"><strong>Hacerse da\u00f1o a s\u00ed mismo<\/strong><\/h2>\n\n\n\n<p class=\"wp-block-paragraph\">La UNAMA record\u00f3 que estas pr\u00e1cticas expondr\u00e1n a Afganist\u00e1n a&nbsp;<strong>un mayor aislamiento internacional<\/strong>, penurias econ\u00f3micas y sufrimiento, \u00ablo que repercutir\u00e1 en millones de personas durante a\u00f1os\u00bb.<\/p>\n\n\n\n<p class=\"wp-block-paragraph\">\u00abLa ONU estima que restringir el trabajo de las mujeres puede suponer una p\u00e9rdida econ\u00f3mica de hasta 1000 millones de d\u00f3lares, o hasta el 5 por ciento del Producto Interior Bruto (PIB) del pa\u00eds\u00bb, explicaron, y a\u00f1adieron que prohibir el acceso de las mujeres a las universidades, incluidas las maestras y profesoras, contribuir\u00e1 a p\u00e9rdidas econ\u00f3micas adicionales.<\/p>\n\n\n\n<p class=\"wp-block-paragraph\">La educaci\u00f3n es un derecho humano b\u00e1sico, record\u00f3 la misi\u00f3n de la ONU. Excluir a las mujeres no s\u00f3lo les niega este derecho, \u00absino que niega a la sociedad afgana en su conjunto el beneficio de sus contribuciones\u00bb.<\/p>\n\n\n\n<h2 class=\"wp-block-heading\"><strong>Repercusiones<\/strong><\/h2>\n\n\n\n<p class=\"wp-block-paragraph\">La exclusi\u00f3n de facto de mujeres y ni\u00f1as de la educaci\u00f3n, el lugar de trabajo y otros \u00e1mbitos de la vida por parte de las autoridades&nbsp;<strong>aumenta los riesgos de matrimonios forzados y de menores, as\u00ed como la violencia y los abusos<\/strong>, se\u00f1al\u00f3 la UNAMA.<\/p>\n\n\n\n<p class=\"wp-block-paragraph\">\u00abLa discriminaci\u00f3n continuada contra m\u00e1s de la mitad de la poblaci\u00f3n del pa\u00eds se interpondr\u00e1 en el camino de Afganist\u00e1n hacia la consecuci\u00f3n de una sociedad inclusiva en la que todos puedan vivir con dignidad y disfrutar de igualdad de oportunidades\u00bb, aseguraron los responsables de la Misi\u00f3n.<\/p>\n\n\n\n<p class=\"wp-block-paragraph\">La ONU recuerda a los talibanes que arrebatar el libre albedr\u00edo a las mujeres y excluirlas de todos los aspectos de la vida p\u00fablica y pol\u00edtica&nbsp;<strong>va en contra de las normas universales de derechos humanos<\/strong>&nbsp;en las que se basan las sociedades pac\u00edficas y estables.<\/p>\n\n\n\n<p class=\"wp-block-paragraph\">\u00abEsta decisi\u00f3n ser\u00e1 un factor negativo para los afganos en el extranjero que se planteen regresar y obligar\u00e1 a m\u00e1s personas a huir del pa\u00eds\u00bb, contin\u00faa el comunicado.<\/p>\n\n\n<div class=\"wp-block-image\">\n<figure class=\"alignleft size-full\"><a href=\"https:\/\/redsemlac.com\/semmexico\/wp-content\/uploads\/2022\/12\/onu-3.jpg\"><img loading=\"lazy\" decoding=\"async\" width=\"399\" height=\"299\" src=\"https:\/\/redsemlac.com\/semmexico\/wp-content\/uploads\/2022\/12\/onu-3.jpg\" alt=\"\" class=\"wp-image-60867\"\/><\/a><figcaption class=\"wp-element-caption\">\u00a9 UNICEF\/Sayed Bidel Un grupo de ni\u00f1as de primaria sentadas en su clase en un instituto de la provincia afgana de Nurist\u00e1n.<\/figcaption><\/figure>\n<\/div>\n\n\n<h2 class=\"wp-block-heading\"><strong>Cerrar la puerta al futuro<\/strong><\/h2>\n\n\n\n<p class=\"wp-block-paragraph\">El m\u00e1ximo representante de la ONU en el pa\u00eds, Ramiz Alakbarov, afirm\u00f3 en Twitter que la Organizaci\u00f3n \u00abhabla con una sola voz\u00bb,&nbsp;<strong>al compartir la indignaci\u00f3n de millones de ciudadanos\/as<\/strong>, as\u00ed como de la comunidad internacional.<\/p>\n\n\n\n<p class=\"wp-block-paragraph\">\u00abLa educaci\u00f3n es un derecho humano fundamental\u00bb, tuite\u00f3.<\/p>\n\n\n\n<p class=\"wp-block-paragraph\">\u00abUna puerta cerrada a la educaci\u00f3n de las mujeres es una puerta cerrada al futuro de Afganist\u00e1n\u00bb.<\/p>\n\n\n\n<h2 class=\"wp-block-heading\"><strong>Persecuci\u00f3n de g\u00e9nero<\/strong><\/h2>\n\n\n\n<p class=\"wp-block-paragraph\">Al mismo tiempo, 19 expertos independientes en derechos humanos nombrados por la ONU condenaron la decisi\u00f3n en los t\u00e9rminos m\u00e1s en\u00e9rgicos, se\u00f1alando que, entre otras muchas \u00abrestricciones irracionales\u00bb, esta medida puede equivaler a persecuci\u00f3n por motivos de g\u00e9nero,&nbsp;<strong>un crimen contra la humanidad<\/strong>.&nbsp;<\/p>\n\n\n\n<p class=\"wp-block-paragraph\">El anuncio es \u00abuna violaci\u00f3n flagrante de sus derechos humanos consagrados en m\u00faltiples tratados internacionales, de los que Afganist\u00e1n es signatario, y tendr\u00e1 consecuencias desastrosas para los afganos\u00bb, afirmaron en un comunicado.<\/p>\n\n\n\n<p class=\"wp-block-paragraph\">Los expertos tambi\u00e9n se\u00f1alaron que otros eruditos isl\u00e1micos afirmaron que&nbsp;<strong>no existe ninguna justificaci\u00f3n religiosa o cultural para ello<\/strong>.<\/p>\n\n\n\n<h2 class=\"wp-block-heading\"><strong>Impacto profundo<\/strong><\/h2>\n\n\n\n<p class=\"wp-block-paragraph\">Educar a mujeres y ni\u00f1as sienta las bases de la autonom\u00eda econ\u00f3mica de las mujeres y es fundamental para lograr la igualdad de g\u00e9nero.<\/p>\n\n\n\n<p class=\"wp-block-paragraph\">Sin mujeres instruidas, habr\u00e1 menos profesionales para atender a la poblaci\u00f3n y sacar adelante a Afganist\u00e1n, sostuvieron los expertos.<\/p>\n\n\n\n<p class=\"wp-block-paragraph\">Se\u00f1alaron que las doctoras son necesarias para proporcionar a las mujeres una atenci\u00f3n m\u00e9dica adecuada, ya que las autoridades de facto restringen a los m\u00e9dicos varones el tratamiento de mujeres y ni\u00f1as.<\/p>\n\n\n\n<p class=\"wp-block-paragraph\">Sin maestras, que antes constitu\u00edan el 82% del Ministerio de Educaci\u00f3n, el aprendizaje de los ni\u00f1os se resentir\u00e1, y sin abogadas, las mujeres y sus familias tendr\u00e1n acceso a la justicia.<\/p>\n\n\n\n<p class=\"wp-block-paragraph\">\u00ab<strong>Las repercusiones intergeneracionales de tal restricci\u00f3n ser\u00e1n profundas y desastrosas<\/strong>&nbsp;para Afganist\u00e1n\u00bb.<\/p>\n\n\n\n<p class=\"wp-block-paragraph\">Instaron a los talibanes a \u00abdejar de utilizar la seguridad de las mujeres y las ni\u00f1as como pretexto para imponerles restricciones severas y desproporcionadas y, en su lugar, abordar la causa fundamental de la violencia y la discriminaci\u00f3n contra las mujeres y las ni\u00f1as, a saber, el comportamiento y las actitudes de los hombres que las consideran inferiores y subordinadas a los hombres y los ni\u00f1os\u00bb.<\/p>\n\n\n\n<h2 class=\"wp-block-heading\"><strong>Los m\u00e1s afectados<\/strong><\/h2>\n\n\n\n<p class=\"wp-block-paragraph\">Por su parte, el&nbsp;<a href=\"http:\/\/es.wfp.org\/\" target=\"_blank\" rel=\"noreferrer noopener\">Programa Mundial de Alimentos<\/a>&nbsp;(PMA) present\u00f3 los resultados de una encuesta que revela que&nbsp;<strong>las mujeres y las ni\u00f1as de Afganist\u00e1n son las m\u00e1s afectadas por la crisis humanitaria y econ\u00f3mica<\/strong>&nbsp;actual.<\/p>\n\n\n\n<p class=\"wp-block-paragraph\">Las limitaciones para trabajar hacen imposible que muchas de ellas puedan alimentarse a s\u00ed mismas y a sus hijos\/as, lo que aumenta el riesgo de que adopten estrategias desesperadas para hacer frente a la situaci\u00f3n, como vender sus bienes, sacar a sus hijos de la escuela o saltarse por completo las comidas, explic\u00f3 el PMA.<\/p>\n\n\n\n<h2 class=\"wp-block-heading\"><strong>Restricciones y m\u00e1s restricciones<\/strong><\/h2>\n\n\n\n<p class=\"wp-block-paragraph\">La movilidad de las mujeres se ha visto a\u00fan m\u00e1s limitada al obligarlas a ir acompa\u00f1adas de acompa\u00f1antes masculinos, lo que ha dificultado su acceso a mercados, cl\u00ednicas y puntos de distribuci\u00f3n.<\/p>\n\n\n\n<p class=\"wp-block-paragraph\">Las trabajadoras humanitarias, esenciales para las mujeres y ni\u00f1as vulnerables, se enfrentan a retos similares.&nbsp;<\/p>\n\n\n\n<p class=\"wp-block-paragraph\">Se calcula que en Afganist\u00e1n hay&nbsp;<strong>unas 800.000 mujeres desnutridas embarazadas y lactantes<\/strong>, la cifra m\u00e1s alta jam\u00e1s registrada en Afganist\u00e1n, lo que perpet\u00faa un c\u00edrculo vicioso de madres desnutridas que dan a luz a ni\u00f1os desnutridos.<\/p>\n","protected":false},"excerpt":{"rendered":"<p>La exclusi\u00f3n sistem\u00e1tica de las mujeres en pr\u00e1cticamente todos los aspectos de la vida en el pa\u00eds no tiene parang\u00f3n en el mundo.<\/p>\n","protected":false},"author":3,"featured_media":60868,"comment_status":"open","ping_status":"open","sticky":false,"template":"","format":"standard","meta":{"_monsterinsights_skip_tracking":false,"footnotes":""},"categories":[693,53],"tags":[],"class_list":["post-60865","post","type-post","status-publish","format-standard","has-post-thumbnail","category-693","category-internacional"],"_links":{"self":[{"href":"https:\/\/redsemlac.com\/semmexico\/wp-json\/wp\/v2\/posts\/60865","targetHints":{"allow":["GET"]}}],"collection":[{"href":"https:\/\/redsemlac.com\/semmexico\/wp-json\/wp\/v2\/posts"}],"about":[{"href":"https:\/\/redsemlac.com\/semmexico\/wp-json\/wp\/v2\/types\/post"}],"author":[{"embeddable":true,"href":"https:\/\/redsemlac.com\/semmexico\/wp-json\/wp\/v2\/users\/3"}],"replies":[{"embeddable":true,"href":"https:\/\/redsemlac.com\/semmexico\/wp-json\/wp\/v2\/comments?post=60865"}],"version-history":[{"count":0,"href":"https:\/\/redsemlac.com\/semmexico\/wp-json\/wp\/v2\/posts\/60865\/revisions"}],"wp:featuredmedia":[{"embeddable":true,"href":"https:\/\/redsemlac.com\/semmexico\/wp-json\/wp\/v2\/media\/60868"}],"wp:attachment":[{"href":"https:\/\/redsemlac.com\/semmexico\/wp-json\/wp\/v2\/media?parent=60865"}],"wp:term":[{"taxonomy":"category","embeddable":true,"href":"https:\/\/redsemlac.com\/semmexico\/wp-json\/wp\/v2\/categories?post=60865"},{"taxonomy":"post_tag","embeddable":true,"href":"https:\/\/redsemlac.com\/semmexico\/wp-json\/wp\/v2\/tags?post=60865"}],"curies":[{"name":"wp","href":"https:\/\/api.w.org\/{rel}","templated":true}]}}