{"id":60863,"date":"2022-12-23T11:18:12","date_gmt":"2022-12-23T17:18:12","guid":{"rendered":"https:\/\/redsemlac.com\/semmexico\/?p=60863"},"modified":"2023-07-21T19:25:16","modified_gmt":"2023-07-22T00:25:16","slug":"tras-la-puerta-del-poder-sin-reconciliacion-social-no-habra-futuro-en-mexico-monreal","status":"publish","type":"post","link":"https:\/\/redsemlac.com\/semmexico\/tras-la-puerta-del-poder-sin-reconciliacion-social-no-habra-futuro-en-mexico-monreal\/","title":{"rendered":"Tras la Puerta del Poder| Sin reconciliaci\u00f3n social no habr\u00e1 futuro en M\u00e9xico: Monreal"},"content":{"rendered":"\n<p class=\"wp-block-paragraph\"><strong>Roberto Vizca\u00edno<\/strong><\/p>\n\n\n\n<p class=\"wp-block-paragraph\">SemM\u00e9xico, Ciudad de M\u00e9xico, 23 de diciembre del 2022.- M\u00e9xico requiere no s\u00f3lo paz social y desarrollo econ\u00f3mico urgentes, sino ir a un proceso de reconciliaci\u00f3n que involucre a toda la sociedad para alcanzar un pa\u00eds con una sociedad justa, menos desigualdades y miserias morales que son las que hoy la tienen confrontada y ensangrentada, afirm\u00f3 Ricardo Monreal.<\/p>\n\n\n\n<p class=\"wp-block-paragraph\">\u00danico precandidato presidencial abierto dentro de Morena, el presidente de la Junta de Coordinaci\u00f3n Pol\u00edtica del Senado y coordinador de la bancada mayoritaria de Morena en esa c\u00e1mara, indic\u00f3 que M\u00e9xico requiere seguridad en todos los aspectos, as\u00ed la vida de las y los mexicanos y sus bienes exigen no ser vulnerados, robados, confiscados o arrebatados por la violencia.<\/p>\n\n\n\n<p class=\"wp-block-paragraph\">\u201cSe requiere de una naci\u00f3n pr\u00f3spera, donde la riqueza se distribuya creciendo, y el crecimiento se alimente de una riqueza bien distribuida, para que permita la existencia y expansi\u00f3n de una clase media robusta\u2026\u201d<\/p>\n\n\n\n<p class=\"wp-block-paragraph\">\u201cUn M\u00e9xico reconciliado est\u00e1 organizado como un solo frente para recuperar nuestra vida com\u00fan de la violencia y del crimen, que cada vez m\u00e1s nos separan y a\u00edslan en ansiedad y precauciones\u201d, explic\u00f3.<\/p>\n\n\n\n<p class=\"wp-block-paragraph\">La reconciliaci\u00f3n real, precis\u00f3, se alcanza cuando los momentos dif\u00edciles de la vida no tienen que derivar inevitablemente en pobreza.<\/p>\n\n\n\n<p class=\"wp-block-paragraph\">Es, agreg\u00f3, cuando en lugar del miedo a ser excluidos, se encuentra el apoyo del gobierno para alcanzar la inclusi\u00f3n.<\/p>\n\n\n\n<p class=\"wp-block-paragraph\">El zacatecano consider\u00f3 que reconciliar a nuestro pa\u00eds es luchar para que cada mexicano\/a entienda que es valorado y requerido por su entorno, y la diversidad sea nuestra herramienta para ser m\u00e1s productivos y creativos.<\/p>\n\n\n\n<p class=\"wp-block-paragraph\">Reconciliar a M\u00e9xico entonces es garantizar que la injusticia que arrastramos como desigualdad y penuria sea superada por un Estado que no se limita a ayudar a las personas en situaci\u00f3n de pobreza, sino que cambia las condiciones para eliminar esa injusticia.<\/p>\n\n\n\n<p class=\"wp-block-paragraph\">\u201cUn M\u00e9xico reconciliado debe organizarse en un solo frente para rescatar la vida com\u00fan de todos sus ciudadanos\/as de la violencia y del crimen, males que nos separan cada vez m\u00e1s y nos sumen en la ansiedad y precauciones\u201d, subray\u00f3.<\/p>\n\n\n\n<p class=\"wp-block-paragraph\">Entonces reconciliar a M\u00e9xico es lograr que todas y todos tengamos la posibilidad de desarrollar y ampliar nuestras competencias con estudios, cursos y certificaciones, independientemente de nuestra edad.<\/p>\n\n\n\n<p class=\"wp-block-paragraph\">Es aprovechar el potencial tan grande que tiene cada sector que impulsa nuestra econom\u00eda para destacar en el mundo.<\/p>\n\n\n\n<p class=\"wp-block-paragraph\">Significa sin duda poder generar los empleos que ahora requieren las y los j\u00f3venes y los ciudadanos\/as en cada estado del pa\u00eds.<\/p>\n\n\n\n<p class=\"wp-block-paragraph\">Es unir nuestras capacidades con oportunidades, a\u00f1adi\u00f3.<\/p>\n\n\n\n<p class=\"wp-block-paragraph\">La reconciliaci\u00f3n real se alcanzar\u00e1, insisti\u00f3, cuando los momentos dif\u00edciles de la vida no tengan que convertirse en una amenaza de pobreza.<\/p>\n\n\n\n<p class=\"wp-block-paragraph\">\u00bfSobrevivir\u00e1 la ministra Esquivel a su plagio?<\/p>\n\n\n\n<p class=\"wp-block-paragraph\">Estallado el esc\u00e1ndalo en plenas vacaciones de fin de a\u00f1o, la ministra Yasm\u00edn Esquivel Mossa jur\u00f3 y perjur\u00f3 sin presentar ninguna prueba no haber copiado la tesis de licenciatura del pasante Edgard Ulises B\u00e1ez Guti\u00e9rrez, mientras que su asesora de tesis, la maestra Martha Rodr\u00edguez Ortiz redujo el tema a un embate machista.<\/p>\n\n\n\n<p class=\"wp-block-paragraph\">Los periodistas no soportan que ella sea mujer, dijo.<\/p>\n\n\n\n<p class=\"wp-block-paragraph\">Nada pudieron responder ambas que las tesis de uno y otra tengan el mismo t\u00edtulo, el mismo \u00edndice, sino hasta los mismos errores ortogr\u00e1ficos.&nbsp;<\/p>\n\n\n\n<p class=\"wp-block-paragraph\">Involucrada hasta el cuello, la Universidad Aut\u00f3noma de M\u00e9xico ya instruy\u00f3 a la Facultad de Estudios Superiores \u2013FES- Arag\u00f3n, para iniciar el an\u00e1lisis y la investigaci\u00f3n del caso.<\/p>\n\n\n\n<p class=\"wp-block-paragraph\">Al menos as\u00ed lo inform\u00f3 ayer v\u00eda sus redes sociales la instituci\u00f3n, al indicar que \u00abel Comit\u00e9 de Integridad Acad\u00e9mica y Cient\u00edfica iniciar\u00e1 un an\u00e1lisis pormenorizado del contenido y las circunstancias del caso\u00bb.<\/p>\n\n\n\n<p class=\"wp-block-paragraph\">Y adelant\u00f3 que con sus resultados en mano aplicar\u00e1 la normatividad universitaria, es decir, retirarle la licenciatura a la ministra Esquivel Mossa \u2013esposa del ingeniero y empresario Jos\u00e9 Mar\u00eda Roobo, amigos personales ambos de Andr\u00e9s Manuel L\u00f3pez Obrador- lo cual significar\u00eda adem\u00e1s su inmediato despido de la Suprema Corte donde ella pretende ser la sustituta del ministro Arturo Zaldivar Lelo de Larrea en la presidencia de esa instituci\u00f3n.<\/p>\n\n\n\n<p class=\"wp-block-paragraph\">El mi\u00e9rcoles anterior, Latinus public\u00f3 en su portal un texto del escritor Guillermo Sheridan donde indica:<\/p>\n\n\n\n<p class=\"wp-block-paragraph\">\u201cUna ministra pasante: Yasm\u00edn Esquivel, candidata a presidir la SCJN, plagi\u00f3 su tesis de licenciatura\u201d.<\/p>\n\n\n\n<p class=\"wp-block-paragraph\">Y despu\u00e9s da pormenores y muestras pr\u00e1cticamente irrefutables del plagio cometido por la ahora ministra Yasm\u00edn Esquivel Mossa.<\/p>\n\n\n\n<p class=\"wp-block-paragraph\">Hasta ahora los otros ministros han guardado silencio. No podr\u00e1n hacerle al avestruz por mucho tiempo. Est\u00e1 en juego la \u00e9tica de su instituci\u00f3n y la credibilidad y legalidad de sus fallos. \u00bfQu\u00e9 tienen que decir de este caso?&nbsp;<\/p>\n\n\n\n<p class=\"wp-block-paragraph\">\u00a1Vaya foll\u00f3n!<\/p>\n\n\n\n<p class=\"wp-block-paragraph\">NOTA: Este columnista se va de vacaciones de fin de a\u00f1o y regresar\u00e1 a inicios de 2023, \u00a1sean felices!<\/p>\n\n\n\n<p class=\"wp-block-paragraph\"><a href=\"mailto:...rvizcainoa@gmail.com\">&#8230;rvizcainoa@gmail.com<\/a> &nbsp;\/ Twitter: @_Vizcaino \/ Facebook \/ <a href=\"https:\/\/www.facebook.com\/rvizcainoa\">https:\/\/www.facebook.com\/rvizcainoa<\/a><\/p>\n","protected":false},"excerpt":{"rendered":"<p>M\u00e9xico requiere no s\u00f3lo paz social y desarrollo econ\u00f3mico urgentes, sino ir a un proceso de reconciliaci\u00f3n que involucre a toda la sociedad para alcanzar un pa\u00eds con una sociedad justa, menos desigualdades y miserias morales que son las que hoy la tienen confrontada y ensangrentada, afirm\u00f3 Ricardo Monreal.<\/p>\n","protected":false},"author":3,"featured_media":39589,"comment_status":"open","ping_status":"open","sticky":false,"template":"","format":"standard","meta":{"_monsterinsights_skip_tracking":false,"footnotes":""},"categories":[693,35,623,622],"tags":[],"class_list":["post-60863","post","type-post","status-publish","format-standard","has-post-thumbnail","category-693","category-opinion","category-roberto-vizcaino","category-tras-la-puerta-del-poder"],"_links":{"self":[{"href":"https:\/\/redsemlac.com\/semmexico\/wp-json\/wp\/v2\/posts\/60863","targetHints":{"allow":["GET"]}}],"collection":[{"href":"https:\/\/redsemlac.com\/semmexico\/wp-json\/wp\/v2\/posts"}],"about":[{"href":"https:\/\/redsemlac.com\/semmexico\/wp-json\/wp\/v2\/types\/post"}],"author":[{"embeddable":true,"href":"https:\/\/redsemlac.com\/semmexico\/wp-json\/wp\/v2\/users\/3"}],"replies":[{"embeddable":true,"href":"https:\/\/redsemlac.com\/semmexico\/wp-json\/wp\/v2\/comments?post=60863"}],"version-history":[{"count":0,"href":"https:\/\/redsemlac.com\/semmexico\/wp-json\/wp\/v2\/posts\/60863\/revisions"}],"wp:featuredmedia":[{"embeddable":true,"href":"https:\/\/redsemlac.com\/semmexico\/wp-json\/wp\/v2\/media\/39589"}],"wp:attachment":[{"href":"https:\/\/redsemlac.com\/semmexico\/wp-json\/wp\/v2\/media?parent=60863"}],"wp:term":[{"taxonomy":"category","embeddable":true,"href":"https:\/\/redsemlac.com\/semmexico\/wp-json\/wp\/v2\/categories?post=60863"},{"taxonomy":"post_tag","embeddable":true,"href":"https:\/\/redsemlac.com\/semmexico\/wp-json\/wp\/v2\/tags?post=60863"}],"curies":[{"name":"wp","href":"https:\/\/api.w.org\/{rel}","templated":true}]}}