{"id":60861,"date":"2022-12-22T11:42:30","date_gmt":"2022-12-22T17:42:30","guid":{"rendered":"https:\/\/redsemlac.com\/semmexico\/?p=60861"},"modified":"2023-07-21T19:25:16","modified_gmt":"2023-07-22T00:25:16","slug":"tras-la-puerta-del-poder-y-monreal-insiste-en-querer-jugar-con-el-juguete-principal-de-amlo-la-seguridad","status":"publish","type":"post","link":"https:\/\/redsemlac.com\/semmexico\/tras-la-puerta-del-poder-y-monreal-insiste-en-querer-jugar-con-el-juguete-principal-de-amlo-la-seguridad\/","title":{"rendered":"Tras la Puerta del Poder| Y Monreal insiste en querer jugar con el juguete principal de AMLO: la seguridad"},"content":{"rendered":"\n<p class=\"wp-block-paragraph\"><strong>Roberto Vizca\u00edno<\/strong><\/p>\n\n\n\n<p class=\"wp-block-paragraph\">SemM\u00e9xico, Ciudad de M\u00e9xico, 22 de diciembre del 2022.- Andr\u00e9s Manuel L\u00f3pez Obrador tiene dos juguetes con los que nadie se mete: su ma\u00f1anera y, antes que esa, su reuni\u00f3n madrugadora sobre seguridad.<\/p>\n\n\n\n<p class=\"wp-block-paragraph\">Establecido por \u00e9l desde un principio, lo primero que AMLO ve todos los d\u00edas es a su gabinete de seguridad con quienes se supone iba a acabar con la violencia, muerte e inseguridad en el pa\u00eds como por arte de magia.<\/p>\n\n\n\n<p class=\"wp-block-paragraph\">Los resultados de la estrategia han sido p\u00e9simos. Hoy hay m\u00e1s ejecutadas, ejecutados y masacres m\u00e1s recurrentes que nunca antes, y los m\u00e1s malos de todos los malos dominan no s\u00f3lo territorios y estados completos, sino que ya hasta gobiernan.<\/p>\n\n\n\n<p class=\"wp-block-paragraph\">Desde esta realidad carteles y crimen organizado ya dominan incluso en otras naciones y continentes.<\/p>\n\n\n\n<p class=\"wp-block-paragraph\">Pero nada de esto influye para que L\u00f3pez Obrador acepte compartir el dise\u00f1o y orientaci\u00f3n de estrategias y pol\u00edticas de seguridad p\u00fablica.<\/p>\n\n\n\n<p class=\"wp-block-paragraph\">\u00a1No se\u00f1or! ese es juguete exclusivo de \u00e9l y sus madrugadoras reuniones de seguridad.<\/p>\n\n\n\n<p class=\"wp-block-paragraph\">Por ello la insistencia de Ricardo Monreal de que el Senado revise y recomponga esas pol\u00edticas y programas de seguridad p\u00fablica hasta parece ya una afrenta a Ud. YSQ.<\/p>\n\n\n\n<p class=\"wp-block-paragraph\">Pese a todo lo anterior, el zacatecano no se rinde y ayer y desde su natal Zacatecas, luego de rendirle tributo y oraci\u00f3n al Santo Ni\u00f1o de Atocha, el presidente de la Junta de Coordinaci\u00f3n Pol\u00edtica y coordinador -todav\u00eda- de la mayor\u00eda de Morena en el Senado y bajo el argumento de que \u201ces un reclamo ciudadano\u201d insisti\u00f3 en que su c\u00e1mara debe entrarle al tema de la seguridad como lo establece la Constituci\u00f3n.<\/p>\n\n\n\n<p class=\"wp-block-paragraph\">Por ello Monreal convoc\u00f3 no s\u00f3lo a revisar el Plan de Seguridad P\u00fablica, sino a enriquecerlo y mejorar la coordinaci\u00f3n para recuperar la paz y tranquilidad de las y los mexicanos.<\/p>\n\n\n\n<p class=\"wp-block-paragraph\">V\u00eda redes sociales, el tambi\u00e9n precandidato presidencial indic\u00f3 que:<\/p>\n\n\n\n<p class=\"wp-block-paragraph\">\u201cEl Senado mexicano debe revisar, enriquecer y mejorar los planes que en esta materia se llevan a cabo\u201d.<\/p>\n\n\n\n<p class=\"wp-block-paragraph\">Luego de expresar su solidaridad a sus paisanos\/as, dijo:<\/p>\n\n\n\n<p class=\"wp-block-paragraph\">\u201cY ahora que estamos aqu\u00ed, deseo que desde Plateros lancemos una gran convocatoria para revisar el plan de seguridad\u201d.<\/p>\n\n\n\n<p class=\"wp-block-paragraph\">\u201cSoy de los que piensa que es necesario revisar, desde el Senado mexicano, el Plan de Seguridad P\u00fablica. Debemos enriquecerlo, debemos mejorar la coordinaci\u00f3n y debemos enfrentar lo que est\u00e1 pasando en el pa\u00eds\u201d.<\/p>\n\n\n\n<p class=\"wp-block-paragraph\">Consider\u00f3 que hoy en M\u00e9xico la seguridad p\u00fablica es la principal demanda y reclamo de las y los ciudadanos y eso \u201cno podemos desestimarlo\u201d.<\/p>\n\n\n\n<p class=\"wp-block-paragraph\">Confi\u00f3 adem\u00e1s, en que M\u00e9xico recuperar\u00e1 la paz y su tranquilidad, pues \u201csomos m\u00e1s las y los buenos que los malos y yo creo que es importante que todas y todos estemos unidos\/as\u201d.<\/p>\n\n\n\n<p class=\"wp-block-paragraph\">\u201cPor eso estoy ac\u00e1 en Plateros, en Zacatecas, en Fresnillo, para solidarizarme con la gente y para decir que no abandonemos nuestras tradiciones, nuestras costumbres, nuestras visitas a nuestra tierra\u201d.<\/p>\n\n\n\n<p class=\"wp-block-paragraph\">Zacatecas, agreg\u00f3, \u201cnos necesita a todos\/as y hay que luchar en estos momentos dif\u00edciles con solidaridad, con unidad y con claridad en los objetivos que nos planteemos\u201d.<\/p>\n\n\n\n<p class=\"wp-block-paragraph\">Usted que cree, \u00bfque el presidente L\u00f3pez Obrador le va a prestar a Monreal su juguetito madrugador?<\/p>\n\n\n\n<h2 class=\"wp-block-heading\"><strong>Periodistas exigen a AMLO cesar ya sus embates<\/strong><\/h2>\n\n\n\n<p class=\"wp-block-paragraph\">Algo similar a lo de seguridad y Monreal, ocurre con periodistas y AMLO.<\/p>\n\n\n\n<p class=\"wp-block-paragraph\">Si algo hay que le guste al de Macuspana es vapulear todos los d\u00edas desde su ma\u00f1anera de Palacio a las y los periodistas y sus medios.<\/p>\n\n\n\n<p class=\"wp-block-paragraph\">Eso realmente lo disfruta. Y sin recato ni prudencia alguna dice nombres de unos\/as y otros\/as, y se\u00f1ala medios de aqu\u00ed y all\u00e1 para estigmatizar todo el ejercicio period\u00edstico. Su claque, que ciertamente suma millones, le aplaude a rabiar.<\/p>\n\n\n\n<p class=\"wp-block-paragraph\">El resto del pueblo, con la m\u00e1s bajo de los niveles educativos y sin consciencia sobre el valor que tiene el periodismo para la Democracia y el ejercicio de la libertad, para la informaci\u00f3n y formaci\u00f3n de opini\u00f3n, ve a uno y otros con hast\u00edo.<\/p>\n\n\n\n<p class=\"wp-block-paragraph\">En este contexto el intento de asesinato sufrido el jueves pasado por el periodista Ciro G\u00f3mez Leyva y los comentarios de AMLO sobre este hecho llegaron al absurdo de indicar que hab\u00eda sido un autoatentado \u201cquiz\u00e1 cometido por otros\u201d -o sea-, para da\u00f1ar a su gobierno.<\/p>\n\n\n\n<p class=\"wp-block-paragraph\">Es decir, Ciro intent\u00f3 matarse para da\u00f1ar a AMLO. As\u00ed el mandatario de victimario pas\u00f3 a ser la v\u00edctima.<\/p>\n\n\n\n<p class=\"wp-block-paragraph\">Dec\u00eda el gran periodista argelino-franc\u00e9s Jean Daniel que el problema de las mentiras es que siempre hay alguien que se las cree.<\/p>\n\n\n\n<p class=\"wp-block-paragraph\">Yo -con 52 a\u00f1os en el periodismo-, considero in\u00fatil reclamarle, exigirle algo a AMLO. El tabasque\u00f1o es, como los pederastas, irreductible en su estupidez y soberbia. Cree que perdurar\u00e1 por siempre.<\/p>\n\n\n\n<p class=\"wp-block-paragraph\">Pero temo que no ser\u00e1 as\u00ed, y nosotros esperaremos a que se vaya a La Chingada, su finca de Palenque, para escribir para las generaciones que vienen lo que realmente fue su sexenio. Ese es un derecho que AMLO ni nadie puede quitarnos. Escribir historias reales.<\/p>\n\n\n\n<p class=\"wp-block-paragraph\"><a href=\"mailto:...rvizcainoa@gmail.com\">&#8230;rvizcainoa@gmail.com<\/a>&nbsp; \/ Twitter: @_Vizcaino \/ Facebook \/ <a href=\"https:\/\/www.facebook.com\/rvizcainoa\">https:\/\/www.facebook.com\/rvizcainoa<\/a><\/p>\n","protected":false},"excerpt":{"rendered":"<p>Andr\u00e9s Manuel L\u00f3pez Obrador tiene dos juguetes con los que nadie se mete: su ma\u00f1anera y, antes que esa, su reuni\u00f3n madrugadora sobre seguridad.<\/p>\n","protected":false},"author":3,"featured_media":39589,"comment_status":"open","ping_status":"open","sticky":false,"template":"","format":"standard","meta":{"_monsterinsights_skip_tracking":false,"footnotes":""},"categories":[693,35,623,622],"tags":[],"class_list":["post-60861","post","type-post","status-publish","format-standard","has-post-thumbnail","category-693","category-opinion","category-roberto-vizcaino","category-tras-la-puerta-del-poder"],"_links":{"self":[{"href":"https:\/\/redsemlac.com\/semmexico\/wp-json\/wp\/v2\/posts\/60861","targetHints":{"allow":["GET"]}}],"collection":[{"href":"https:\/\/redsemlac.com\/semmexico\/wp-json\/wp\/v2\/posts"}],"about":[{"href":"https:\/\/redsemlac.com\/semmexico\/wp-json\/wp\/v2\/types\/post"}],"author":[{"embeddable":true,"href":"https:\/\/redsemlac.com\/semmexico\/wp-json\/wp\/v2\/users\/3"}],"replies":[{"embeddable":true,"href":"https:\/\/redsemlac.com\/semmexico\/wp-json\/wp\/v2\/comments?post=60861"}],"version-history":[{"count":0,"href":"https:\/\/redsemlac.com\/semmexico\/wp-json\/wp\/v2\/posts\/60861\/revisions"}],"wp:featuredmedia":[{"embeddable":true,"href":"https:\/\/redsemlac.com\/semmexico\/wp-json\/wp\/v2\/media\/39589"}],"wp:attachment":[{"href":"https:\/\/redsemlac.com\/semmexico\/wp-json\/wp\/v2\/media?parent=60861"}],"wp:term":[{"taxonomy":"category","embeddable":true,"href":"https:\/\/redsemlac.com\/semmexico\/wp-json\/wp\/v2\/categories?post=60861"},{"taxonomy":"post_tag","embeddable":true,"href":"https:\/\/redsemlac.com\/semmexico\/wp-json\/wp\/v2\/tags?post=60861"}],"curies":[{"name":"wp","href":"https:\/\/api.w.org\/{rel}","templated":true}]}}