{"id":60854,"date":"2022-12-22T11:35:09","date_gmt":"2022-12-22T17:35:09","guid":{"rendered":"https:\/\/redsemlac.com\/semmexico\/?p=60854"},"modified":"2023-07-21T19:25:16","modified_gmt":"2023-07-22T00:25:16","slug":"tres-anos-sin-justicia-por-el-feminicidio-de-la-doctora-lisette-paulina-por-clasificarlo-como-suicidio-denuncia-madre-de-la-victima","status":"publish","type":"post","link":"https:\/\/redsemlac.com\/semmexico\/tres-anos-sin-justicia-por-el-feminicidio-de-la-doctora-lisette-paulina-por-clasificarlo-como-suicidio-denuncia-madre-de-la-victima\/","title":{"rendered":"Tres a\u00f1os sin justicia por el feminicidio de la doctora Lisette Paulina por clasificarlo como suicidio, denuncia madre de la v\u00edctima"},"content":{"rendered":"\n<ul class=\"wp-block-list\">\n<li><strong>Trasciende libertad por un amparo del feminicida de la doctora Yuri Lisset M\u00e9ndez Trejo, otra v\u00edctima de feminicidio en Chiapas.<\/strong><\/li>\n<\/ul>\n\n\n\n<p class=\"wp-block-paragraph\"><strong>Gabriela Couti\u00f1o<\/strong><\/p>\n\n\n\n<p class=\"wp-block-paragraph\">SemM\u00e9xico, Tuxtla Guti\u00e9rrez, Chiapas, 22 de diciembre del 2022.- A tres a\u00f1os de la muerte de la doctora Lisette Paulina G\u00f3mez Zenteno, su madre, Nora Margarita Zenteno Ju\u00e1rez, exigi\u00f3 que se castigue a las y los funcionarios de la Fiscal\u00eda General del Estado, por no llevar la investigaci\u00f3n con perspectiva de g\u00e9nero, aun cuando en el mes de agosto de 2019, la Suprema Corte de Justicia de la Naci\u00f3n, hab\u00eda emitido la sentencia del caso Mariana Lima Buend\u00eda, que obliga a ministerios p\u00fablicos investigar todos los casos de muerte violenta de cualquier mujer como feminicidio.<\/p>\n\n\n\n<p class=\"wp-block-paragraph\">\u201cDesde el inicio de la investigaci\u00f3n, la Fiscal\u00eda manej\u00f3 el asesinato de mi hija, como suicidio, y aun cuando les hice saber que sufr\u00eda violencia, no me creyeron, no me hicieron caso, quisieron callarme amedrent\u00e1ndome\u201d, dijo en conferencia de prensa, la madre de la v\u00edctima.<\/p>\n\n\n<div class=\"wp-block-image\">\n<figure class=\"aligncenter size-full\"><a href=\"https:\/\/redsemlac.com\/semmexico\/wp-content\/uploads\/2022\/12\/CHIAPAS-2-1.jpg\"><img loading=\"lazy\" decoding=\"async\" width=\"574\" height=\"431\" src=\"https:\/\/redsemlac.com\/semmexico\/wp-content\/uploads\/2022\/12\/CHIAPAS-2-1.jpg\" alt=\"\" class=\"wp-image-60859\"\/><\/a><\/figure>\n<\/div>\n\n\n<p class=\"wp-block-paragraph\">Acompa\u00f1ada de la abogada y activista feminista, Martha Figueroa Mier, la mujer asegur\u00f3 que su hija fue v\u00edctima de feminicidio. \u201cNo hicieron nada por investigar, por detener o arraigar al feminicida Jes\u00fas Rafael \u201cN\u201d, adem\u00e1s que familiares m\u00edos protegieron al feminicida, estas personas deben ser citadas a declarar y ser investigadas, porque hubo complicidad, con participaci\u00f3n tolerada por la Fiscal\u00eda, convirti\u00e9ndose los servidores p\u00fablicos involucrados tambi\u00e9n en c\u00f3mplices porque aseguraron desde el inicio de la investigaci\u00f3n que se trataba de un suicidio\u201d.<\/p>\n\n\n\n<p class=\"wp-block-paragraph\">Como cada a\u00f1o, en el aniversario luctuoso de su hija, Nora Margarita Zenteno, encabeza una marcha protestando porque la muerte de su hija, afirma, no se investig\u00f3 como feminicidio como lo marca el protocolo. Junto con otras madres de v\u00edctimas del machismo y activistas feministas, la mujer marcha desde el centro de la ciudad, hasta la 17 norte, el domicilio donde Lisette Paulina fue hallada muerta, viv\u00eda con su pareja y que es propiedad de familiares.<\/p>\n\n\n\n<p class=\"wp-block-paragraph\">Zenteno Ju\u00e1rez sostiene que los y las funcionarias que atendieron el caso de su hija, \u201cdestruyeron y omitieron pruebas, por lo que exijo que sancionen a las y los servidores p\u00fablicos involucrados en el caso, porque me negaron el acceso a la verdad. Incluso yo misma fui violentada y estigmatizada por la instituci\u00f3n al se\u00f1alarme como agresora de mi hija\u201d, sostuvo.<\/p>\n\n\n<div class=\"wp-block-image\">\n<figure class=\"alignleft size-full\"><a href=\"https:\/\/redsemlac.com\/semmexico\/wp-content\/uploads\/2022\/12\/CHIAPAS-3.jpg\"><img loading=\"lazy\" decoding=\"async\" width=\"279\" height=\"368\" src=\"https:\/\/redsemlac.com\/semmexico\/wp-content\/uploads\/2022\/12\/CHIAPAS-3.jpg\" alt=\"\" class=\"wp-image-60857\"\/><\/a><\/figure>\n<\/div>\n\n\n<p class=\"wp-block-paragraph\">Se\u00f1al\u00f3 que a tres a\u00f1os de los hechos, la Fiscal\u00eda le inform\u00f3 y le entreg\u00f3 el acta de defunci\u00f3n de Jes\u00fas Rafael \u201cN\u201d, quien fue asesinado en septiembre pasado en la ciudad de Tijuana. \u201cEl asesino de mi hija, muri\u00f3 porque lo mataron, \u00e9l ten\u00eda cuentas pendientes\u201d.<\/p>\n\n\n\n<p class=\"wp-block-paragraph\">\u201cMi hija no se quit\u00f3 la vida, fue v\u00edctima de feminicidio, por eso lucho y seguir\u00e9 luchando por llegar a la verdad, exijo justicia. A unos d\u00edas de la muerte de mi hija, su asesino, Jes\u00fas Rafael, hizo un retiro de un cajero de Banorte de la Fiscal\u00eda de 5 mil pesos, sustray\u00e9ndole su dinero; mientras que donde viv\u00eda, le robaron todas sus cosas, pertenencias y todo. La Fiscal\u00eda no me hace caso, no han permitido que yo levante un acta para que se investigue a las personas involucradas\u201d, se quej\u00f3 la mujer.<\/p>\n\n\n\n<p class=\"wp-block-paragraph\">Martha Figueroa Mier, de la organizaci\u00f3n Mujeres Libres COLEM AC, declar\u00f3 que la Alerta de Violencia de G\u00e9nero no funciona en Chiapas, \u201cporque lo que no sirve, son los servidores p\u00fablicos\u201d. Dijo que \u201chay como la intenci\u00f3n de disimular, maquillar, el nivel de violencia que tenemos\u201d, aunque el caso de la doctora Lisette Paulina, no es el \u00fanico caso.<\/p>\n\n\n\n<p class=\"wp-block-paragraph\">La sentencia de la Suprema Corte de Justicia de la Naci\u00f3n (SCJN) 554\/2013 denominada Mariana Lima Buend\u00eda, asesinada un 28 de junio de 2010 en el Estado de M\u00e9xico por su pareja, un polic\u00eda federal, ordena a ministerios p\u00fablicos, jueces y juezas, investigar y juzgar todos los casos de muerte violenta de cualquier mujer, con perspectiva de g\u00e9nero.<\/p>\n\n\n\n<p class=\"wp-block-paragraph\">SEM\/MG<\/p>\n","protected":false},"excerpt":{"rendered":"<p>Trasciende libertad por un amparo del feminicida de la doctora Yuri Lisset M\u00e9ndez Trejo, otra v\u00edctima de feminicidio en Chiapas.<\/p>\n","protected":false},"author":3,"featured_media":60855,"comment_status":"open","ping_status":"open","sticky":false,"template":"","format":"standard","meta":{"_monsterinsights_skip_tracking":false,"footnotes":""},"categories":[693,47,48],"tags":[],"class_list":["post-60854","post","type-post","status-publish","format-standard","has-post-thumbnail","category-693","category-no-mas-impunidad","category-no-mas-impunidad-no-mas-impunidad"],"_links":{"self":[{"href":"https:\/\/redsemlac.com\/semmexico\/wp-json\/wp\/v2\/posts\/60854","targetHints":{"allow":["GET"]}}],"collection":[{"href":"https:\/\/redsemlac.com\/semmexico\/wp-json\/wp\/v2\/posts"}],"about":[{"href":"https:\/\/redsemlac.com\/semmexico\/wp-json\/wp\/v2\/types\/post"}],"author":[{"embeddable":true,"href":"https:\/\/redsemlac.com\/semmexico\/wp-json\/wp\/v2\/users\/3"}],"replies":[{"embeddable":true,"href":"https:\/\/redsemlac.com\/semmexico\/wp-json\/wp\/v2\/comments?post=60854"}],"version-history":[{"count":0,"href":"https:\/\/redsemlac.com\/semmexico\/wp-json\/wp\/v2\/posts\/60854\/revisions"}],"wp:featuredmedia":[{"embeddable":true,"href":"https:\/\/redsemlac.com\/semmexico\/wp-json\/wp\/v2\/media\/60855"}],"wp:attachment":[{"href":"https:\/\/redsemlac.com\/semmexico\/wp-json\/wp\/v2\/media?parent=60854"}],"wp:term":[{"taxonomy":"category","embeddable":true,"href":"https:\/\/redsemlac.com\/semmexico\/wp-json\/wp\/v2\/categories?post=60854"},{"taxonomy":"post_tag","embeddable":true,"href":"https:\/\/redsemlac.com\/semmexico\/wp-json\/wp\/v2\/tags?post=60854"}],"curies":[{"name":"wp","href":"https:\/\/api.w.org\/{rel}","templated":true}]}}