{"id":60851,"date":"2022-12-22T11:30:52","date_gmt":"2022-12-22T17:30:52","guid":{"rendered":"https:\/\/redsemlac.com\/semmexico\/?p=60851"},"modified":"2023-07-21T19:25:16","modified_gmt":"2023-07-22T00:25:16","slug":"defensoras-de-los-derechos-de-las-mujeres-exigen-revision-de-los-casos-de-recluidas-por-delitos-no-cometidos","status":"publish","type":"post","link":"https:\/\/redsemlac.com\/semmexico\/defensoras-de-los-derechos-de-las-mujeres-exigen-revision-de-los-casos-de-recluidas-por-delitos-no-cometidos\/","title":{"rendered":"Defensoras de los derechos de las mujeres exigen revisi\u00f3n de los casos de recluidas por delitos no cometidos"},"content":{"rendered":"\n<ul class=\"wp-block-list\">\n<li><strong>Remarcan que la violencia contra las mujeres es un problema estructural que nace de un pacto patriarcal institucional e ideas mis\u00f3ginas.<\/strong><strong><\/strong><\/li>\n<\/ul>\n\n\n\n<p class=\"wp-block-paragraph\"><strong>Josefina Aguilar Pastor<\/strong><\/p>\n\n\n\n<p class=\"wp-block-paragraph\">SemM\u00e9xico, Chilpancingo, Guerrero, 22 de diciembre del 2022.- Tras la liberaci\u00f3n de Aurelia Garc\u00eda Cruce\u00f1o, joven ind\u00edgena n\u00e1huatl, acusada de homicidio en raz\u00f3n de parentesco, organizaciones de defensoras de derechos humanos exigen al Estado, cumpla con la reparaci\u00f3n del da\u00f1o tanto a ella, como de todos los casos de mujeres recluidas por delitos que no cometieron, as\u00ed como acelerar el cumplimiento de la Alerta de Violencia de G\u00e9nero, por agravio comparado y la revisi\u00f3n de todos los casos relacionados con aborto.<\/p>\n\n\n\n<p class=\"wp-block-paragraph\">Este mi\u00e9rcoles, la Red Guerrerense por los Derechos de las Mujeres (RGDM), el Observatorio de las Violencias contra las Mujeres en Guerrero (OVM), el Observatorio Ciudadano Nacional del Feminicidio (ONCF), as\u00ed como organizaciones y defensoras del estado de Guerrero, emitieron un pronunciamiento dirigido al gobierno del Estado y sus instituciones.<\/p>\n\n\n\n<p class=\"wp-block-paragraph\">Refieren que a m\u00e1s de tres a\u00f1os de la solicitud de la Alerta por Violencia de G\u00e9nero (AVG) por agravio comparado, la cual fue decretada para el estado de Guerrero en junio de 2020, en la que entre otras medidas se\u00f1ala la revisi\u00f3n de casos como el de Aurelia Garc\u00eda Cruce\u00f1o, el Tribunal Superior de Justicia (TSJ) no ha revisado ni uno solo.<\/p>\n\n\n\n<p class=\"wp-block-paragraph\">Como defensoras de derechos humanos se\u00f1alan que han conocido por lo menos un caso m\u00e1s, adem\u00e1s del de Aurelia, el de Maira Onofre G\u00f3mez, recluida tambi\u00e9n en el penal de Iguala de la Independencia, acusada tambi\u00e9n de homicidio en raz\u00f3n de parentesco.<\/p>\n\n\n\n<p class=\"wp-block-paragraph\">De las medidas dictadas en la AVG por agravio comparado, a\u00fan faltan por cumplirse 13, muchas de ellas relacionadas con la capacitaci\u00f3n de servidores y servidoras p\u00fablicas en perspectiva de g\u00e9nero, derechos humanos e interculturalidad.<\/p>\n\n\n\n<p class=\"wp-block-paragraph\">\u201cEs urgente que comiencen a juzgar desde estas perspectivas y abandonen comportamientos mis\u00f3ginos que criminalizan a las mujeres; es urgente dejen de lado sus prejuicios personales y omitir comentarios dolosos que interfieren en la obtenci\u00f3n de justicia para las mujeres v\u00edctimas de graves violaciones a sus derechos, asimismo es impostergable cumplir con la obligaci\u00f3n de garantizar traductores y traductoras en lenguas originarias\u201d, se\u00f1alan.<\/p>\n\n\n\n<p class=\"wp-block-paragraph\">Como defensoras de derechos humanos les urge, recalcan, que dejen de ejercer violencia institucional contra las mujeres, ni\u00f1as y adolescentes; las servidoras y servidores p\u00fablicos, deben de entender de una vez por todas, que la perspectiva de g\u00e9nero \u201cno es un adorno ni un mo\u00f1o que lucir un d\u00eda naranja\u201d.<\/p>\n\n\n\n<p class=\"wp-block-paragraph\">\u201cDebe quedar claro que la perspectiva de g\u00e9nero y de derechos humanos, es una obligaci\u00f3n en su quehacer institucional diario, porque las violencias ejercidas contra las mujeres en Guerreo, son graves y se agravan muchos si estas son acentuadas por el Estado\u201d, resaltaron.<\/p>\n\n\n\n<p class=\"wp-block-paragraph\">Remarcan que la violencia contra las mujeres es un problema estructural que nace de un pacto patriarcal institucional e ideas mis\u00f3ginas, por lo que tambi\u00e9n se pronunciaron por dejar de estigmatizar a los pueblos originarios afromexicanos e ind\u00edgenas por los usos y costumbres.<\/p>\n\n\n\n<p class=\"wp-block-paragraph\">Ante ello, como defensoras de los derechos de las mujeres y organizaciones acompa\u00f1antes y peticionarias de la Declaratoria de Alerta de Violencia de G\u00e9nero por Agravio Comparado, exigen al Estado de Guerrero, acelerar el cumplimiento de la mencionada alerta, en lo que se refiere a la revisi\u00f3n de todos los casos de mujeres recluidas por delitos relacionados con aborto; que se publique y cumpla con el plan de reparaci\u00f3n del da\u00f1o cometido a Aurelia, y a todas las mujeres que hayan perdido a\u00f1os de sus vidas detenidas en prisi\u00f3n por delitos que no cometieron, y por \u00faltimo, cese a la criminalizaci\u00f3n de las defensoras de los Derechos Humanos de las Mujeres.<\/p>\n\n\n\n<h2 class=\"wp-block-heading\"><strong>Caso Aurelia<\/strong><\/h2>\n\n\n\n<p class=\"wp-block-paragraph\">Refieren que como RGDM y OVM-Guerrero, y organizaciones acompa\u00f1antes de Aurelia Garc\u00eda Cruce\u00f1o, emprendieron la defensa desde hace varios meses, visibilizando la criminalizaci\u00f3n contra las mujeres en un Estado alertado desde hace varios a\u00f1os por violencia feminicida con un contexto de violencia sexual grave.<\/p>\n\n\n\n<p class=\"wp-block-paragraph\">En Guerrero, remarcan, se ha criminalizado a las mujeres con mayor vulnerabilidad, neg\u00e1ndoles un aborto legal y seguro y, sobre todo, negando derechos a las mujeres ind\u00edgenas como Aurelia quien finalmente este martes, recobr\u00f3 su libertad.<\/p>\n\n\n\n<p class=\"wp-block-paragraph\">Aurelia estuvo presa por casi 4 a\u00f1os, por haber tenido un parto fortuito, despu\u00e9s de un embarazo resultado de una violaci\u00f3n sexual cometida por una autoridad comunitaria en su natal Xochicalco, municipio de Chilapa.<\/p>\n\n\n\n<p class=\"wp-block-paragraph\">Para Aurelia el camino se detuvo por 4 a\u00f1os, que ya no le ser\u00e1n devueltos, con 19 a\u00f1os de edad fue obligada a aceptar una sentencia de 13 a\u00f1os por un delito que nunca cometi\u00f3, ahora a las autoridades correspondientes les toca la reparaci\u00f3n del da\u00f1o causado a su vida, su salud mental, emocional y f\u00edsica, como defensora de los derechos humano se mantendr\u00e1n, advierten, atentas de cu\u00e1les ser\u00e1n esas acciones institucionales de dependencias como la Comisi\u00f3n Estatal de Atenci\u00f3n a V\u00edctimas que parad\u00f3jicamente, fue una de las que la acus\u00f3.<\/p>\n\n\n\n<p class=\"wp-block-paragraph\">\u201cHoy es libre. La sentencia fue absolutoria, sin embargo, a\u00fan quedan muchos pendientes por resolver para ella y para las mujeres que encuentran recluidas por alg\u00fan delito relacionado con aborto\u201d.<\/p>\n\n\n\n<p class=\"wp-block-paragraph\">SEM\/MG<\/p>\n","protected":false},"excerpt":{"rendered":"<p>Remarcan que la violencia contra las mujeres es un problema estructural que nace de un pacto patriarcal institucional e ideas mis\u00f3ginas.<\/p>\n","protected":false},"author":3,"featured_media":60852,"comment_status":"open","ping_status":"open","sticky":false,"template":"","format":"standard","meta":{"_monsterinsights_skip_tracking":false,"footnotes":""},"categories":[693,54],"tags":[],"class_list":["post-60851","post","type-post","status-publish","format-standard","has-post-thumbnail","category-693","category-mujeres"],"_links":{"self":[{"href":"https:\/\/redsemlac.com\/semmexico\/wp-json\/wp\/v2\/posts\/60851","targetHints":{"allow":["GET"]}}],"collection":[{"href":"https:\/\/redsemlac.com\/semmexico\/wp-json\/wp\/v2\/posts"}],"about":[{"href":"https:\/\/redsemlac.com\/semmexico\/wp-json\/wp\/v2\/types\/post"}],"author":[{"embeddable":true,"href":"https:\/\/redsemlac.com\/semmexico\/wp-json\/wp\/v2\/users\/3"}],"replies":[{"embeddable":true,"href":"https:\/\/redsemlac.com\/semmexico\/wp-json\/wp\/v2\/comments?post=60851"}],"version-history":[{"count":0,"href":"https:\/\/redsemlac.com\/semmexico\/wp-json\/wp\/v2\/posts\/60851\/revisions"}],"wp:featuredmedia":[{"embeddable":true,"href":"https:\/\/redsemlac.com\/semmexico\/wp-json\/wp\/v2\/media\/60852"}],"wp:attachment":[{"href":"https:\/\/redsemlac.com\/semmexico\/wp-json\/wp\/v2\/media?parent=60851"}],"wp:term":[{"taxonomy":"category","embeddable":true,"href":"https:\/\/redsemlac.com\/semmexico\/wp-json\/wp\/v2\/categories?post=60851"},{"taxonomy":"post_tag","embeddable":true,"href":"https:\/\/redsemlac.com\/semmexico\/wp-json\/wp\/v2\/tags?post=60851"}],"curies":[{"name":"wp","href":"https:\/\/api.w.org\/{rel}","templated":true}]}}