{"id":60839,"date":"2022-12-21T11:57:58","date_gmt":"2022-12-21T17:57:58","guid":{"rendered":"https:\/\/redsemlac.com\/semmexico\/?p=60839"},"modified":"2023-07-21T19:25:17","modified_gmt":"2023-07-22T00:25:17","slug":"despues-de-tres-anos-sale-de-la-carcel-aurelia-victima-de-violacion-sexual-y-de-la-ineptitud-de-la-fge","status":"publish","type":"post","link":"https:\/\/redsemlac.com\/semmexico\/despues-de-tres-anos-sale-de-la-carcel-aurelia-victima-de-violacion-sexual-y-de-la-ineptitud-de-la-fge\/","title":{"rendered":"Despu\u00e9s de tres a\u00f1os sale de la c\u00e1rcel Aurelia, v\u00edctima de violaci\u00f3n sexual y de la ineptitud de la FGE"},"content":{"rendered":"\n<ul class=\"wp-block-list\">\n<li><strong>Aurelia Garc\u00eda Cruce\u00f1o, fue violada en su comunidad Xochicalco, municipio de Chilapa, por parte de una autoridad comunitaria; de esa agresi\u00f3n queda embarazada.<\/strong><strong><\/strong><\/li>\n\n\n\n<li><strong>Luego de expulsar a un producto muerto, hab\u00eda estado desangr\u00e1ndose por el parto que enfrent\u00f3 sola, en su cuarto, a punto de morir, fue internada, al d\u00eda siguiente sin siquiera permitirle recuperarse, se la llevaron presa.<\/strong><strong><\/strong><\/li>\n<\/ul>\n\n\n\n<p class=\"wp-block-paragraph\"><strong>Josefina Aguilar Pastor<\/strong><\/p>\n\n\n\n<p class=\"wp-block-paragraph\">SemM\u00e9xico, Chilpancingo, Guerrero, 21 de diciembre del 2022.- Tras tres a\u00f1os en la c\u00e1rcel acusada por la Fiscal\u00eda General del Estado (FGE) de homicidio en raz\u00f3n de parentesco, Aurelia Garc\u00eda Cruce\u00f1o, joven ind\u00edgena n\u00e1huatl, fue liberada la noche de este martes.<\/p>\n\n\n\n<p class=\"wp-block-paragraph\">Al filo de las 21:30 horas de este martes, la puerta de los juzgados donde horas antes se llev\u00f3 a cabo la audiencia de resoluci\u00f3n, en la que la jueza Mariela Mireya Alfaro Zapata dict\u00f3 sentencia absolutoria, acompa\u00f1ada de Ver\u00f3nica Garz\u00f3n Bonetti y Jimena Ugarte Trangay, sali\u00f3 Aurelia, absuelta del delito imputado por la FGE.<\/p>\n\n\n\n<p class=\"wp-block-paragraph\">Fueron meses de lucha jur\u00eddica que las abogadas sostuvieron con el sistema de justicia del estado de Guerrero, y que aun a pesar de las amenazas recibidas, no abandonaron el caso.<\/p>\n\n\n<div class=\"wp-block-image\">\n<figure class=\"alignleft size-full\"><a href=\"https:\/\/redsemlac.com\/semmexico\/wp-content\/uploads\/2022\/12\/aurelia-2.jpg\"><img loading=\"lazy\" decoding=\"async\" width=\"337\" height=\"449\" src=\"https:\/\/redsemlac.com\/semmexico\/wp-content\/uploads\/2022\/12\/aurelia-2.jpg\" alt=\"\" class=\"wp-image-60841\"\/><\/a><\/figure>\n<\/div>\n\n\n<p class=\"wp-block-paragraph\">Desde la cinco de la tarde, la madre y padre de Aurelia e integrantes de la Red Guerrerense por los Derechos de las Mujeres, se apostaron fuera del Palacio de Justicia de Iguala, acompa\u00f1adas de representantes de colectivos de famulares de v\u00edctimas de feminicidio y desaparici\u00f3n de distintas partes de la rep\u00fablica.<\/p>\n\n\n\n<p class=\"wp-block-paragraph\">La audiencia que hab\u00eda sido programada para las cinco de la tarde, en el transcurso del d\u00eda fue pospuesta para las siete de la noche.<\/p>\n\n\n\n<p class=\"wp-block-paragraph\">En tanto llegaba la hora, las activistas realizaron pintas en las afueras del Palacio de Justicia, con frases como \u201cLibertad para Aurelia\u201d, y simplemente del nombre de Aurelia.<\/p>\n\n\n\n<p class=\"wp-block-paragraph\">Tambi\u00e9n, realizaron un ritual con flores, sahumerio y mensajes para liberar energ\u00eda positiva a favor de la liberaci\u00f3n de Aurelia.<\/p>\n\n\n\n<p class=\"wp-block-paragraph\">Luego dos horas y media, que dur\u00f3 la audiencia, la puerta de abri\u00f3 y salieron Aurelia acompa\u00f1ada de su madre, padre y las abogadas.<\/p>\n\n\n\n<p class=\"wp-block-paragraph\">\u201cLa sentencia fue absolutoria, la jueza determin\u00f3 que no se hab\u00edan configurado los elementos suficientes por parte de las acusaciones de la fiscal\u00eda\u201d, expuso Ugarte Trangay.<\/p>\n\n\n\n<p class=\"wp-block-paragraph\">Aurelia, familiares y abogadas fueron recibidas con vivas, porras y aplausos por parte de las activistas que se mantuvieron todo el tiempo en espera de la sentencia.<\/p>\n\n\n\n<p class=\"wp-block-paragraph\">\u201cS\u00ed se pudo, si se pudo\u201d, \u201cno que no, no que s\u00ed, ya volvimos a salir\u201d, fueron algunas de las consignas, que gritaron.<\/p>\n\n\n\n<h2 class=\"wp-block-heading\"><strong>Me hice fuerte<\/strong><\/h2>\n\n\n\n<p class=\"wp-block-paragraph\">En una r\u00e1pida entrevista, aun con nerviosismo, Aurelia coment\u00f3 que dentro de la c\u00e1rcel, se sent\u00eda muy triste por no poder ver ni estar con su familia, \u201cpero si me hice fuerte\u201d.<\/p>\n\n\n\n<p class=\"wp-block-paragraph\">Tambi\u00e9n dijo que dentro de la c\u00e1rcel aprendi\u00f3 a hablar espa\u00f1ol. Ya libre, quiere lograr estudiar mucho para lograr su sue\u00f1o de ser maestra, \u201cese es mi sue\u00f1o y s\u00e9 que lo voy a lograr\u201d.<\/p>\n\n\n\n<p class=\"wp-block-paragraph\">Comparti\u00f3 que dentro de la c\u00e1rcel, conoci\u00f3 a otras mujeres que se encuentran en la misma situaci\u00f3n en la que ella estuvo, y de quienes dijo que ojala que las apoyen para que salgan tambi\u00e9n.<\/p>\n\n\n\n<p class=\"wp-block-paragraph\">Pidi\u00f3 hablar en su idioma, en n\u00e1huatl, se dirigi\u00f3 a sus abuelitas y abuelitos quienes en entrevistas anteriores, expresaron su pesar por la encarcelaci\u00f3n de Aurelia.<\/p>\n\n\n\n<p class=\"wp-block-paragraph\">La ma\u00f1ana del martes, durante la conferencia ma\u00f1anera, cuestionado sobre el caso, el Presidente de la Rep\u00fablica respondi\u00f3 que revisar\u00eda el caso, pues tiene buena relaci\u00f3n con el Poder Judicial y que cuando se han presentado este tipo de casos, se re\u00fane con expertas y expertos, y mujeres que trabajan estos temas \u201cyo les ofrezco que ma\u00f1ana ya vamos a tener informaci\u00f3n sobre este caso\u201d, ofreci\u00f3.<\/p>\n\n\n\n<p class=\"wp-block-paragraph\">En d\u00edas anteriores, la gobernadora de Guerrero, Evelyn Salgado Pineda, tambi\u00e9n fue cuestionada al respecto, respondi\u00f3 que ya estaban atendiendo a trav\u00e9s de la Secretar\u00eda de la Mujer.<\/p>\n\n\n\n<h2 class=\"wp-block-heading\"><strong>Aurelia<\/strong><\/h2>\n\n\n\n<p class=\"wp-block-paragraph\">Aurelia Garc\u00eda Cruce\u00f1o, fue violada en su comunidad Xochicalco, municipio de Chilapa, por parte de una autoridad comunitaria; de esa agresi\u00f3n queda embarazada, por miedo al castigo que pudiera tener tanto por su madre, padre, su familia y la misma comunidad, huy\u00f3 hacia Iguala, donde se refugi\u00f3 con una t\u00eda pol\u00edtica.<\/p>\n\n\n\n<p class=\"wp-block-paragraph\">Los hechos sucedieron en 2019, luego de expulsar a un producto muerto, fue llevada de emergencia al hospital de Iguala, hab\u00eda estado desangr\u00e1ndose por el parto que enfrent\u00f3 sola, en su cuarto, a punto de morir, fue internada, los m\u00e9dicos dieron parte a la polic\u00eda, la cual, al d\u00eda siguiente sin siquiera permitirle recuperarse, se la llevaron presa y la FGE, la acus\u00f3 de homicidio en raz\u00f3n de parentesco, supuesto delito por el que pas\u00f3 tres a\u00f1os tras las rejas, luego de una proceso plagado de irregularidades y violaci\u00f3n a sus derechos humanos, acusaron sus abogadas.<\/p>\n\n\n\n<p class=\"wp-block-paragraph\">SEM\/MG<\/p>\n","protected":false},"excerpt":{"rendered":"<p>Aurelia Garc\u00eda Cruce\u00f1o, fue violada en su comunidad Xochicalco, municipio de Chilapa, por parte de una autoridad comunitaria; de esa agresi\u00f3n queda embarazada.<\/p>\n","protected":false},"author":3,"featured_media":60840,"comment_status":"open","ping_status":"open","sticky":false,"template":"","format":"standard","meta":{"_monsterinsights_skip_tracking":false,"footnotes":""},"categories":[693,54],"tags":[],"class_list":["post-60839","post","type-post","status-publish","format-standard","has-post-thumbnail","category-693","category-mujeres"],"_links":{"self":[{"href":"https:\/\/redsemlac.com\/semmexico\/wp-json\/wp\/v2\/posts\/60839","targetHints":{"allow":["GET"]}}],"collection":[{"href":"https:\/\/redsemlac.com\/semmexico\/wp-json\/wp\/v2\/posts"}],"about":[{"href":"https:\/\/redsemlac.com\/semmexico\/wp-json\/wp\/v2\/types\/post"}],"author":[{"embeddable":true,"href":"https:\/\/redsemlac.com\/semmexico\/wp-json\/wp\/v2\/users\/3"}],"replies":[{"embeddable":true,"href":"https:\/\/redsemlac.com\/semmexico\/wp-json\/wp\/v2\/comments?post=60839"}],"version-history":[{"count":0,"href":"https:\/\/redsemlac.com\/semmexico\/wp-json\/wp\/v2\/posts\/60839\/revisions"}],"wp:featuredmedia":[{"embeddable":true,"href":"https:\/\/redsemlac.com\/semmexico\/wp-json\/wp\/v2\/media\/60840"}],"wp:attachment":[{"href":"https:\/\/redsemlac.com\/semmexico\/wp-json\/wp\/v2\/media?parent=60839"}],"wp:term":[{"taxonomy":"category","embeddable":true,"href":"https:\/\/redsemlac.com\/semmexico\/wp-json\/wp\/v2\/categories?post=60839"},{"taxonomy":"post_tag","embeddable":true,"href":"https:\/\/redsemlac.com\/semmexico\/wp-json\/wp\/v2\/tags?post=60839"}],"curies":[{"name":"wp","href":"https:\/\/api.w.org\/{rel}","templated":true}]}}