{"id":60830,"date":"2022-12-21T09:47:43","date_gmt":"2022-12-21T15:47:43","guid":{"rendered":"https:\/\/redsemlac.com\/semmexico\/?p=60830"},"modified":"2023-07-21T19:25:17","modified_gmt":"2023-07-22T00:25:17","slug":"bellas-y-airosas-amores-increibles","status":"publish","type":"post","link":"https:\/\/redsemlac.com\/semmexico\/bellas-y-airosas-amores-increibles\/","title":{"rendered":"Bellas y Airosas| Amores Incre\u00edbles"},"content":{"rendered":"\n<p class=\"wp-block-paragraph\"><strong>Elvira Hern\u00e1ndez Carballido<\/strong><\/p>\n\n\n\n<p class=\"has-text-align-right has-small-font-size wp-block-paragraph\"><em><strong>Mi abuelita contaba que fue su abuela quien le dijo que todo empez\u00f3 debido a Dominga. Ellas, como todas las mujeres del pueblo, se dedicaban a bordar por la ma\u00f1ana y por la noche. En cada tela dejaban su sentir, sus fantas\u00edas, el deseo m\u00e1s profundo&#8230;<\/strong><\/em><\/p>\n\n\n\n<p class=\"wp-block-paragraph\">SemM\u00e9xico, Pachuca, Hidalgo, 21 de diciembre del 2022.- Nunca imagin\u00e9 que ese anuncio que vi en Facebook iba a cambiar mi vida de una manera tan gozosa, el cartel digital promet\u00eda Escribir para Sanar. S\u00ed, la frase era atractiva, pero sobre todo esperanzadora, adem\u00e1s quien impart\u00eda ese taller literario era una escritora que yo conoc\u00eda y ya era memorable en mi vida porque me gustaba su narrativa, consultaba y recomendaba sus libros de redacci\u00f3n, y me encantaban sus antolog\u00edas. Jam\u00e1s imagin\u00e9 que yo iba a formar parte de una de ellas y miren, aqu\u00ed estoy agradeci\u00e9ndole a Beatriz Escalante el espacio que generosamente me dio en este libro que ella bautiz\u00f3 como Amores Incre\u00edbles.<\/p>\n\n\n\n<p class=\"wp-block-paragraph\">Qu\u00e9 bella manera tiene Beatriz para inspirarte, para que se fortalezca tu seguridad, para que en ning\u00fan instante dudes que la escritura es tu vida, para que reconozcas lo que debes mejorar en tu estilo, lo que debes destacar en tu historia, lo que debes explorar en tu alma para que quede perfectamente plasmado en tu texto.<\/p>\n\n\n\n<p class=\"wp-block-paragraph\">Por supuesto, quienes nos acercamos a ella es porque reconocemos que la escritura es nuestro destino marcado, que las historias revolotean por nuestra imaginaci\u00f3n, que mil personajes nos murmuran al o\u00eddo que los dejemos ya salir, pero que queremos alguien a nuestro estado que nos ayude a ordenar este caos literario, que nos oriente con su sabidur\u00eda, que se\u00f1ale los errores sin juicios sumarios, que motive a leernos en voz alta y enfrentar sin pesadumbre los comentarios de ajustes y sin presunci\u00f3n los comentarios de aprobaci\u00f3n y hasta de felicitaciones.<\/p>\n\n\n\n<p class=\"wp-block-paragraph\">Por eso, cuando me invit\u00f3 a formar parte de esta roja e intensa antolog\u00eda le dije s\u00ed al medio segundo que escuch\u00e9 su propuesta. S\u00ed, porque me invitaba con esa alegr\u00eda que le caracteriza, con esa honestidad que tanto admiro, con esa generosidad que jam\u00e1s olvidar\u00e9.<\/p>\n\n\n\n<p class=\"wp-block-paragraph\">Claro, en cuanto finaliz\u00f3 la llamada, empec\u00e9 a azotarme contra las paredes, a sacudir mi cabeza para revolver mis miedos e inseguridades, a mirar las palmas de mi mano para asegurarme que mi destino es escribir, a hacer un poco de trampa y a torcer las l\u00edneas de mi mano para poner a prueba mi capacidad de torcer destinos para crear personajes e historias de inter\u00e9s para p\u00fablicos sensibles, emotivos y exigentes.<\/p>\n\n\n\n<p class=\"wp-block-paragraph\">Escribir sobre mores incre\u00edbles, vaya provocaci\u00f3n. Record\u00e9 a mi pap\u00e1 y a mi mam\u00e1, ella diez a\u00f1os mayor que \u00e9l, nunca les import\u00f3 el qu\u00e9 dir\u00e1n y hoy, casi 70 a\u00f1os de darse el s\u00ed, sigue caminando de la mano. Repas\u00e9 todas las pel\u00edculas cursis que no dejo de ver porque creo en los finales felices y lo que pod\u00eda retomar de ellas para inventar otro filme estilo totalmente elvirino. Mis propias experiencias con amores inolvidables, mis amigas y sus encuentros y desencuentros, personajes memorables de novelas amorosas que me han marcado para siempre. Lo que me falta por amar, lo que deseo para amar.<\/p>\n\n\n\n<p class=\"wp-block-paragraph\">Pensaba y pensaba mientras mis dedos daban paseos por los bordados del vestido que ese d\u00eda tra\u00eda. Chilanga de nacimiento y Bellairosa por decisi\u00f3n, desde hace 18 a\u00f1os s\u00e9 que ya soy hidalguense y una de las formas de evidenciarlo es luciendo mis vestidos de bordados realizados en el poblado de Tenango de Doria. Visitar ese lugar es encontrarte en todo lugar a mujeres y a hombres bordando. Entras a una panader\u00eda y quien la atiende est\u00e9 bordando. Caminas por una calle y en el umbral de cualquier casa vez a alguien bordando. Cualquier persona te abre las puertas de su casa y en cualquier rinc\u00f3n est\u00e1n los bordados de la abuela, de la t\u00eda, de la comadre o de la hija. Son bordados coloridos, de figuras que brotan de su imaginaci\u00f3n y que van desde un conejo de cola azul, orejas verdes y cuerpo morado hasta unicornios de mil colores o tortugas con trompa de elefante y patas de jirafas envueltas en tonos que imitan un amanecer en Huasca, un atardecer en Real de Monte o una mina olvidada en Pachuca.<\/p>\n\n\n\n<pre class=\"wp-block-verse has-text-align-center\"><em><strong>Un ligero soplo de viento se col\u00f3 por el vidri\u00f3 roto del gran ventanal y una hebra amarilla vol\u00f3 para acariciar a esa flor atormentada. El p\u00e1jaro suspir\u00f3 con tal fuerza, que las agujas despertaron deseosas de ser penetradas por erguidas hebras. Entonces, el carrete de hilo azul al creerse mar empez\u00f3 a desenredarse como olas seductoras y convirti\u00f3 a los alfileres en sirenas cantarinas.  Los hilos violetas y fucsia se desenrollaron imitando a las bugambilia que asomaban por el gran ventanal.<\/strong><\/em><\/pre>\n\n\n\n<p class=\"wp-block-paragraph\">Fue as\u00ed como quise inventar la manera en que surgieron esos bordados, y ten\u00edan que surgir gracias a un amor incre\u00edble. Entonces, la inspiraci\u00f3n lleg\u00f3 y surgi\u00f3 este relato titulado \u201cBordados del deseo cumplido\u201d.<\/p>\n\n\n\n<p class=\"wp-block-paragraph\">Qu\u00e9 emoci\u00f3n verme en el \u00edndice, qu\u00e9 orgullo estar acompa\u00f1ada por compa\u00f1eros y compa\u00f1eras cuyos textos son sin duda incre\u00edbles como las historias de amor que comparten, historias que les aseguro disfrutar\u00e1n y jam\u00e1s olvidar\u00e1n.<\/p>\n\n\n\n<p class=\"wp-block-paragraph\">Gracias Beatriz Escalante por tu generosidad, por ser maestra y amiga, mujer admirable, provocadora para apostar siempre por los amores incre\u00edbles.<\/p>\n\n\n\n<pre class=\"wp-block-verse has-text-align-center\"><strong><em>Al d\u00eda siguiente, nadie pod\u00eda creer lo que hab\u00eda pasado en el taller de costura. Dominga conmovida vio a la flor cometa tan radiante y agradecida acarici\u00f3 a ese p\u00e1jaro con destellos tan parecidos a la mirada de Manolo. Las dem\u00e1s costureras brincaban entre los retazos de bordados coloridos, los aventaban para provocar una lluvia de mil colores, los revisaban con verdadera atenci\u00f3n como si fueran jerogl\u00edficos que trataran de descifrar, tatuajes que deseaban reproducir, bordados del deseo cumplido. Una mano masculina coloc\u00f3 en la palma de Dominga el carrete de hilo rojo no me olvides. Ella sonr\u00edo con el deseo a flor de piel.<\/em><\/strong><\/pre>\n","protected":false},"excerpt":{"rendered":"<p> Nunca imagin\u00e9 que ese anuncio que vi en Facebook iba a cambiar mi vida de una manera tan gozosa, el cartel digital promet\u00eda Escribir para Sanar.<\/p>\n","protected":false},"author":3,"featured_media":31337,"comment_status":"open","ping_status":"open","sticky":false,"template":"","format":"standard","meta":{"_monsterinsights_skip_tracking":false,"footnotes":""},"categories":[693,201,202,35],"tags":[],"class_list":["post-60830","post","type-post","status-publish","format-standard","has-post-thumbnail","category-693","category-bellas-y-airosas","category-elvira-hernandez-carballido","category-opinion"],"_links":{"self":[{"href":"https:\/\/redsemlac.com\/semmexico\/wp-json\/wp\/v2\/posts\/60830","targetHints":{"allow":["GET"]}}],"collection":[{"href":"https:\/\/redsemlac.com\/semmexico\/wp-json\/wp\/v2\/posts"}],"about":[{"href":"https:\/\/redsemlac.com\/semmexico\/wp-json\/wp\/v2\/types\/post"}],"author":[{"embeddable":true,"href":"https:\/\/redsemlac.com\/semmexico\/wp-json\/wp\/v2\/users\/3"}],"replies":[{"embeddable":true,"href":"https:\/\/redsemlac.com\/semmexico\/wp-json\/wp\/v2\/comments?post=60830"}],"version-history":[{"count":0,"href":"https:\/\/redsemlac.com\/semmexico\/wp-json\/wp\/v2\/posts\/60830\/revisions"}],"wp:featuredmedia":[{"embeddable":true,"href":"https:\/\/redsemlac.com\/semmexico\/wp-json\/wp\/v2\/media\/31337"}],"wp:attachment":[{"href":"https:\/\/redsemlac.com\/semmexico\/wp-json\/wp\/v2\/media?parent=60830"}],"wp:term":[{"taxonomy":"category","embeddable":true,"href":"https:\/\/redsemlac.com\/semmexico\/wp-json\/wp\/v2\/categories?post=60830"},{"taxonomy":"post_tag","embeddable":true,"href":"https:\/\/redsemlac.com\/semmexico\/wp-json\/wp\/v2\/tags?post=60830"}],"curies":[{"name":"wp","href":"https:\/\/api.w.org\/{rel}","templated":true}]}}