{"id":60825,"date":"2022-12-20T12:56:03","date_gmt":"2022-12-20T18:56:03","guid":{"rendered":"https:\/\/redsemlac.com\/semmexico\/?p=60825"},"modified":"2023-07-21T19:25:17","modified_gmt":"2023-07-22T00:25:17","slug":"presidencia-de-la-republica-debe-entregar-copia-integra-de-iniciativa-de-reforma-electoral-de-amlo-inai","status":"publish","type":"post","link":"https:\/\/redsemlac.com\/semmexico\/presidencia-de-la-republica-debe-entregar-copia-integra-de-iniciativa-de-reforma-electoral-de-amlo-inai\/","title":{"rendered":"Presidencia de la Rep\u00fablica debe entregar copia \u00edntegra de iniciativa de Reforma Electoral de AMLO: INAI"},"content":{"rendered":"\n<ul class=\"wp-block-list\">\n<li><strong>Importante que la poblaci\u00f3n conozca de manera detallada esta iniciativa, ya que se relaciona con la vida democr\u00e1tica del pa\u00eds: Adri\u00e1n Alcal\u00e1 M\u00e9ndez.<\/strong><\/li>\n\n\n\n<li><strong>Esta informaci\u00f3n tambi\u00e9n permitir\u00e1 a la sociedad valorar el impacto que tendr\u00e1n las reformas a las leyes secundarias en materia electoral sobre el funcionamiento del INE, plante\u00f3 el Comisionado.<\/strong><\/li>\n<\/ul>\n\n\n\n<p class=\"wp-block-paragraph\"><strong>Redacci\u00f3n<\/strong><\/p>\n\n\n\n<p class=\"wp-block-paragraph\">SemM\u00e9xico, Ciudad de M\u00e9xico, 20 de diciembre del 2022.- La Oficina de la Presidencia de la Rep\u00fablica debe asumir competencia y entregar copia \u00edntegra de la iniciativa de reforma electoral, anunciada por el presidente Andr\u00e9s Manuel L\u00f3pez Obrador, en su conferencia prensa del 15 de junio de 2022; as\u00ed como del documento con el cual se present\u00f3 formalmente al \u00f3rgano legislativo, resolvi\u00f3 el Instituto Nacional de Transparencia, Acceso a la Informaci\u00f3n y Protecci\u00f3n de Datos Personales (INAI).<\/p>\n\n\n\n<p class=\"wp-block-paragraph\">\u201cConsidero de la mayor importancia que la poblaci\u00f3n conozca, de manera detallada, esta iniciativa de reforma electoral, que anunci\u00f3 el 15 de junio de 2022, el presidente de la rep\u00fablica, Andr\u00e9s Manuel L\u00f3pez Obrador, al ser informaci\u00f3n que se encuentra estrechamente relacionada con la vida democr\u00e1tica del pa\u00eds y que, en las \u00faltimas fechas, ha generado importantes movilizaciones a favor o en contra\u201d, sostuvo el comisionado Adri\u00e1n Alcal\u00e1 M\u00e9ndez.<\/p>\n\n\n\n<p class=\"wp-block-paragraph\">Al presentar el caso ante el Pleno, plante\u00f3 que esta informaci\u00f3n tambi\u00e9n permitir\u00e1 a la sociedad mexicana valorar y tener claro el impacto que tendr\u00e1n las reformas a las leyes secundarias en materia electoral sobre la organizaci\u00f3n y funcionamiento del Instituto Nacional Electoral (INE).<\/p>\n\n\n\n<p class=\"wp-block-paragraph\">La persona que solicit\u00f3 la informaci\u00f3n present\u00f3 un recurso de revisi\u00f3n ante el INAI, debido a que la Oficina de la Presidencia de la Rep\u00fablica se declar\u00f3 incompetente para conocer la iniciativa y la orient\u00f3 a presentar su petici\u00f3n ante la C\u00e1mara de Diputados y la Consejer\u00eda Jur\u00eddica del Ejecutivo Federal.<\/p>\n\n\n\n<p class=\"wp-block-paragraph\">En el an\u00e1lisis del caso, a cargo de la ponencia del comisionado Alcal\u00e1 M\u00e9ndez, se determin\u00f3 que la dependencia s\u00ed es competente y cuenta con tres unidades administrativas que, por sus atribuciones, pueden contar la informaci\u00f3n requerida, a saber, la Jefatura de la Oficina de la Presidencia, la Secretar\u00eda Particular del Presidente y la Coordinaci\u00f3n General de Comunicaci\u00f3n Social y Vocer\u00eda.<\/p>\n\n\n\n<p class=\"wp-block-paragraph\">Asimismo, en el portal de la Oficina de la Presidencia de la Rep\u00fablica, se localiz\u00f3 la versi\u00f3n estenogr\u00e1fica de la conferencia de prensa del 15 de junio pasado, donde el Presidente inform\u00f3 que se enviar\u00eda al Senado de la Rep\u00fablica o la C\u00e1mara de Diputados la iniciativa de reforma electoral.<\/p>\n\n\n\n<p class=\"wp-block-paragraph\">Por tanto, se concluy\u00f3 que, antes de declarar la incompetencia, la dependencia debi\u00f3 hacer una b\u00fasqueda exhaustiva de la iniciativa solicitada, tomando en cuenta este tipo de declaraciones del Presidente de la Rep\u00fablica.<\/p>\n\n\n\n<p class=\"wp-block-paragraph\">\u201cNo es v\u00e1lido que se aluda incompetencias (\u2026) por el solo hecho de que otro sujeto obligado pudiera ser competente para generar la informaci\u00f3n, m\u00e1xime cuando existen elementos que evidencian que, en este caso, el titular del sujeto obligado s\u00ed conoce de la iniciativa y que ha hecho referencia a la misma de manera p\u00fablica, en m\u00faltiples ocasiones\u201d, afirm\u00f3.<\/p>\n\n\n\n<p class=\"wp-block-paragraph\">Con los argumentos planteados, el Pleno del INAI revoc\u00f3 la respuesta de la Oficina de la Presidencia de la Rep\u00fablica y le instruy\u00f3 a asumir competencia, a fin de que d\u00e9 respuesta a la solicitud.<\/p>\n\n\n\n<p class=\"wp-block-paragraph\">SEM\/MG<\/p>\n","protected":false},"excerpt":{"rendered":"<p>Importante que la poblaci\u00f3n conozca de manera detallada esta iniciativa, ya que se relaciona con la vida democr\u00e1tica del pa\u00eds: Adri\u00e1n Alcal\u00e1 M\u00e9ndez.<\/p>\n","protected":false},"author":3,"featured_media":60826,"comment_status":"open","ping_status":"open","sticky":false,"template":"","format":"standard","meta":{"_monsterinsights_skip_tracking":false,"footnotes":""},"categories":[693,51],"tags":[],"class_list":["post-60825","post","type-post","status-publish","format-standard","has-post-thumbnail","category-693","category-ejecutivo"],"_links":{"self":[{"href":"https:\/\/redsemlac.com\/semmexico\/wp-json\/wp\/v2\/posts\/60825","targetHints":{"allow":["GET"]}}],"collection":[{"href":"https:\/\/redsemlac.com\/semmexico\/wp-json\/wp\/v2\/posts"}],"about":[{"href":"https:\/\/redsemlac.com\/semmexico\/wp-json\/wp\/v2\/types\/post"}],"author":[{"embeddable":true,"href":"https:\/\/redsemlac.com\/semmexico\/wp-json\/wp\/v2\/users\/3"}],"replies":[{"embeddable":true,"href":"https:\/\/redsemlac.com\/semmexico\/wp-json\/wp\/v2\/comments?post=60825"}],"version-history":[{"count":0,"href":"https:\/\/redsemlac.com\/semmexico\/wp-json\/wp\/v2\/posts\/60825\/revisions"}],"wp:featuredmedia":[{"embeddable":true,"href":"https:\/\/redsemlac.com\/semmexico\/wp-json\/wp\/v2\/media\/60826"}],"wp:attachment":[{"href":"https:\/\/redsemlac.com\/semmexico\/wp-json\/wp\/v2\/media?parent=60825"}],"wp:term":[{"taxonomy":"category","embeddable":true,"href":"https:\/\/redsemlac.com\/semmexico\/wp-json\/wp\/v2\/categories?post=60825"},{"taxonomy":"post_tag","embeddable":true,"href":"https:\/\/redsemlac.com\/semmexico\/wp-json\/wp\/v2\/tags?post=60825"}],"curies":[{"name":"wp","href":"https:\/\/api.w.org\/{rel}","templated":true}]}}