{"id":60822,"date":"2022-12-20T11:24:31","date_gmt":"2022-12-20T17:24:31","guid":{"rendered":"https:\/\/redsemlac.com\/semmexico\/?p=60822"},"modified":"2023-07-21T19:25:17","modified_gmt":"2023-07-22T00:25:17","slug":"toda-muerte-violenta-de-nina-o-mujer-hay-que-abordarlo-como-feminicidio-mercedes-rubio-mendoza","status":"publish","type":"post","link":"https:\/\/redsemlac.com\/semmexico\/toda-muerte-violenta-de-nina-o-mujer-hay-que-abordarlo-como-feminicidio-mercedes-rubio-mendoza\/","title":{"rendered":"Toda muerte violenta de ni\u00f1a o mujer hay que abordarlo como feminicidio: Mercedes Rubio Mendoza"},"content":{"rendered":"\n<ul class=\"wp-block-list\">\n<li><strong>Es un derecho la reconstrucci\u00f3n de la verdad y la memoria en casos de feminicidio.<\/strong><\/li>\n\n\n\n<li><strong>Importa investigar la vida y muerte de la v\u00edctima, pero con perspectiva de g\u00e9nero como lo sentenci\u00f3 la Corte Interamericana de los Derechos Humanos.<\/strong><\/li>\n<\/ul>\n\n\n\n<p class=\"wp-block-paragraph\"><strong>Elda Montiel<\/strong>\/\u00a0Imagen propiedad de:\u00a0Isabel Mateos<\/p>\n\n\n\n<p class=\"wp-block-paragraph\">SemM\u00e9xico, Ciudad de M\u00e9xico, 20 de diciembre del 2022.- La importancia de reconstruir la verdad y la memoria en un feminicidio o muerte violenta de ni\u00f1as, adolescentes y mujeres con perspectiva de g\u00e9nero desde el inicio de la investigaci\u00f3n, es un derecho de la v\u00edctimas y sus familiares, sin embargo no se realiza a pesar de las sentencias de Campo Algodonero (2009), Digna Ochoa y Placido (2022) y Mariana Lima Buend\u00eda (2015), explic\u00f3 la especialista Mercedes Adriana Rubio Mendoza, asesora forense del Observatorio Ciudadano Nacional del Feminicidio (OCNF).<\/p>\n\n\n\n<p class=\"wp-block-paragraph\">Se expuso en la conferencia \u201cMemoria y construcci\u00f3n de la verdad en la investigaci\u00f3n forense en casos de feminicidio y muertes violentas de ni\u00f1as y mujeres\u00bb coordinada por la doctora Guadalupe Vald\u00e9s Osorio (Vocal Nacional de FEMU) del Museo de la Mujer, el pasado 14 de diciembre.<\/p>\n\n\n\n<p class=\"wp-block-paragraph\">La especialista forense, advirti\u00f3 que no todas las muertes violentas de mujeres y ni\u00f1as son feminicidios, pero no se sabe al iniciar una investigaci\u00f3n, por lo que se tienen que abordar como feminicidios porque puede serlo, y en caso de no ser as\u00ed, solo se descarta. Sin embargo, lament\u00f3 que esto no ocurre principalmente en los estados y es una constante que los presentan como suicidios y\/o accidentes.<\/p>\n\n\n\n<p class=\"wp-block-paragraph\">Importa investigar la vida y muerte de la v\u00edctima, pero con perspectiva de g\u00e9nero como lo sentenci\u00f3 la Corte Interamericana de los Derechos Humanos (CIDH) en el Caso de la defensora Digna Ochoa y Pl\u00e1cido, y que tiene repercusi\u00f3n nacional e internacional que sentenci\u00f3 al gobierno mexicano porque investig\u00f3 la vida de la defensora, pero para denostar su imagen como lo hicieron las autoridades para justificar su hip\u00f3tesis de suicidio. \u201cLo que fue terrible, dijo, porque manda un mensaje de impunidad\u201d.<\/p>\n\n\n\n<p class=\"wp-block-paragraph\">Conforme a la sentencia, \u201cse violaron las garant\u00edas judiciales, el derecho a la integridad personal y el derecho a la protecci\u00f3n de la honra y de la dignidad. Hubo negligencia en el manejo de la escena del crimen, en la integraci\u00f3n del expediente y en la necropsia m\u00e9dico legal\u201d.<\/p>\n\n\n\n<h2 class=\"wp-block-heading\"><strong>Importa c\u00f3mo y para qu\u00e9 se investiga<\/strong><\/h2>\n\n\n\n<p class=\"wp-block-paragraph\">Precis\u00f3 que se debe investigar la vida de la v\u00edctima, pero para encontrar las causas de la muerte, ya sea en un ambiente privado e \u00edntimo, donde puede haber simetr\u00eda de poderes entre el agresor y la v\u00edctima. O en el caso p\u00fablico, feminicidios en v\u00eda p\u00fablica terrenos bald\u00edos, donde la v\u00edctima fue agredida en contextos de criminalidad.<\/p>\n\n\n\n<p class=\"wp-block-paragraph\">Se tiene que demostrar que exist\u00eda simetr\u00eda de poderes entre el agresor y la v\u00edctima como en el caso de Mariana Lima Buend\u00eda cuando ocurren en espacios privados, que tambi\u00e9n lo presentaron como suicidio cuando fue un feminicidio y que dio origen a la sentencia de la Suprema Corte de Justicia de la Naci\u00f3n (SCJN) del 2015 que toda muerte violenta de mujeres debe hacerse con perspectiva de g\u00e9nero.<\/p>\n\n\n\n<p class=\"wp-block-paragraph\">Se tiene que entender como la v\u00edctima viv\u00eda en un contexto de vulnerabilidad, por lo que hay que reconstruir los hechos, la diligencia tiene que ser especializada con perspectiva de g\u00e9nero porque puede haber estigmas de esa violencia que se dio meses antes.<\/p>\n\n\n\n<h2 class=\"wp-block-heading\"><strong>La medicina forense tiene que dimensionar las causas de la muerte<\/strong><\/h2>\n\n\n\n<p class=\"wp-block-paragraph\">La medicina forense no puede quedarse s\u00f3lo con explicar la causa de la muerte, tiene que dimensionar los impactos de la violencia, ya sea en espacios privados, \u00edntimos, o cuando los feminicidios ocurren en contextos criminales y ocurren en v\u00eda p\u00fablica, o en terrenos bald\u00edos, explico la especialista.<\/p>\n\n\n\n<p class=\"wp-block-paragraph\">Puso como un ejemplo terrible de investigar sin perspectiva de g\u00e9nero, lo que ocurri\u00f3 en el caso de Digna Ochoa que se investig\u00f3 como viv\u00eda y concluyeron que ella hab\u00eda simulado su agresi\u00f3n y que realmente era un suicidio, y denostaron su imagen, lo que es un mensaje de impunidad de que no hay culpables.<\/p>\n\n\n\n<p class=\"wp-block-paragraph\">Se\u00f1al\u00f3 que no s\u00f3lo es el caso de Digna Ochoa y Pl\u00e1cido, sino que hay m\u00faltiples casos que se investigan sin perspectiva de g\u00e9nero y revictimizan o culpabilizan a la v\u00edctima.<\/p>\n\n\n\n<p class=\"wp-block-paragraph\">Recalc\u00f3 la importancia de esta sentencia que en el rengl\u00f3n 60 de la sentencia de la CIDH dice que: \u201cLa se\u00f1ora Digna Ochoa y Pl\u00e1cido tuvo repercusi\u00f3n nacional e internacional&#8230;\u201d<\/p>\n\n\n\n<p class=\"wp-block-paragraph\">La CIDH concluyo que \u201cla muerte de Digna Ochoa no fue un suicidio y que el gobierno de M\u00e9xico cometi\u00f3 errores durante la investigaci\u00f3n de sus casos entre los que resaltan fallas procesales y prejuicios por parte de las y los funcionarios.<\/p>\n\n\n\n<p class=\"wp-block-paragraph\">El objetivo de la conferencia es visibilizar la importancia de la construcci\u00f3n de la verdad como derecho de las v\u00edctimas; hablar de memoria como dignidad de las v\u00edctimas y principio de no revictimizaci\u00f3n; y resaltar la importancia de la investigaci\u00f3n forense para el acceso a la justicia en casos de muertes violentas de ni\u00f1as y mujeres y feminicidios.<\/p>\n\n\n\n<p class=\"wp-block-paragraph\">Se destac\u00f3 que es un tema complejo que se tiene que dimensionar el impacto porque tiene repercusiones sociales y comunitarias como en el caso de Lesvy Berl\u00edn Rivera Osorio, cuyo feminicidio ocurri\u00f3 el 3 de mayo del 2017 dentro de Ciudad Universitaria lo que impact\u00f3 a la comunidad universitaria donde el mensaje es que la instituci\u00f3n educativa ya no es un lugar seguro.<\/p>\n\n\n\n<p class=\"wp-block-paragraph\">Adem\u00e1s los feminicidios impactan cuando hay hijas e hijos en su desarrollo cuando ocurre en el \u00e1mbito familiar y provoca un da\u00f1o irreversible.<\/p>\n\n\n\n<p class=\"wp-block-paragraph\">La especialista explica que la investigaci\u00f3n forense no se puede quedar en una diligencia b\u00e1sica, tiene que ver todo tipo de evidencias que demuestren la violencia d\u00edas antes que se materializa en la privaci\u00f3n de una vida. Como ropa sucia, objetos y todo se tiene que documentar en fotograf\u00eda.<\/p>\n\n\n\n<p class=\"wp-block-paragraph\">Explic\u00f3 que las muertes tienen repercusi\u00f3n y eso es \u201cmemoria\u201d como en el caso del feminicidio de Zyanya Estefan\u00eda Figueroa Becerril&nbsp;una&nbsp;<a href=\"https:\/\/es.wikipedia.org\/wiki\/M%C3%A9dico\">m\u00e9dico<\/a>&nbsp;<a href=\"https:\/\/es.wikipedia.org\/wiki\/Pediatr%C3%ADa\">pediatra<\/a>&nbsp;en la&nbsp;<a href=\"https:\/\/es.wikipedia.org\/wiki\/Puebla_de_Zaragoza\">ciudad de Puebla<\/a> en&nbsp;<a href=\"https:\/\/es.wikipedia.org\/wiki\/M%C3%A9xico\">M\u00e9xico<\/a>, el&nbsp;<a href=\"https:\/\/es.wikipedia.org\/wiki\/15_de_mayo\">15 de mayo<\/a>&nbsp;de&nbsp;<a href=\"https:\/\/es.wikipedia.org\/wiki\/2018\">2018<\/a>, en el que su padre se\u00f1ala que no solo privaron de la vida a su hija sino tambi\u00e9n privaron de la posibilidad de sanar a ni\u00f1as y ni\u00f1os, ya que el objetivo de la v\u00edctima era especializarse. &nbsp;En septiembre de 2021, un juez orden\u00f3 enmendar la investigaci\u00f3n bajo una&nbsp;<a href=\"https:\/\/es.wikipedia.org\/wiki\/Perspectiva_de_g%C3%A9nero\">perspectiva de g\u00e9nero<\/a>. \u200b<\/p>\n\n\n\n<p class=\"wp-block-paragraph\">Por eso se\u00f1al\u00f3 la importancia de reconstruir los hechos porque la investigaci\u00f3n por si sola no va a dar con la verdad, se tiene que hacer una evaluaci\u00f3n retrospectiva, pero enfatiz\u00f3 siempre con perspectiva de g\u00e9nero.<\/p>\n\n\n\n<h2 class=\"wp-block-heading\"><strong>Riesgos de la Necropsia psicol\u00f3gica<\/strong><\/h2>\n\n\n\n<p class=\"wp-block-paragraph\">En los casos de suicidio hablo de los riesgos de la necropsia psicol\u00f3gica que se utiliza cuando dicen que es suicidio y que las autoridades utilizan para construir la personalidad de la v\u00edctima, pero que pueden tener sesgos discriminatorios como ocurri\u00f3 en el caso de la defensora Digna Ochoa y Pl\u00e1cido. Porque se entrevista incluso a personas que no conocieron a la v\u00edctima o que forman parte del c\u00edrculo del agresor lo que siempre va a ser negativo a la v\u00edctima.<\/p>\n\n\n\n<p class=\"wp-block-paragraph\">Esto, dijo no es reconstrucci\u00f3n de la verdad y la memoria porque esas diligencias se vuelven contra la v\u00edctima porque pueden justificar muertes violentas de mujeres y ni\u00f1as, y esto lo se\u00f1ala la sentencia de Digna Ochoa y Pl\u00e1cido. Tambi\u00e9n se se\u00f1ala en la sentencia de Campo Algodonero, por lo que es importante \u00bfc\u00f3mo y para qu\u00e9? se va a investigar es lo que realmente nos va a llevar a la reconstrucci\u00f3n de la verdad y la memoria.<\/p>\n\n\n\n<p class=\"wp-block-paragraph\">La Corte Interamericana en las sentencias se\u00f1ala que no debe haber sesgos discriminatorios en las ciencias forenses. El contexto siempre importa por lo que es necesario hacerlo con perspectiva de g\u00e9nero desde el inicio de la investigaci\u00f3n. Realizar una investigaci\u00f3n de feminicidio sin perspectiva de g\u00e9nero es una omisi\u00f3n y un acto de imposible reparaci\u00f3n que afecta el derecho a la v\u00edctima a la verdad e impacta la memoria.<\/p>\n\n\n\n<p class=\"wp-block-paragraph\">Se\u00f1al\u00f3 que la importancia de realizar las investigaciones de muertes violentas de ni\u00f1as y mujeres con perspectiva de g\u00e9nero es porque se sientan las bases para hacerlo en otros casos similares.<\/p>\n\n\n\n<p class=\"wp-block-paragraph\">En el caso opuesto tambi\u00e9n se sientan precedentes de similitudes y no se investigan como en el Caso de Campo Algodonero una de las victimas sali\u00f3 a una fiesta y ya no regreso, y no se investig\u00f3. Lo mismo paso con el reci\u00e9n caso de Debanhi Escobar en Monterrey, la joven desapareci\u00f3 cuando fue a una fiesta y tardaron en investigar, hay un contexto de no localizaci\u00f3n. En estos casos son los familiares los que realizan las investigaciones. Adem\u00e1s indic\u00f3 que no existen pretextos de las autoridades porque existen protocolos para realizar las investigaciones de feminicidios nacionales e internacionales. Existen m\u00faltiples herramientas para investigar con perspectiva de g\u00e9nero.<\/p>\n\n\n\n<p class=\"wp-block-paragraph\">Se refiri\u00f3 que en el aspecto t\u00e9cnico hay dos tipos de diligencias, las de debida diligencia y las particulares o especializadas que se exigen en el caso de los feminicidios que emanan de las sentencias de la CIDH, como Campo Algodonero o Digna Ochoa y Pl\u00e1cido y la sentencia de la SCJN, como en el caso de Mariana Lima Buend\u00eda, que se tienen que cumplir con perspectiva de g\u00e9nero. &nbsp;<\/p>\n\n\n\n<p class=\"wp-block-paragraph\">Aunque implica m\u00e1s esfuerzo, aparentemente, si los peritos ya est\u00e1n en el lugar de los hechos tiene que ver m\u00e1s detalles, como una blusa desabotonada, o una posici\u00f3n de la v\u00edctima que denota uso de la fuerza, por ejemplo. Porque de no hacerlo es un tema de omisi\u00f3n.&nbsp; Se tiene que hacer algo mas especializado. Tambi\u00e9n dijo, que hay maneras de reforzar esa debida diligencia, la perspectiva de g\u00e9nero va a servir para la reconstrucci\u00f3n de la verdad y la memoria en los feminicidios y muertes violentas de ni\u00f1as y mujeres.<\/p>\n\n\n\n<p class=\"wp-block-paragraph\">SEM\/MG<\/p>\n","protected":false},"excerpt":{"rendered":"<p>Es un derecho la reconstrucci\u00f3n de la verdad y la memoria en casos de feminicidio.<\/p>\n","protected":false},"author":3,"featured_media":60823,"comment_status":"open","ping_status":"open","sticky":false,"template":"","format":"standard","meta":{"_monsterinsights_skip_tracking":false,"footnotes":""},"categories":[693,54],"tags":[],"class_list":["post-60822","post","type-post","status-publish","format-standard","has-post-thumbnail","category-693","category-mujeres"],"_links":{"self":[{"href":"https:\/\/redsemlac.com\/semmexico\/wp-json\/wp\/v2\/posts\/60822","targetHints":{"allow":["GET"]}}],"collection":[{"href":"https:\/\/redsemlac.com\/semmexico\/wp-json\/wp\/v2\/posts"}],"about":[{"href":"https:\/\/redsemlac.com\/semmexico\/wp-json\/wp\/v2\/types\/post"}],"author":[{"embeddable":true,"href":"https:\/\/redsemlac.com\/semmexico\/wp-json\/wp\/v2\/users\/3"}],"replies":[{"embeddable":true,"href":"https:\/\/redsemlac.com\/semmexico\/wp-json\/wp\/v2\/comments?post=60822"}],"version-history":[{"count":0,"href":"https:\/\/redsemlac.com\/semmexico\/wp-json\/wp\/v2\/posts\/60822\/revisions"}],"wp:featuredmedia":[{"embeddable":true,"href":"https:\/\/redsemlac.com\/semmexico\/wp-json\/wp\/v2\/media\/60823"}],"wp:attachment":[{"href":"https:\/\/redsemlac.com\/semmexico\/wp-json\/wp\/v2\/media?parent=60822"}],"wp:term":[{"taxonomy":"category","embeddable":true,"href":"https:\/\/redsemlac.com\/semmexico\/wp-json\/wp\/v2\/categories?post=60822"},{"taxonomy":"post_tag","embeddable":true,"href":"https:\/\/redsemlac.com\/semmexico\/wp-json\/wp\/v2\/tags?post=60822"}],"curies":[{"name":"wp","href":"https:\/\/api.w.org\/{rel}","templated":true}]}}