{"id":60820,"date":"2022-12-20T11:21:11","date_gmt":"2022-12-20T17:21:11","guid":{"rendered":"https:\/\/redsemlac.com\/semmexico\/?p=60820"},"modified":"2023-07-21T19:25:17","modified_gmt":"2023-07-22T00:25:17","slug":"desde-la-mano-izquierda-violencia-vicaria-en-san-luis-potosi-una-verguenza-nacional","status":"publish","type":"post","link":"https:\/\/redsemlac.com\/semmexico\/desde-la-mano-izquierda-violencia-vicaria-en-san-luis-potosi-una-verguenza-nacional\/","title":{"rendered":"Desde la Mano Izquierda| Violencia vicaria en San Luis Potos\u00ed (una verg\u00fcenza nacional)"},"content":{"rendered":"\n<p class=\"wp-block-paragraph\"><strong>Claudia Espinosa Almaguer*<\/strong><\/p>\n\n\n\n<p class=\"wp-block-paragraph\">SemM\u00e9xico, San Luis Potos\u00ed, 20 de diciembre del 2022.- En las dos primeras semanas de diciembre se han dado a conocer sendas decisiones emitidas desde <strong>la Comisi\u00f3n Estatal de Derechos Humanos y el Poder Judicial de San Luis Potos\u00ed <\/strong>contra la integraci\u00f3n jur\u00eddica de la <strong>violencia vicaria<\/strong>, que podemos usar de ejemplo nacional <strong>respecto de la misoginia<\/strong> que permea en instituciones que deber\u00edan ser garantes del ejercicio de los derechos de las mujeres, ni\u00f1os y ni\u00f1as, pero aqu\u00ed s\u00ed nos iremos por orden.<\/p>\n\n\n\n<p class=\"wp-block-paragraph\">La <strong>violencia vicaria se define<\/strong> como una forma de maltrato que se ejerce sobre la mujer mediante el da\u00f1o a terceros que son cercanos a ella, principalmente los hijos e hijas, pero tambi\u00e9n contra otros familiares que suele agudizarse inmediatamente despu\u00e9s de una separaci\u00f3n y prevalecer durante a\u00f1os. \u00bfQu\u00e9 quiere decir esto?<\/p>\n\n\n\n<p class=\"wp-block-paragraph\">En la din\u00e1mica de la <strong>violencia de g\u00e9nero, es decir, de la violencia contra las mujeres<\/strong> en el \u00e1mbito de la familia y la pareja que es la forma principal que se padece en M\u00e9xico, \u00edntimamente vinculada al feminicidio; existe un riesgo elevado de agresi\u00f3n cuando la v\u00edctima termina su relaci\u00f3n, cuando la noticia criminal se hace visible para las autoridades y cuando se consigue que esa decisi\u00f3n se prolongue en el tiempo.<\/p>\n\n\n\n<p class=\"wp-block-paragraph\">En esta transici\u00f3n es probable que se lleven procesos legales de <strong>denuncia<\/strong> en el \u00e1mbito penal, de <strong>divorcio, guarda y custodia o pensi\u00f3n alimenticia de menores<\/strong> en lo familiar lo que provee la intervenci\u00f3n de operadores como el Ministerio P\u00fablico y los jueces y juezas responsables <strong>de decidir poniendo los derechos del ni\u00f1o como prioridad<\/strong> a fin de preservar su integridad f\u00edsica y psicol\u00f3gica.<\/p>\n\n\n\n<p class=\"wp-block-paragraph\">Es innegable que <strong>el perfil del delincuente que comete delitos como la violencia familiar<\/strong> (230,030), <strong>violencia de g\u00e9nero<\/strong> (4545) e <strong>incumplimiento<\/strong> de obligaciones de asistencia familiar (20,226) a nivel nacional, <strong>est\u00e1 conformada por hombres<\/strong>, esto no es un acto \u201cdiscriminatorio\u201d, porque la autoridad no prev\u00e9 el sexo de la persona en la norma penal, si <strong>hay m\u00e1s varones imputados por estos cr\u00edmenes es porque los cometen<\/strong>, porque ejercen actos y omisiones destinados a maltratar y dominar a su pareja, a sus hijos y a otros familiares con vulnerabilidad o dependencia.<\/p>\n\n\n\n<p class=\"wp-block-paragraph\">Es decir, <strong>la cultura machista que impera en M\u00e9xico incide desde luego en el contexto de la delincuencia<\/strong> como el grado m\u00e1s \u00e1lgido que tiene ah\u00ed s\u00ed el fen\u00f3meno de la discriminaci\u00f3n sexual contra las mujeres y <strong>la \u201cigualdad jur\u00eddica\u201d que nos ense\u00f1an a los abogados en la escuela, no es suficiente <\/strong>para comprender los privilegios y las cargas que disfrutan unos y padecen otras.<\/p>\n\n\n\n<p class=\"wp-block-paragraph\">Cuando hace algunos a\u00f1os <strong>se infiltr\u00f3 el asunto de la \u201calienaci\u00f3n parental\u201d<\/strong> jueces y juezas se abrazaron a \u00e9l, siendo l\u00f3gico y coherente para ellos que hubiera mujeres malevolentes determinadas a malmeter contra sus propios ni\u00f1os a fin de ponerlos contra el padre, y no a qu\u00e9 algunos de estos casos ocultasen <strong>violaciones y abusos sexuales<\/strong> de los que las madres habr\u00edan querido protegerlos.<\/p>\n\n\n\n<p class=\"wp-block-paragraph\">Del mismo modo, <strong>no existe el mismo acceso a la justicia cuando se busca que los progenitores cumplan con sus obligaciones<\/strong> de asistencia alimentaria, <strong>en la pr\u00e1ctica hay dinero para los abogados, pero no para los ni\u00f1os y las ni\u00f1as<\/strong> respecto de los cuales se declaran insolventes, y ni pensar en la exigencia de la crianza compartida o eficiente. <strong>Miles de mujeres han renunciado a recibir dinero ante la incompetencia y corrupci\u00f3n de los juzgados<\/strong> que hacen o\u00eddos sordos si al cabo de las visitas los ni\u00f1os regresan enfermos, o sin comer, sucios o lesionados: \u201csi estuvieras aqu\u00ed lo habr\u00edas cuidado porque yo no s\u00e9 hacerlo\u201d es la respuesta, a lo que se suma la conmiseraci\u00f3n del padre solo al que se le adjudica un halo de santo que ninguna puede alcanzar.<\/p>\n\n\n\n<p class=\"wp-block-paragraph\">Particularmente en el caso del grup\u00fasculo formado en San Luis Potos\u00ed de \u201cpadres solteros\u201d que se duelen de un trato injusto la historia de la ley es suficiente prueba de lo risible de la iniciativa siendo que el Derecho desde su origen fue creado con el fin de proteger el honor de los se\u00f1ores y que mujeres y ni\u00f1os eran considerados objetos parte de su patrimonio.<\/p>\n\n\n\n<p class=\"wp-block-paragraph\"><strong>Suma a ello el hecho de que fue suficiente su presencia el pasado 7 de diciembre en las oficinas de la Comisi\u00f3n Estatal de Derechos Humanos<\/strong>, all\u00ed habr\u00eda bastado una explicaci\u00f3n sobre lo que es la discriminaci\u00f3n y el objeto de la Ley de Acceso de las Mujeres a una Vida Libre de Violencia <strong>en lugar de acceder a un capricho carente de razonamiento<\/strong> legal de exigir una acci\u00f3n de inconstitucionalidad sobre su art\u00edculo 4, continente de la violencia vicaria.<\/p>\n\n\n\n<p class=\"wp-block-paragraph\"><strong>\u00bfDebe de ese concepto en la Ley de Acceso?<\/strong><\/p>\n\n\n\n<p class=\"wp-block-paragraph\">Efectivamente s\u00ed, siendo una forma de violencia contra las mujeres, ha de integrarse a los modelos de atenci\u00f3n y a las obligaciones de las autoridades para actuar y planear esta pol\u00edtica.<\/p>\n\n\n\n<p class=\"wp-block-paragraph\"><strong>\u00bfDebe de ser un delito?<\/strong><\/p>\n\n\n\n<p class=\"wp-block-paragraph\">No, si bien hay propuestas a nivel federal, la violencia vicaria re\u00fane actos y omisiones causados contra ni\u00f1as y ni\u00f1os cuyas conductas ya est\u00e1n previstas en los c\u00f3digos penales del pa\u00eds. Hacerlo en el c\u00f3digo penal federal es pol\u00edtica simb\u00f3lica e irrelevante.<\/p>\n\n\n\n<p class=\"wp-block-paragraph\">En donde deber\u00eda estar es en el razonamiento judicial, como el de la <strong>jueza Oralia Lizbeth Sol\u00eds Aguilar,<\/strong> busqu\u00e9 su nombre, una rese\u00f1a curricular relevante, un premio por ser <strong>ganadora en el Primer Concurso de Sentencias con Perspectiva de G\u00e9nero<\/strong> el mismo d\u00eda 7, algunas fotos en las que sale el mismo <strong>Consejo de la Judicatura que en el \u00faltimo d\u00eda de actividad resolvi\u00f3 suspenderla <\/strong>como titular del Juzgado Primero Familiar para someterla a investigaci\u00f3n por la queja de uno de estos \u201cofendidos\u201d. \u00bfQui\u00e9n le manda a la juez tomarse los derechos de las mujeres tan en serio?<\/p>\n\n\n\n<p class=\"wp-block-paragraph\">Que este ejemplo de <strong>ignorancia, discriminaci\u00f3n, misoginia y violencia pol\u00edtica se produzca en un lugar como San Luis Potos\u00ed<\/strong>, demuestra el por qu\u00e9 tenemos una alerta de violencia de g\u00e9nero vigente e inconclusa y en esta tragicomedia <strong>ha sido irrelevante el sexo de las presidentas del Poder Judicial, de la Comisi\u00f3n de Derechos Humanos y de las defensoras de estos se\u00f1ores.<\/strong><\/p>\n\n\n\n<p class=\"wp-block-paragraph\">Tenemos suerte las potosinas de que no hayan ido a pedir la vuelta de la atenuante de homicidio por honor porque con esa coherencia igual nos matan a todas en el ejercicio de un derecho.<\/p>\n\n\n\n<p class=\"wp-block-paragraph\">A m\u00e1s ver.<\/p>\n\n\n\n<p class=\"has-small-font-size wp-block-paragraph\">*Abogada Feminista, Maestra en Pol\u00edtica Criminal por la UASLP y en Derecho Procesal Penal<\/p>\n\n\n\n<p class=\"has-small-font-size wp-block-paragraph\">Acusatorio por el CEAD Quer\u00e9taro, &nbsp;Consejera Suplente de la Comisi\u00f3n Estatal de Derechos Humanos de San Luis Potos\u00ed. Experta en atenci\u00f3n a delitos de violencia contra las mujeres y grupos en situaci\u00f3n de discriminaci\u00f3n en M\u00e9xico. Formadora en Derechos Humanos, Igualdad y no discriminaci\u00f3n. Columnista.<\/p>\n","protected":false},"excerpt":{"rendered":"<p> En las dos primeras semanas de diciembre se han dado a conocer sendas decisiones emitidas desde la Comisi\u00f3n Estatal de Derechos Humanos y el Poder Judicial de San Luis Potos\u00ed<\/p>\n","protected":false},"author":3,"featured_media":60255,"comment_status":"open","ping_status":"open","sticky":false,"template":"","format":"standard","meta":{"_monsterinsights_skip_tracking":false,"footnotes":""},"categories":[693,131,35],"tags":[],"class_list":["post-60820","post","type-post","status-publish","format-standard","has-post-thumbnail","category-693","category-claudia-almaguer","category-opinion"],"_links":{"self":[{"href":"https:\/\/redsemlac.com\/semmexico\/wp-json\/wp\/v2\/posts\/60820","targetHints":{"allow":["GET"]}}],"collection":[{"href":"https:\/\/redsemlac.com\/semmexico\/wp-json\/wp\/v2\/posts"}],"about":[{"href":"https:\/\/redsemlac.com\/semmexico\/wp-json\/wp\/v2\/types\/post"}],"author":[{"embeddable":true,"href":"https:\/\/redsemlac.com\/semmexico\/wp-json\/wp\/v2\/users\/3"}],"replies":[{"embeddable":true,"href":"https:\/\/redsemlac.com\/semmexico\/wp-json\/wp\/v2\/comments?post=60820"}],"version-history":[{"count":0,"href":"https:\/\/redsemlac.com\/semmexico\/wp-json\/wp\/v2\/posts\/60820\/revisions"}],"wp:featuredmedia":[{"embeddable":true,"href":"https:\/\/redsemlac.com\/semmexico\/wp-json\/wp\/v2\/media\/60255"}],"wp:attachment":[{"href":"https:\/\/redsemlac.com\/semmexico\/wp-json\/wp\/v2\/media?parent=60820"}],"wp:term":[{"taxonomy":"category","embeddable":true,"href":"https:\/\/redsemlac.com\/semmexico\/wp-json\/wp\/v2\/categories?post=60820"},{"taxonomy":"post_tag","embeddable":true,"href":"https:\/\/redsemlac.com\/semmexico\/wp-json\/wp\/v2\/tags?post=60820"}],"curies":[{"name":"wp","href":"https:\/\/api.w.org\/{rel}","templated":true}]}}