{"id":60818,"date":"2022-12-20T11:18:56","date_gmt":"2022-12-20T17:18:56","guid":{"rendered":"https:\/\/redsemlac.com\/semmexico\/?p=60818"},"modified":"2023-07-21T19:25:18","modified_gmt":"2023-07-22T00:25:18","slug":"tras-la-puerta-del-poder-amlo-ya-no-sorprende-a-nadie","status":"publish","type":"post","link":"https:\/\/redsemlac.com\/semmexico\/tras-la-puerta-del-poder-amlo-ya-no-sorprende-a-nadie\/","title":{"rendered":"Tras la Puerta del Poder| AMLO, ya no sorprende a nadie"},"content":{"rendered":"\n<p class=\"wp-block-paragraph\"><strong>Roberto Vizca\u00edno<\/strong><\/p>\n\n\n\n<p class=\"wp-block-paragraph\">SemM\u00e9xico, Ciudad de M\u00e9xico, 20 de diciembre del 2022.- A m\u00ed me sorprende que haya todav\u00eda qui\u00e9n se sorprenda frente a las reacciones de Andr\u00e9s Manuel L\u00f3pez Obrador.<\/p>\n\n\n\n<p class=\"wp-block-paragraph\">Y lo digo porque AMLO no s\u00f3lo se solidariz\u00f3 p\u00fablicamente con el periodista Ciro G\u00f3mez Leyva, sino que inmediatamente despu\u00e9s dijo que el atentado contra este pudo tener el objetivo de crear desestabilizaci\u00f3n en su Gobierno, para luego acusarlo de ser un instrumento del conservadurismo (lo que AMLO crea que es eso).<\/p>\n\n\n\n<p class=\"wp-block-paragraph\">Junto con Ciro el mandatario arremeti\u00f3 contra Joaqu\u00edn L\u00f3pez-Doriga, Denise Maerker, Carlos Loret y el empresario y activista Claudio X Gonz\u00e1lez.<\/p>\n\n\n\n<p class=\"wp-block-paragraph\">\u201cAhora se hacen las v\u00edctimas. Si yo les recordara lo que han hecho todo este grupo, que son de la \u00e9lite, de lo m\u00e1s selecto de los medios de informaci\u00f3n, que ganan hasta un mill\u00f3n de pesos mensuales. Y ni que fueran lumbreras, \u00bfno?, ni que fueran tan inteligentes, es que tienen una misi\u00f3n, el proteger intereses de grupos. Jorge Ramos, por ejemplo, debe de ganar como tres millones de pesos mensuales, y as\u00ed todos ellos\u201d, afirm\u00f3 L\u00f3pez Obrador.<\/p>\n\n\n\n<p class=\"wp-block-paragraph\">G\u00f3mez Leyva, cuyo auto fue baleado durante la noche del jueves antes de llegar a su casa indic\u00f3 que el mandatario simplemente \u201cno se pudo contener\u201d, y obedeciendo a su naturaleza, lo ha acusado de ser un instrumento de sus adversarios para afectar a su gobierno.<\/p>\n\n\n\n<p class=\"wp-block-paragraph\">G\u00f3mez Leyva indico que tras el comentario de \u201cestoy contigo\u201d, L\u00f3pez Obrador lanza el \u201cescupitajo a la cara\u201d de la v\u00edctima.<\/p>\n\n\n\n<p class=\"wp-block-paragraph\">As\u00ed es \u00e9l. Un personaje sin sorpresas.<\/p>\n\n\n\n<h2 class=\"wp-block-heading\"><strong>Explicaciones<\/strong><\/h2>\n\n\n\n<p class=\"wp-block-paragraph\">Qui\u00e9n luego de su tard\u00edo posicionamiento frente al Plan B electoral de AMLO anda en busca de comprensi\u00f3n pol\u00edtica, es el senador Ricardo Monreal.<\/p>\n\n\n\n<p class=\"wp-block-paragraph\">El zacatecano afirma que, a pesar de que sab\u00eda que su decisi\u00f3n de no avalar el cochinero legislativo en el que se convirti\u00f3 el llamado Plan B en materia electoral del Presidente le podr\u00eda acarrear ser mal visto entre las y los integrantes de su partido abyectos, decidi\u00f3 al final salir y rechazar con su voto lo que muchos consideraron una amenaza a la democracia en M\u00e9xico.<\/p>\n\n\n\n<p class=\"wp-block-paragraph\">\u201cProtest\u00e9 como senador para cumplir y hacer cumplir la Constituci\u00f3n; es mi deber. El veredicto final lo tiene el pueblo\u201d, afirma.<\/p>\n\n\n\n<p class=\"wp-block-paragraph\">Record\u00f3 que \u00e9l dijo antes del momento de la votaci\u00f3n que:<\/p>\n\n\n\n<p class=\"wp-block-paragraph\">\u201cEstoy del lado de la Constituci\u00f3n, estoy del lado de la Ley, de la justicia y me conduzco con los principios y valores de la democracia\u201d.<\/p>\n\n\n\n<p class=\"wp-block-paragraph\">Reconoce que al final y a la hora de definir su voto en las pr\u00f3ximas presidenciales del 2024, ser\u00e1 el pueblo el que determine y pondere lo que hizo porque su actuar no habr\u00e1 de ser reclamado ya que la Constituci\u00f3n se\u00f1ala en el art\u00edculo 128 que \u201ctodo funcionario p\u00fablico sin excepci\u00f3n alguna, antes de tomar posesi\u00f3n de su encargo, prestar\u00e1 la protesta de guardar y hacer guardar la Constituci\u00f3n y las leyes que de ella emanen\u00bb.<\/p>\n\n\n\n<h2 class=\"wp-block-heading\"><strong>Y refrenda su agenda a favor de migrantes<\/strong><\/h2>\n\n\n\n<p class=\"wp-block-paragraph\">Por otra parte, el zacatecano refrend\u00f3 su compromiso de avanzar desde el Senado una agenda legislativa a favor de migrantes.<\/p>\n\n\n\n<p class=\"wp-block-paragraph\">Monreal se reuni\u00f3 con integrantes del Colectivo de Federaciones y Organizaciones Mexicanas Migrantes, que agrupa a m\u00e1s de 75 organizaciones de diferentes regiones de Estados Unidos.<\/p>\n\n\n\n<p class=\"wp-block-paragraph\">Reiter\u00f3 ah\u00ed su compromiso por impulsar una agenda legislativa que beneficie a quienes emigraron a la Uni\u00f3n Americana en busca de mejores oportunidades de vida.<\/p>\n\n\n\n<p class=\"wp-block-paragraph\">Enfatiz\u00f3 que es \u201cun aliado absoluto de paisanas y paisanos que radican en Estados Unidos y otras partes del mundo por ello les decimos: sus causas son nuestras causas; no los dejaremos solos\/as\u201d.<\/p>\n\n\n\n<p class=\"wp-block-paragraph\">Durante el encuentro se destac\u00f3 que es necesario promover acciones de seguridad concretas que proteja a las y los migrantes en cada una de las carreteras y territorios, ya sea para que lleguen con bien a su destino o para que se sientan seguros en caso de que s\u00f3lo est\u00e9n de paso.<\/p>\n\n\n\n<p class=\"wp-block-paragraph\">Lo anterior, porque se trata de un tema que preocupa y debe preocuparnos a todos y todas, por un M\u00e9xico de mayor bienestar social.<\/p>\n\n\n\n<p class=\"wp-block-paragraph\">El Colectivo lo integran grupos con ideolog\u00edas pol\u00edticas distintas, religiosas y sociales; adem\u00e1s, privilegia el di\u00e1logo constructivo y busca unir las voces, sumar los esfuerzos en favor de mexicanos\/as que radican en la Uni\u00f3n Americana y que son originarios\/as de 19 estados de la rep\u00fablica.<\/p>\n\n\n\n<p class=\"wp-block-paragraph\">Al encuentro asistieron Efra\u00edn Jim\u00e9nez Mu\u00f1oz, coordinador del Colectivo; Aar\u00f3n Ortiz Santos, del Consejo Legislativo Migrante Binacional 2022; Jos\u00e9 Guadalupe G\u00f3mez de Lara, presidente de la Federaci\u00f3n del Club Zacatecanos del Sur de California.<\/p>\n\n\n\n<p class=\"wp-block-paragraph\">Igualmente Juan Jos\u00e9 Corrales, presidente de Iniciativa Migrante, quien desde el 5 de febrero del 2018 solicit\u00f3 al Instituto Nacional Electoral que emitiera acciones afirmativas para contar con diputaciones migrantes en el Congreso de la Uni\u00f3n.<\/p>\n\n\n\n<p class=\"wp-block-paragraph\">Monreal se comprometi\u00f3 ante ellos a interceder con las comisiones de Gobernaci\u00f3n y de Estudios Legislativos Segunda, para fortalecer las acciones afirmativas que garanticen la representaci\u00f3n de los migrantes en el Poder Legislativo.<\/p>\n\n\n\n<p class=\"wp-block-paragraph\"><a href=\"mailto:...rvizcainoa@gmail.com\">&#8230;rvizcainoa@gmail.com<\/a> &nbsp;\/ Twitter: @_Vizcaino \/ Facebook \/ <a href=\"https:\/\/www.facebook.com\/rvizcainoa\">https:\/\/www.facebook.com\/rvizcainoa<\/a><\/p>\n","protected":false},"excerpt":{"rendered":"<p>A m\u00ed me sorprende que haya todav\u00eda qui\u00e9n se sorprenda frente a las reacciones de Andr\u00e9s Manuel L\u00f3pez Obrador.<\/p>\n","protected":false},"author":3,"featured_media":39589,"comment_status":"open","ping_status":"open","sticky":false,"template":"","format":"standard","meta":{"_monsterinsights_skip_tracking":false,"footnotes":""},"categories":[693,35,623,622],"tags":[],"class_list":["post-60818","post","type-post","status-publish","format-standard","has-post-thumbnail","category-693","category-opinion","category-roberto-vizcaino","category-tras-la-puerta-del-poder"],"_links":{"self":[{"href":"https:\/\/redsemlac.com\/semmexico\/wp-json\/wp\/v2\/posts\/60818","targetHints":{"allow":["GET"]}}],"collection":[{"href":"https:\/\/redsemlac.com\/semmexico\/wp-json\/wp\/v2\/posts"}],"about":[{"href":"https:\/\/redsemlac.com\/semmexico\/wp-json\/wp\/v2\/types\/post"}],"author":[{"embeddable":true,"href":"https:\/\/redsemlac.com\/semmexico\/wp-json\/wp\/v2\/users\/3"}],"replies":[{"embeddable":true,"href":"https:\/\/redsemlac.com\/semmexico\/wp-json\/wp\/v2\/comments?post=60818"}],"version-history":[{"count":0,"href":"https:\/\/redsemlac.com\/semmexico\/wp-json\/wp\/v2\/posts\/60818\/revisions"}],"wp:featuredmedia":[{"embeddable":true,"href":"https:\/\/redsemlac.com\/semmexico\/wp-json\/wp\/v2\/media\/39589"}],"wp:attachment":[{"href":"https:\/\/redsemlac.com\/semmexico\/wp-json\/wp\/v2\/media?parent=60818"}],"wp:term":[{"taxonomy":"category","embeddable":true,"href":"https:\/\/redsemlac.com\/semmexico\/wp-json\/wp\/v2\/categories?post=60818"},{"taxonomy":"post_tag","embeddable":true,"href":"https:\/\/redsemlac.com\/semmexico\/wp-json\/wp\/v2\/tags?post=60818"}],"curies":[{"name":"wp","href":"https:\/\/api.w.org\/{rel}","templated":true}]}}