{"id":60814,"date":"2022-12-20T11:15:52","date_gmt":"2022-12-20T17:15:52","guid":{"rendered":"https:\/\/redsemlac.com\/semmexico\/?p=60814"},"modified":"2023-07-21T19:25:18","modified_gmt":"2023-07-22T00:25:18","slug":"textura-violeta-personajos-del-ano-en-bolivia","status":"publish","type":"post","link":"https:\/\/redsemlac.com\/semmexico\/textura-violeta-personajos-del-ano-en-bolivia\/","title":{"rendered":"Textura Violeta| \u201cPersonajos\u201d del a\u00f1o en Bolivia"},"content":{"rendered":"\n<p class=\"wp-block-paragraph\"><strong>Drina Ergueta<\/strong><\/p>\n\n\n\n<p class=\"wp-block-paragraph\">SemM\u00e9xico, La Paz, Bolivia, 20 de diciembre del 2022.- \u00bfQui\u00e9n es la o \u00e9l personaje del a\u00f1o 2022? Es una de las \u201csorpresas\u201d tradicionales de estas fechas en los medios de comunicaci\u00f3n. Es un nombramiento que otorga prestigio, por lo que debe ser dulcemente deseado para quien tenga posibilidades. Pero, \u00bfc\u00f3mo se le elige? Eso ya suele manejarse internamente en las redacciones, aunque siempre hay una justificaci\u00f3n que tiene que ver con la objetividad y el criterio period\u00edstico.<\/p>\n\n\n\n<p class=\"wp-block-paragraph\">De hecho, a lo largo del a\u00f1o este criterio y objetividad son tambi\u00e9n la justificaci\u00f3n de todo lo que se publica y, fundamentalmente, de la manera en que \u201cse explica\u201d la realidad de lo que pasa en el d\u00eda a d\u00eda. Aunque se trata, m\u00e1s bien, de la manera en que \u201cse construye\u201d la realidad y quienes intervienen en ella son producto de elecciones que se realizan en lo cotidiano a lo largo del a\u00f1o.<\/p>\n\n\n\n<p class=\"wp-block-paragraph\">Si hacemos el ejercicio de mirar los principales titulares de un diario cualquiera, en cualquier d\u00eda, se observar\u00e1 lo que se\u00f1alo: una serie de personalidades que aparecen con cierta recurrencia y variada relevancia y que por ello podr\u00eda ser que se ganen el rol de personaje del a\u00f1o al concluir diciembre \u00bfQu\u00e9 tienen en com\u00fan? Que son hombres. S\u00f3lo hay hombres en las noticias y ser\u00e1n hombres los personajes elegidos.<\/p>\n\n\n\n<p class=\"wp-block-paragraph\">As\u00ed se construye y perpet\u00faa el patriarcado y as\u00ed contribuyen a hacerlo los medios de comunicaci\u00f3n, pese a que en las redacciones hay cada vez m\u00e1s mujeres. Cada d\u00eda se da cabida principalmente a hombres en las noticias.<\/p>\n\n\n\n<p class=\"wp-block-paragraph\">El diario El Deber de Santa Cruz ya eligi\u00f3 como personaje 2022 a Vicente Cu\u00e9llar, rector de la UAGRM, por su participaci\u00f3n durante el paro c\u00edvico regional. P\u00e1gina Siete ha publicado una separata anuario en el que pone \u201crostro humano a cada historia\u201d y en el anuncio de este aparecen 17 hombres y 2 mujeres, adem\u00e1s de seis entidades muy masculinizadas. En la mayor\u00eda de medios es algo similar.<\/p>\n\n\n\n<p class=\"wp-block-paragraph\">La pol\u00edtica partidista boliviana y tambi\u00e9n las organizaciones sociales, las c\u00edvicas y profesionales, est\u00e1n representadas abrumadoramente por varones y en ese panorama que resalte alguna mujer es muy dif\u00edcil porque hay muchas trabas, pero as\u00ed y todo hay mujeres que est\u00e1n en esos espacios y tendr\u00edan que tener mayor visibilidad medi\u00e1tica para normalizar la presencia femenina en el espacio p\u00fablico. Esa deber\u00eda ser una consigna \u00e9tica, de independencia y de justicia en el periodismo.<\/p>\n\n\n\n<p class=\"wp-block-paragraph\">Detr\u00e1s de la elecci\u00f3n de personajes tambi\u00e9n hay un juicio de valor. En el caso cruce\u00f1o, por ejemplo, \u00bfpor qu\u00e9 Cu\u00e9llar y no el gobernador Fernando Camacho? \u00bfPor qu\u00e9 el primero promovi\u00f3 un entendimiento mientras el segundo el enfrentamiento? posiblemente y, a la vez, el hecho de elegir al rector de la UAGRM le promueve pol\u00edticamente mientras castiga al otro. Son actos con consecuencias y tambi\u00e9n las hay en el caso de las mujeres.<\/p>\n\n\n\n<p class=\"wp-block-paragraph\">Un caso evidente de invisibilizaci\u00f3n medi\u00e1tica, incluso consciente, es a la que se somete a la feminista Mar\u00eda Galindo en los medios bolivianos. Consciente porque al brillar ella por s\u00ed sola y por sus medios, gracias a Radio Deseo y a sus transmisiones en vivo por las redes sociales, en los otros medios le bajan el protagonismo que podr\u00eda tener. Un protagonismo que s\u00ed tiene en la calle, por donde va, y en cada acto multitudinario que organiza Mujeres Creando o al que llega por invitaci\u00f3n, en toda Bolivia y tambi\u00e9n en el exterior. Es la boliviana m\u00e1s reconocida internacionalmente por su aporte al pensamiento feminista y cuando asiste a un evento internacional los medios la buscan, pero en Bolivia los medios no le dan cobertura. Podr\u00eda ser la Defensora del Pueblo, llegar\u00eda con seguridad al Parlamento, si quisiera. En fin, pongo este ejemplo porque es una evidencia absoluta de no poner en valor a una mujer, cuando su peso es contundente, nos guste o no.<\/p>\n\n\n\n<p class=\"wp-block-paragraph\">En Bolivia hay muchas m\u00e1s mujeres en todos los \u00e1mbitos, planteamientos de vida y posturas pol\u00edticas. Ya es hora de que en las redacciones las coloquen en el lugar que tendr\u00edan que estar y construyan as\u00ed otras realidades.&nbsp;<\/p>\n","protected":false},"excerpt":{"rendered":"<p>\u00bfQui\u00e9n es la o \u00e9l personaje del a\u00f1o 2022? Es una de las \u201csorpresas\u201d tradicionales de estas fechas en los medios de comunicaci\u00f3n. <\/p>\n","protected":false},"author":3,"featured_media":8467,"comment_status":"open","ping_status":"open","sticky":false,"template":"","format":"standard","meta":{"_monsterinsights_skip_tracking":false,"footnotes":""},"categories":[693,77,35,102],"tags":[],"class_list":["post-60814","post","type-post","status-publish","format-standard","has-post-thumbnail","category-693","category-drina-ergueta","category-opinion","category-textura-violeta"],"_links":{"self":[{"href":"https:\/\/redsemlac.com\/semmexico\/wp-json\/wp\/v2\/posts\/60814","targetHints":{"allow":["GET"]}}],"collection":[{"href":"https:\/\/redsemlac.com\/semmexico\/wp-json\/wp\/v2\/posts"}],"about":[{"href":"https:\/\/redsemlac.com\/semmexico\/wp-json\/wp\/v2\/types\/post"}],"author":[{"embeddable":true,"href":"https:\/\/redsemlac.com\/semmexico\/wp-json\/wp\/v2\/users\/3"}],"replies":[{"embeddable":true,"href":"https:\/\/redsemlac.com\/semmexico\/wp-json\/wp\/v2\/comments?post=60814"}],"version-history":[{"count":0,"href":"https:\/\/redsemlac.com\/semmexico\/wp-json\/wp\/v2\/posts\/60814\/revisions"}],"wp:featuredmedia":[{"embeddable":true,"href":"https:\/\/redsemlac.com\/semmexico\/wp-json\/wp\/v2\/media\/8467"}],"wp:attachment":[{"href":"https:\/\/redsemlac.com\/semmexico\/wp-json\/wp\/v2\/media?parent=60814"}],"wp:term":[{"taxonomy":"category","embeddable":true,"href":"https:\/\/redsemlac.com\/semmexico\/wp-json\/wp\/v2\/categories?post=60814"},{"taxonomy":"post_tag","embeddable":true,"href":"https:\/\/redsemlac.com\/semmexico\/wp-json\/wp\/v2\/tags?post=60814"}],"curies":[{"name":"wp","href":"https:\/\/api.w.org\/{rel}","templated":true}]}}