{"id":60812,"date":"2022-12-19T17:34:26","date_gmt":"2022-12-19T23:34:26","guid":{"rendered":"https:\/\/redsemlac.com\/semmexico\/?p=60812"},"modified":"2023-07-21T19:25:18","modified_gmt":"2023-07-22T00:25:18","slug":"palabra-de-antigona-mujeres-perderan-en-2023","status":"publish","type":"post","link":"https:\/\/redsemlac.com\/semmexico\/palabra-de-antigona-mujeres-perderan-en-2023\/","title":{"rendered":"Palabra de Ant\u00edgona| Mujeres perder\u00e1n en 2023"},"content":{"rendered":"\n<p class=\"wp-block-paragraph\"><strong>Sara Lovera*<\/strong><\/p>\n\n\n\n<p class=\"wp-block-paragraph\">SemM\u00e9xico, Ciudad de M\u00e9xico, 19 de diciembre del 2022.- Dos zagas hist\u00f3ricas nos acompa\u00f1aron en el siglo XX. Una fue la lucha por el voto de las mexicanas que inici\u00f3 formalmente en 1911, cuando un grupo de feministas de la Ciudad de M\u00e9xico firm\u00f3 y envi\u00f3 una carta al presidente provisional Francisco Le\u00f3n de la Barra, donde reclamaban ese derecho. Fue hasta 1953 cuando se consigui\u00f3, y hasta 2014 en que, tras numerosas acciones, se decret\u00f3 la paridad.<\/p>\n\n\n\n<p class=\"wp-block-paragraph\">La otra zaga es la de la democracia moderna, arrancando al gobierno desde sus entra\u00f1as ese derecho prepotente en que decid\u00eda cada tramo de los procesos electorales. Una ciudadan\u00eda organizada extirp\u00f3 ese poder absoluto. Inici\u00f3 hace 34 a\u00f1os con la renuncia al Partido Revolucionario Institucional (PRI) de Cuauht\u00e9moc C\u00e1rdenas Sol\u00f3rzano. Se hizo con una serie de consultas y di\u00e1logo y se cre\u00f3 un \u00f3rgano ciudadano aut\u00f3nomo, conocido hoy como Instituto Nacional Electoral (INE).<\/p>\n\n\n\n<p class=\"wp-block-paragraph\">Nada fue sencillo. Fueron los sectores progresistas y plurales los que lo lograron. Las mujeres, igual: organizadas una y otra vez, plurales, desde 1935 con el Frente Pro Derechos de la Mujer, hasta el grupo Plural que impuls\u00f3 las cuotas de participaci\u00f3n, luego la paridad.<\/p>\n\n\n\n<p class=\"wp-block-paragraph\">Lamentablemente, esas dos zagas, que en algunos casos cobraron la vida de cientos de hombres y mujeres, est\u00e1n -como no hab\u00edamos imaginado- en descenso.<\/p>\n\n\n\n<p class=\"wp-block-paragraph\">Ser\u00e1 en febrero cuando se decida la reforma a la ley electoral que afectar\u00e1 la estructura del INE y de los Organismos P\u00fablicos Electorales (OPLES). Se eliminar\u00e1n las actividades permanentes de capacitaci\u00f3n a los y las promotoras del voto y est\u00e1 en vilo la definici\u00f3n de cuatro nuevos consejeros. Seg\u00fan se dijo en el Senado de la Rep\u00fablica, se viola la Constituci\u00f3n en 21 rubros.<\/p>\n\n\n\n<p class=\"wp-block-paragraph\">Ahora est\u00e1 en juego la legalidad de las elecciones. Tenemos que preguntarnos qu\u00e9 suceder\u00e1 en el Estado de M\u00e9xico y en Coahuila. \u00bfPodremos las mujeres avanzar en paridad? \u00bfQui\u00e9n o c\u00f3mo acompa\u00f1ar\u00e1 los eventos de violencia pol\u00edtica en raz\u00f3n de g\u00e9nero? \u00bfQu\u00e9 pasar\u00e1 con los lineamientos emitidos por el INE para garantizar la paridad?<\/p>\n\n\n\n<p class=\"wp-block-paragraph\">El presidente Andr\u00e9s Manuel L\u00f3pez Obrador tom\u00f3 decisiones -como enviar al Congreso las reformas- est\u00e1 vez sin di\u00e1logo con las y los actores pol\u00edticos, sin explicar por qu\u00e9 quiere concentrar los procesos electorales, disminuir los derechos electorales de la mitad de la poblaci\u00f3n. \u00bfPor qu\u00e9 y c\u00f3mo?&nbsp;<\/p>\n\n\n\n<p class=\"wp-block-paragraph\">A cuatro a\u00f1os del gobierno, no hay una l\u00ednea clara ni logros trascendentes. Hay retrocesos visibles que hacen del movimiento feminista un enemigo de Morena, en la etapa de una gran movilizaci\u00f3n de las j\u00f3venes feministas que no callan y exigen justicia para las desaparecidas y asesinadas, renovando el lenguaje contra el patriarcalismo. \u00bfEs contra ellas?<\/p>\n\n\n\n<p class=\"wp-block-paragraph\">El golpe, todav\u00eda pendiente, al INE, tendr\u00e1 repercusiones graves para la poblaci\u00f3n. Pero las que m\u00e1s perder\u00e1n son las mujeres, sin duda. Quitar la potestad al INE para dar lineamientos a los partidos pol\u00edticos, cuyas dirigencias han intentado una y otra vez evitar la representaci\u00f3n justa para las mujeres, es tanto como reanimarlos a mantener, solo entre hombres, un poder que durante m\u00e1s de 110 a\u00f1os hemos enfrentado, con peque\u00f1os avances. Ahora nos vamos a quedar sin herramientas para continuar. Yo espero que los patriarcas nos encuentren llenas de fuerza y coraje para no dejarnos. Es la democracia una v\u00eda para ejercer nuestro derecho a la ciudan\u00eda, siempre en litigio y siempre afectada. Habr\u00e1 que continuar y sobrevivir. Veremos\u2026<\/p>\n\n\n\n<p class=\"wp-block-paragraph\">*Periodista, directora del portal informativo SemM\u00e9xico.mx<\/p>\n","protected":false},"excerpt":{"rendered":"<p>Dos zagas hist\u00f3ricas nos acompa\u00f1aron en el siglo XX. Una fue la lucha por el voto de las mexicanas que inici\u00f3 formalmente en 1911, cuando un grupo de feministas de la Ciudad de M\u00e9xico firm\u00f3 y envi\u00f3 una carta al presidente provisional Francisco Le\u00f3n de la Barra, donde reclamaban ese derecho. Fue hasta 1953 cuando se consigui\u00f3, y hasta 2014 en que, tras numerosas acciones, se decret\u00f3 la paridad.<\/p>\n","protected":false},"author":3,"featured_media":39392,"comment_status":"open","ping_status":"open","sticky":false,"template":"","format":"standard","meta":{"_monsterinsights_skip_tracking":false,"footnotes":""},"categories":[693,35,95,69],"tags":[],"class_list":["post-60812","post","type-post","status-publish","format-standard","has-post-thumbnail","category-693","category-opinion","category-palabra-de-antigona","category-sara-lovera"],"_links":{"self":[{"href":"https:\/\/redsemlac.com\/semmexico\/wp-json\/wp\/v2\/posts\/60812","targetHints":{"allow":["GET"]}}],"collection":[{"href":"https:\/\/redsemlac.com\/semmexico\/wp-json\/wp\/v2\/posts"}],"about":[{"href":"https:\/\/redsemlac.com\/semmexico\/wp-json\/wp\/v2\/types\/post"}],"author":[{"embeddable":true,"href":"https:\/\/redsemlac.com\/semmexico\/wp-json\/wp\/v2\/users\/3"}],"replies":[{"embeddable":true,"href":"https:\/\/redsemlac.com\/semmexico\/wp-json\/wp\/v2\/comments?post=60812"}],"version-history":[{"count":0,"href":"https:\/\/redsemlac.com\/semmexico\/wp-json\/wp\/v2\/posts\/60812\/revisions"}],"wp:featuredmedia":[{"embeddable":true,"href":"https:\/\/redsemlac.com\/semmexico\/wp-json\/wp\/v2\/media\/39392"}],"wp:attachment":[{"href":"https:\/\/redsemlac.com\/semmexico\/wp-json\/wp\/v2\/media?parent=60812"}],"wp:term":[{"taxonomy":"category","embeddable":true,"href":"https:\/\/redsemlac.com\/semmexico\/wp-json\/wp\/v2\/categories?post=60812"},{"taxonomy":"post_tag","embeddable":true,"href":"https:\/\/redsemlac.com\/semmexico\/wp-json\/wp\/v2\/tags?post=60812"}],"curies":[{"name":"wp","href":"https:\/\/api.w.org\/{rel}","templated":true}]}}