{"id":60791,"date":"2022-12-19T12:09:09","date_gmt":"2022-12-19T18:09:09","guid":{"rendered":"https:\/\/redsemlac.com\/semmexico\/?p=60791"},"modified":"2023-07-21T19:25:18","modified_gmt":"2023-07-22T00:25:18","slug":"en-el-2024-se-debe-garantizar-el-derecho-a-votar-de-las-personas-en-prision-preventiva","status":"publish","type":"post","link":"https:\/\/redsemlac.com\/semmexico\/en-el-2024-se-debe-garantizar-el-derecho-a-votar-de-las-personas-en-prision-preventiva\/","title":{"rendered":"En el 2024 se debe garantizar el derecho a votar de las personas en prisi\u00f3n preventiva"},"content":{"rendered":"\n<ul class=\"wp-block-list\">\n<li><strong>Prueba piloto del INE en el 2021 alcanzo 94.53 de participaci\u00f3n.<\/strong><\/li>\n\n\n\n<li><strong>Argentina, Costa Rica y Ecuador tiene leyes electorales que reconocen el voto activo de las personas privadas de su libertad.<\/strong><\/li>\n<\/ul>\n\n\n\n<p class=\"wp-block-paragraph\"><strong>Elda Montiel<\/strong><\/p>\n\n\n\n<p class=\"wp-block-paragraph\">SemM\u00e9xico, Ciudad de M\u00e9xico, 19 de diciembre del 2022.- El derecho a votar de las personas en prisi\u00f3n preventiva debe ser garantizado en las elecciones del 2024, de acuerdo a la resoluci\u00f3n del 2019 del Tribunal Superior de Justicia de la Federaci\u00f3n (TEPJF) que reconoci\u00f3 el derecho al voto activo a las personas que no han sido sentenciadas, ya que se encuentran amparadas en presunci\u00f3n de inocencia.&nbsp;<\/p>\n\n\n\n<p class=\"wp-block-paragraph\">Aun cuando no se cuenta con el marco normativo, el TEPJF orden\u00f3 al Instituto Nacional Electoral (INE) realizar una prueba piloto, la cual se llev\u00f3 a cabo en el proceso electoral del 2021 en cinco Centros Federales de Readaptaci\u00f3n Social, en el que se alcanz\u00f3 una participaci\u00f3n del 94.53 % de las personas privadas de la libertad.<\/p>\n\n\n\n<p class=\"wp-block-paragraph\">En un estudio del Instituto Belisario Dom\u00ednguez se indica que en la reforma electoral cuya discusi\u00f3n ser\u00e1 retomada por el Congreso de la Uni\u00f3n el siguiente a\u00f1o, en la redacci\u00f3n prevista del art\u00edculo 284 Bis de la Ley General de Instituciones y Procedimientos Electorales se tiene establece garantizar esta prerrogativa a las personas en prisi\u00f3n preventiva.<\/p>\n\n\n\n<p class=\"wp-block-paragraph\">La investigaci\u00f3n titulada \u201cModelos de votaci\u00f3n electoral para las personas en prisi\u00f3n preventiva: pa\u00edses seleccionados\u201d, elaborada por los investigadores Juan Manuel Rodr\u00edguez Carrillo y Miguel \u00c1ngel Barr\u00f3n, precisa que derivado de la prueba piloto del INE, se lleg\u00f3 a la conclusi\u00f3n de que es necesario dise\u00f1ar esquemas de coordinaci\u00f3n con las autoridades de los centros de detenci\u00f3n, que permitan implementar procedimientos electorales y generar condiciones que fortalezcan el ejercicio del sufragio de las personas presas. &nbsp;<\/p>\n\n\n\n<p class=\"wp-block-paragraph\">Se identific\u00f3 que las normativas de los centros penitenciarios impidieron el acceso a personal adicional del INE para realizar actividades diversas en materia electoral durante la jornada electoral de voto anticipado y se restringi\u00f3 la promoci\u00f3n de las opciones pol\u00edticas para que las personas privadas de la libertad contaran con un voto informado.<\/p>\n\n\n\n<p class=\"wp-block-paragraph\">Por lo que se deben analizar y proponer a las autoridades federales y locales escenarios que permitan la participaci\u00f3n de personas u organizaciones interesadas en el voto de las personas en prisi\u00f3n preventiva al interior de los centros de detenci\u00f3n. &nbsp;&nbsp;<\/p>\n\n\n\n<p class=\"wp-block-paragraph\">Las y los investigadores analizaron los modelos de votaci\u00f3n en prisi\u00f3n preventiva en Argentina, Costa Rica, Ecuador y Espa\u00f1a, as\u00ed como la prueba piloto del INE.<\/p>\n\n\n\n<p class=\"wp-block-paragraph\">En Argentina, Costa Rica y Ecuador existen leyes electorales que reconocen de manera expresa el voto activo para las personas en prisi\u00f3n preventiva, y regulan su modelo de votaci\u00f3n mediante reglamentaci\u00f3n secundaria.<\/p>\n\n\n\n<p class=\"wp-block-paragraph\">En todos los pa\u00edses, una de las instituciones a cargo de operacionalizar el mecanismo de votaci\u00f3n es de naturaleza electoral. A excepci\u00f3n de Espa\u00f1a, todos los pa\u00edses establecen un sistema de votaci\u00f3n presencial mediante mesas o juntas receptoras del voto. &nbsp;<\/p>\n\n\n\n<p class=\"wp-block-paragraph\">Costa Rica es el \u00fanico pa\u00eds que regula expresamente la posibilidad de que los partidos pol\u00edticos realicen propaganda electoral en los centros de detenci\u00f3n.&nbsp;&nbsp;<\/p>\n\n\n\n<p class=\"wp-block-paragraph\">Argentina, Costa Rica y Espa\u00f1a exigen como requisito para ejercer el voto una identificaci\u00f3n oficial id\u00f3nea, para efectos de verificar la identidad del ciudadano\/a en el padr\u00f3n electoral.<\/p>\n\n\n\n<p class=\"wp-block-paragraph\">Argentina y Ecuador establecen que se debe contar con un registro especial de electores\/as en prisi\u00f3n preventiva.&nbsp;<\/p>\n\n\n\n<p class=\"wp-block-paragraph\">En la prueba piloto del INE se reconocen como fortalezas la profesionalizaci\u00f3n y amplia experiencia de las Juntas Locales Ejecutivas que estuvieron a cargo de la implementaci\u00f3n de la prueba. Entre las recomendaciones destaca el incluir en el modelo de votaci\u00f3n acciones de observaci\u00f3n durante la jornada electoral de conformidad con las disposiciones de la autoridad penitenciaria.<\/p>\n\n\n\n<p class=\"wp-block-paragraph\">As\u00ed como considerar la figura de observadores\/as electorales, para dar fe del ejercicio en todos los centros estatales y federales y sean capaces de reportar irregularidades. Es necesario que las autoridades involucradas garanticen el acceso a la informaci\u00f3n como un derecho humano, ello a trav\u00e9s de los mecanismos pertinentes.&nbsp; &nbsp;<\/p>\n\n\n\n<p class=\"wp-block-paragraph\">SEM\/MG<\/p>\n","protected":false},"excerpt":{"rendered":"<p>Prueba piloto del INE en el 2021 alcanzo 94.53 de participaci\u00f3n.<\/p>\n","protected":false},"author":3,"featured_media":60792,"comment_status":"open","ping_status":"open","sticky":false,"template":"","format":"standard","meta":{"_monsterinsights_skip_tracking":false,"footnotes":""},"categories":[693,51],"tags":[],"class_list":["post-60791","post","type-post","status-publish","format-standard","has-post-thumbnail","category-693","category-ejecutivo"],"_links":{"self":[{"href":"https:\/\/redsemlac.com\/semmexico\/wp-json\/wp\/v2\/posts\/60791","targetHints":{"allow":["GET"]}}],"collection":[{"href":"https:\/\/redsemlac.com\/semmexico\/wp-json\/wp\/v2\/posts"}],"about":[{"href":"https:\/\/redsemlac.com\/semmexico\/wp-json\/wp\/v2\/types\/post"}],"author":[{"embeddable":true,"href":"https:\/\/redsemlac.com\/semmexico\/wp-json\/wp\/v2\/users\/3"}],"replies":[{"embeddable":true,"href":"https:\/\/redsemlac.com\/semmexico\/wp-json\/wp\/v2\/comments?post=60791"}],"version-history":[{"count":0,"href":"https:\/\/redsemlac.com\/semmexico\/wp-json\/wp\/v2\/posts\/60791\/revisions"}],"wp:featuredmedia":[{"embeddable":true,"href":"https:\/\/redsemlac.com\/semmexico\/wp-json\/wp\/v2\/media\/60792"}],"wp:attachment":[{"href":"https:\/\/redsemlac.com\/semmexico\/wp-json\/wp\/v2\/media?parent=60791"}],"wp:term":[{"taxonomy":"category","embeddable":true,"href":"https:\/\/redsemlac.com\/semmexico\/wp-json\/wp\/v2\/categories?post=60791"},{"taxonomy":"post_tag","embeddable":true,"href":"https:\/\/redsemlac.com\/semmexico\/wp-json\/wp\/v2\/tags?post=60791"}],"curies":[{"name":"wp","href":"https:\/\/api.w.org\/{rel}","templated":true}]}}