{"id":60780,"date":"2022-12-18T13:58:10","date_gmt":"2022-12-18T19:58:10","guid":{"rendered":"https:\/\/redsemlac.com\/semmexico\/?p=60780"},"modified":"2023-07-21T19:25:19","modified_gmt":"2023-07-22T00:25:19","slug":"creciente-migracion-de-mujeres-sin-eufemismos-ni-victimizacion","status":"publish","type":"post","link":"https:\/\/redsemlac.com\/semmexico\/creciente-migracion-de-mujeres-sin-eufemismos-ni-victimizacion\/","title":{"rendered":"Creciente migraci\u00f3n de mujeres, sin eufemismos ni victimizaci\u00f3n"},"content":{"rendered":"\n<p class=\"has-small-font-size wp-block-paragraph\">Ilustraci\u00f3n: Patricio Betteo<\/p>\n\n\n\n<p class=\"wp-block-paragraph\">D\u00eda Internacional de las personas Migrantes, este 18 de diciembre<\/p>\n\n\n\n<p class=\"wp-block-paragraph\"><strong>Diversas y heterog\u00e9neas: las mujeres migrantes mexicanas<\/strong><\/p>\n\n\n\n<p class=\"wp-block-paragraph\"><a href=\"https:\/\/migracion.nexos.com.mx\/author\/andrea-bautista-leon\/\">Andrea Bautista Le\u00f3n<\/a>*<\/p>\n\n\n\n<p class=\"wp-block-paragraph\">SemM\u00e9xico, Ciudad de M\u00e9xico, 18 de diciembre, 2022.- En el corredor migratorio de Am\u00e9rica del Norte parece haberse consolidado el flujo migratorio mexicano: 97\u202f% de las personas que migran van hacia Estados Unidos, mientras que s\u00f3lo el 3\u202f% restante migra hacia otro pa\u00eds. Decimos que se estabiliz\u00f3 en tanto que los sistemas de estad\u00edstica de&nbsp;<a href=\"https:\/\/www.un.org\/development\/desa\/pd\/content\/international-migrant-stock\">Naciones Unidas<\/a>&nbsp;indican que en 2020 hab\u00eda 11.18 millones de mexicanas y mexicanos viviendo fuera del pa\u00eds, cifra equivalente a casi el 10\u202f% de la poblaci\u00f3n del pa\u00eds. De este total, 10.9 millones viv\u00edan en Estados Unidos, pa\u00eds al que arribaron en diferentes momentos.&nbsp;<a href=\"https:\/\/www.gob.mx\/conapo\/documentos\/anuario-de-migracion-y-remesas-mexico-2021\">Al menos un tercio de estas personas han completado el proceso de naturalizaci\u00f3n en Estados Unidos<\/a>; es decir, tienen la posibilidad de salir y entrar de ese pa\u00eds sin problemas legales.<\/p>\n\n\n\n<p class=\"wp-block-paragraph\">Ante esta aparente estabilidad, el papel de las mujeres en la migraci\u00f3n mexicana muchas veces pasa desapercibido. De manera paulatina pero constante, este papel ha cobrado relevancia tanto en la presencia de estas mujeres en el pa\u00eds de destino como en el estudio de las razones de su \u00e9xodo. En 2006 en Estados Unidos, por ejemplo, por cada 127 hombres migrantes mexicanos hab\u00eda cien mujeres, pero los procesos de deportaci\u00f3n, retorno y emigraci\u00f3n desde M\u00e9xico provocaron que en 2019 esta brecha entre sexos disminuyera a 104 hombres por cada cien mujeres. Esto significa que, en t\u00e9rminos de la poblaci\u00f3n viviendo fuera, es cada vez m\u00e1s equilibrado el n\u00famero de hombres y de mujeres, lo cual desmitifica la cualidad \u201cmasculina\u201d de la migraci\u00f3n internacional.<\/p>\n\n\n\n<p class=\"wp-block-paragraph\">Otro indicador que puede dar cuenta de las diferencias entre hombres y mujeres migrantes mexicanos viviendo en Estados Unidos es que, a partir de 2010, el n\u00famero de mujeres naturalizadas ha incrementado, lo cual refleja un papel activo de las mujeres en la b\u00fasqueda y acceso a la regularizaci\u00f3n de su estatus migratorio. Es justamente este papel activo el cual merece ser se\u00f1alado y del cual mostraremos evidencia.<\/p>\n\n\n\n<p class=\"wp-block-paragraph\">Revisemos algunas cifras relevantes. Con datos del&nbsp;<a href=\"https:\/\/www.inegi.org.mx\/programas\/ccpv\/2020\/#Microdatos\">Censo de Poblaci\u00f3n y Vivienda 2020&nbsp;<\/a><a href=\"https:\/\/www.inegi.org.mx\/programas\/ccpv\/2020\/#Microdatos\">del Inegi<\/a>, calculamos que entre 2015 y 2020 hubo 802\u202f807 personas que salieron de M\u00e9xico. De \u00e9stas, 33.1\u202f% fueron mujeres. Los estados de d\u00f3nde salieron m\u00e1s mujeres fueron Jalisco (22\u202f454), Ciudad de M\u00e9xico (19\u202f959), Michoac\u00e1n (15\u202f929), Guanajuato (14\u202f340) y Estado de M\u00e9xico (14\u202f277). Entre los hombres se aprecia un patr\u00f3n ligeramente distinto: la entidad que m\u00e1s expuls\u00f3 migrantes internacionales fue Guanajuato (48\u202f136), seguida por Jalisco (38\u202f133), Michoac\u00e1n (34\u202f841), Estado de M\u00e9xico (29\u202f182) y Oaxaca (26\u202f920). En ambos casos se aprecia la importancia de los estados que se denominan tradicionalmente como migratorios, pues desde mediados del siglo XX, con el programa \u201cBracero\u201d, se establecieron redes de migraci\u00f3n que han perdurado. Un aspecto para destacar con respecto de la migraci\u00f3n de las mujeres es que Ciudad de M\u00e9xico tiene el segundo lugar en expulsi\u00f3n, lo cual estar\u00eda marcando un perfil de emigraci\u00f3n urbana que tendr\u00eda algunas implicaciones importantes, como por ejemplo una b\u00fasqueda \u2014en el lugar de destino\u2014 de trabajos orientados a los servicios y no al trabajo manual relacionado con ambientes rurales y semiurbanos.<\/p>\n\n\n\n<p class=\"wp-block-paragraph\">Tambi\u00e9n es notable que, aunque el 40\u202f% de los migrantes de ambos sexos que han salido de M\u00e9xico durante el \u00faltimo lustro ten\u00eda entre dieciocho y veintinueve a\u00f1os al momento de dejar el pa\u00eds, las mujeres migrantes son proporcionalmente m\u00e1s j\u00f3venes que sus contrapartes masculinas. Entre las personas que salen del pa\u00eds, el 16.1\u202f% de las mujeres ten\u00eda menos de diecisiete a\u00f1os, mientras que s\u00f3lo el 11.5\u202f% de hombres cab\u00eda en este grupo etario. Asimismo, el flujo de mujeres contiene una proporci\u00f3n m\u00e1s alta de personas de m\u00e1s de 65 a\u00f1os:&nbsp; 3.6\u202f% contra el 1.5\u202f% de los hombres.<\/p>\n\n\n\n<p class=\"wp-block-paragraph\">Si volvemos a pensar en el papel activo que tienen las mujeres, es preciso recordar que&nbsp;<a href=\"https:\/\/www.jstor.org\/stable\/10.7758\/9781610448475\">investigadores<\/a>&nbsp;de&nbsp;<a href=\"https:\/\/doi.org\/10.1177\/000312240507000404\">todo tipo<\/a>&nbsp;han documentado diferencias en las razones que llevan a hombres y a mujeres a migrar. Entre 2015 y 2020 se document\u00f3 que hay dos razones principales por las cuales los hombres salieron del pa\u00eds: por trabajo o por estudios. El factor que tiene mayor prevalencia es la b\u00fasqueda de trabajo \u2014o bien una oferta ya establecida\u2014 con el 70.4\u202f%; la educaci\u00f3n, por su parte, representa el 9.3\u202f%. En el caso de las mujeres, por otro lado, no existe una raz\u00f3n predominante por la cual decidieron mudarse a otro pa\u00eds, aunque podemos identificar principalmente cuatro causas: 1) b\u00fasqueda de trabajo u oferta laboral, con 30.7\u202f%; 2) deseo de reunirse con alg\u00fan familiar, o bien fallecimiento o cambio de trabajo de alg\u00fan familiar, con 24.8\u202f%; 3) estudios en el extranjero, 18.8\u202f%, (casi el doble, proporcionalmente, que los hombres, pero similar en t\u00e9rminos de magnitudes: se contaron 49\u202f814 salidas de hombres y 50\u202f127 de mujeres); y&nbsp; 4) casamiento o uni\u00f3n o alg\u00fan motivo personal de este tipo, con 13.9\u202f%. Asimismo, es notable que el 1.8\u202f% de las mujeres haya declarado que migr\u00f3 del pa\u00eds a causa de la violencia intrafamiliar, cifra que parecer\u00eda menor pero que refleja el impacto de la violencia de g\u00e9nero en M\u00e9xico.<\/p>\n\n\n\n<p class=\"wp-block-paragraph\">Esta diversidad de razones, perfiles de edad y lugares de origen plantean la necesidad de observar de cerca a las mujeres que transitan en uno de los corredores m\u00e1s importantes del mundo bajo una perspectiva de g\u00e9nero a trav\u00e9s de la cual podamos identificar su experiencia migratoria, y hacerlo desde la capacidad que ellas mismas tienen para tomar sus decisiones, pero que a la vez se encuentra entramada con las vidas de quienes las rodean. Ante el cambio social, el incremento de la escolaridad de las mujeres, la estabilidad en la fecundidad (con tasas de 2.1 hijos por mujer) y los ligeros, pero sostenidos incrementos en la participaci\u00f3n en el mercado laboral, es pertinente llevar un registro de los impactos que \u00e9stos factores pudieran tener sobre las trayectorias de las mujeres como migrantes internacionales.<\/p>\n\n\n\n<p class=\"wp-block-paragraph\"><strong>Andrea Bautista Le\u00f3n; <\/strong>Doctora en demograf\u00eda aplicada, colaboradora e investigadora en la Universidad La Salle<\/p>\n\n\n\n<p class=\"wp-block-paragraph\">Este texto es una colaboraci\u00f3n entre el Observatorio de Pol\u00edtica Migratoria de&nbsp;<a href=\"https:\/\/observatoriocolef.org\/\">El Colegio de la Frontera Norte<\/a>&nbsp;y&nbsp;<strong>nexos<\/strong>.<\/p>\n","protected":false},"excerpt":{"rendered":"<p>D\u00eda Internacional de las personas Migrantes, este 18 de diciembre<\/p>\n","protected":false},"author":3,"featured_media":60781,"comment_status":"open","ping_status":"open","sticky":false,"template":"","format":"standard","meta":{"_monsterinsights_skip_tracking":false,"footnotes":""},"categories":[693,82,110,35],"tags":[],"class_list":["post-60780","post","type-post","status-publish","format-standard","has-post-thumbnail","category-693","category-la-opinion","category-la-opinion-columnas","category-opinion"],"_links":{"self":[{"href":"https:\/\/redsemlac.com\/semmexico\/wp-json\/wp\/v2\/posts\/60780","targetHints":{"allow":["GET"]}}],"collection":[{"href":"https:\/\/redsemlac.com\/semmexico\/wp-json\/wp\/v2\/posts"}],"about":[{"href":"https:\/\/redsemlac.com\/semmexico\/wp-json\/wp\/v2\/types\/post"}],"author":[{"embeddable":true,"href":"https:\/\/redsemlac.com\/semmexico\/wp-json\/wp\/v2\/users\/3"}],"replies":[{"embeddable":true,"href":"https:\/\/redsemlac.com\/semmexico\/wp-json\/wp\/v2\/comments?post=60780"}],"version-history":[{"count":0,"href":"https:\/\/redsemlac.com\/semmexico\/wp-json\/wp\/v2\/posts\/60780\/revisions"}],"wp:featuredmedia":[{"embeddable":true,"href":"https:\/\/redsemlac.com\/semmexico\/wp-json\/wp\/v2\/media\/60781"}],"wp:attachment":[{"href":"https:\/\/redsemlac.com\/semmexico\/wp-json\/wp\/v2\/media?parent=60780"}],"wp:term":[{"taxonomy":"category","embeddable":true,"href":"https:\/\/redsemlac.com\/semmexico\/wp-json\/wp\/v2\/categories?post=60780"},{"taxonomy":"post_tag","embeddable":true,"href":"https:\/\/redsemlac.com\/semmexico\/wp-json\/wp\/v2\/tags?post=60780"}],"curies":[{"name":"wp","href":"https:\/\/api.w.org\/{rel}","templated":true}]}}