{"id":60777,"date":"2022-12-18T13:55:10","date_gmt":"2022-12-18T19:55:10","guid":{"rendered":"https:\/\/redsemlac.com\/semmexico\/?p=60777"},"modified":"2023-07-21T19:25:19","modified_gmt":"2023-07-22T00:25:19","slug":"angela-aguilar-abre-camino-a-las-mujeres","status":"publish","type":"post","link":"https:\/\/redsemlac.com\/semmexico\/angela-aguilar-abre-camino-a-las-mujeres\/","title":{"rendered":"<strong>\u00c1ngela Aguilar abre camino a las mujeres<\/strong>"},"content":{"rendered":"\n<p class=\"has-small-font-size wp-block-paragraph\">\u00c1ngela Aguilar comparte su visi\u00f3n sobre el mariachi en la era actual\u00a0\/\u00a0Cortes\u00eda | \u00c1ngela Aguilar<\/p>\n\n\n\n<p class=\"wp-block-paragraph\">\u00c1ngela Aguilar comparte su visi\u00f3n sobre el mariachi en la era actual, y se prepara para el cierre de su gira como solista<\/p>\n\n\n\n<p class=\"wp-block-paragraph\">Bel\u00e9n Eligio<\/p>\n\n\n\n<p class=\"wp-block-paragraph\">SemM\u00e9xico\/ El Sol de M\u00e9xico, 18 de diciembre, 2022.-Para \u00c1ngela Aguilar el escenario es como un hogar, pues es donde se siente m\u00e1s segura, y donde ejerce su pasi\u00f3n, que es la m\u00fasica. Una de las mayores satisfacciones que le ha dejado esta pasi\u00f3n es fomentar la cultura mexicana, y a trav\u00e9s de ella marcar una diferencia.<\/p>\n\n\n\n<p class=\"wp-block-paragraph\">\u00abEl mariachi es de todos y debe ser cantado por todas, todos y todes. No importa c\u00f3mo te identifiques, a qui\u00e9n decides amar, importa lo que hay detr\u00e1s. Es nuestro deber como nueva generaci\u00f3n inspirar a las siguientes a que tambi\u00e9n se puede, y valga la redundancia, que este g\u00e9nero no es de g\u00e9neros\u00bb, comenta en entrevista con&nbsp;<strong>El Sol de M\u00e9xico<\/strong>.<\/p>\n\n\n\n<p class=\"wp-block-paragraph\">\u00c1ngela comenz\u00f3 su carrera desde hace 10 a\u00f1os, cuando grab\u00f3 el \u00e1lbum&nbsp;<em>Nueva tradici\u00f3n<\/em>, en el que comparti\u00f3 el micr\u00f3fono con su hermano Leonardo. En 2018 se sum\u00f3 a la gira&nbsp;<em>Jaripeo sin fronteras<\/em>, junto con su padre Pepe Aguilar, y ese mismo a\u00f1o lanz\u00f3 su disco como solista:&nbsp;<em>Primero soy mexicana<\/em>.<\/p>\n\n\n\n<p class=\"wp-block-paragraph\">Desde entonces ha ganado 11 galardones, incluyendo tres Premios de la Radio y un Premio Bandamax, como Artista Revelaci\u00f3n. Asimismo, fue nominada a un Grammy por su primer material discogr\u00e1fico, y a cuatro Grammy Latino.<\/p>\n\n\n\n<p class=\"wp-block-paragraph\">Su amor por el regional viene desde peque\u00f1a, pero la decisi\u00f3n de dedicar su carrera a este g\u00e9nero se dio tras percatarse de que era el m\u00e1s dif\u00edcil de interpretar. \u00abEn mi punto de vista es una gran responsabilidad tener a 14 personas detr\u00e1s de m\u00ed\u00bb, apunt\u00f3, refiri\u00e9ndose al mariachi.<\/p>\n\n\n\n<p class=\"wp-block-paragraph\">\u00abEs casi una mini sinf\u00f3nica, cantar estas canciones que tienen diferentes cambios y armon\u00edas, con muchos falsetes, especialmente la m\u00fasica mexicana tradicional, es un g\u00e9nero dif\u00edcil de cantar. Toma muchos pantalones y mucha pr\u00e1ctica\u00bb.<\/p>\n\n\n\n<p class=\"wp-block-paragraph\"><strong>Comprometida con las mujeres<\/strong><\/p>\n\n\n\n<p class=\"wp-block-paragraph\">Su mayor compromiso hoy en d\u00eda es seguir forjando el camino para las mujeres que vienen detr\u00e1s de ella, pues en su opini\u00f3n luego de haber tenido figuras como Lucha Villa y Chavela Vargas, falt\u00f3 una generaci\u00f3n de cantantes que continuaran esta labor.<\/p>\n\n\n\n<p class=\"wp-block-paragraph\">Aunque cada vez hay m\u00e1s nombres, \u00abes muy escasa la mujer que forma parte de la m\u00fasica mexicana. No hay suficiente representaci\u00f3n femenina en la industria de la m\u00fasica mexicana\u00bb, afirma.<\/p>\n\n\n\n<p class=\"wp-block-paragraph\">\u00abTambi\u00e9n es porque hay muchos lugares de poder donde no somos tomadas en cuenta, porque como hemos visto tantos a\u00f1os que en la m\u00fasica mexicana han predominado los hombres, no nos metemos o no nos sentimos c\u00f3modas meti\u00e9ndonos a este g\u00e9nero\u00bb.<\/p>\n\n\n\n<p class=\"wp-block-paragraph\"><strong>Feliz de cerrar su gira<\/strong><\/p>\n\n\n\n<p class=\"wp-block-paragraph\">Este s\u00e1bado 17 de diciembre la cantante se present\u00f3 en el Palenque de la Feria de Chiapas, donde concluir\u00e1 su gira&nbsp;<em>Mexicana enamorada<\/em>. Seg\u00fan adelant\u00f3, interpretar\u00e1 temas del \u00e1lbum hom\u00f3nimo, as\u00ed como algunos \u00e9xitos de su padre y sus abuelos.<\/p>\n\n\n\n<p class=\"wp-block-paragraph\">Se siente profundamente satisfecha con este cierre, pues ha sido un per\u00edodo de mucho aprendizaje para ella, y considera que ha logrado su cometido: que la gente salga m\u00e1s feliz de c\u00f3mo entr\u00f3.<\/p>\n\n\n\n<p class=\"wp-block-paragraph\">\u00abSe me ha ido muy r\u00e1pido, cada show vamos mejorando y perfeccionando. Cada show aprendo algo, lo bonito es que cuento con mi pap\u00e1, y \u00e9l es quien mejor me lleva\u00bb, se\u00f1al\u00f3. \u00abSiempre me ha ense\u00f1ado a concentrarme mucho, calentar y estar preparada. Llevar las intenciones, qu\u00e9 quiero transmitir con este concierto y en qu\u00e9 me quiero enfocar\u00bb.<\/p>\n\n\n\n<p class=\"wp-block-paragraph\">Al llevar ya un par de a\u00f1os de carretera, tambi\u00e9n le alegra ver que su show es cada vez m\u00e1s completo. \u00abCuando empec\u00e9 a hacer algunos conciertos sola, a los 15 a\u00f1os, no sab\u00eda c\u00f3mo llenar una hora y media de canciones. Apenas llegaba a la hora 15 y no sab\u00eda qu\u00e9 hacer, y ahora lo bueno es que debo quitar temas porque canto de m\u00e1s\u00bb.<\/p>\n\n\n\n<p class=\"wp-block-paragraph\"><strong>Abierta a nuevos retos profesionales<\/strong><\/p>\n\n\n\n<p class=\"wp-block-paragraph\">Con su reciente cambio de look, \u00c1ngela suele mirarse al espejo y ver un gran parecido con su abuela, Flor Silvestre, quien adem\u00e1s de la m\u00fasica, brill\u00f3 como actriz en la \u00e9poca de oro del cine mexicano.<\/p>\n\n\n\n<p class=\"wp-block-paragraph\">Teniendo en cuenta este legado, no descarta incursionar en la actuaci\u00f3n, aunque lo har\u00e1 hasta que concluya su formaci\u00f3n, pues quiere asegurarse de entregarlo todo, tal y como lo hace en la m\u00fasica.<\/p>\n\n\n\n<p class=\"wp-block-paragraph\">\u00abSoy muy dram\u00e1tica, me ir\u00eda muy bien como actriz, pero no me gusta meterme a nada si no estoy segura de poder hacerlo bien. Necesito practicar m\u00e1s y tomar clases. Creo que muy pronto, quiz\u00e1 el pr\u00f3ximo a\u00f1o, vamos a hacer algo al respecto\u00bb, finaliz\u00f3.<\/p>\n","protected":false},"excerpt":{"rendered":"<p>\u00c1ngela Aguilar comparte su visi\u00f3n sobre el mariachi en la era actual, y se prepara para el cierre de su gira como solista<\/p>\n","protected":false},"author":3,"featured_media":60778,"comment_status":"open","ping_status":"open","sticky":false,"template":"","format":"standard","meta":{"_monsterinsights_skip_tracking":false,"footnotes":""},"categories":[693,54],"tags":[],"class_list":["post-60777","post","type-post","status-publish","format-standard","has-post-thumbnail","category-693","category-mujeres"],"_links":{"self":[{"href":"https:\/\/redsemlac.com\/semmexico\/wp-json\/wp\/v2\/posts\/60777","targetHints":{"allow":["GET"]}}],"collection":[{"href":"https:\/\/redsemlac.com\/semmexico\/wp-json\/wp\/v2\/posts"}],"about":[{"href":"https:\/\/redsemlac.com\/semmexico\/wp-json\/wp\/v2\/types\/post"}],"author":[{"embeddable":true,"href":"https:\/\/redsemlac.com\/semmexico\/wp-json\/wp\/v2\/users\/3"}],"replies":[{"embeddable":true,"href":"https:\/\/redsemlac.com\/semmexico\/wp-json\/wp\/v2\/comments?post=60777"}],"version-history":[{"count":0,"href":"https:\/\/redsemlac.com\/semmexico\/wp-json\/wp\/v2\/posts\/60777\/revisions"}],"wp:featuredmedia":[{"embeddable":true,"href":"https:\/\/redsemlac.com\/semmexico\/wp-json\/wp\/v2\/media\/60778"}],"wp:attachment":[{"href":"https:\/\/redsemlac.com\/semmexico\/wp-json\/wp\/v2\/media?parent=60777"}],"wp:term":[{"taxonomy":"category","embeddable":true,"href":"https:\/\/redsemlac.com\/semmexico\/wp-json\/wp\/v2\/categories?post=60777"},{"taxonomy":"post_tag","embeddable":true,"href":"https:\/\/redsemlac.com\/semmexico\/wp-json\/wp\/v2\/tags?post=60777"}],"curies":[{"name":"wp","href":"https:\/\/api.w.org\/{rel}","templated":true}]}}