{"id":60702,"date":"2022-12-15T18:19:07","date_gmt":"2022-12-16T00:19:07","guid":{"rendered":"https:\/\/redsemlac.com\/semmexico\/?p=60702"},"modified":"2023-07-21T19:25:22","modified_gmt":"2023-07-22T00:25:22","slug":"liberan-a-madre-e-hija-tras-12-dias-de-estar-retenidas","status":"publish","type":"post","link":"https:\/\/redsemlac.com\/semmexico\/liberan-a-madre-e-hija-tras-12-dias-de-estar-retenidas\/","title":{"rendered":"Liberan a madre e hija tras 12 d\u00edas de estar retenidas"},"content":{"rendered":"\n<p class=\"wp-block-paragraph\"><strong>* Por problemas pol\u00edticos fueron encarceladas en San Mart\u00edn Peras<\/strong><\/p>\n\n\n\n<p class=\"wp-block-paragraph\"><strong>* Se logr\u00f3 su liberaci\u00f3n por intervenci\u00f3n de Defensor\u00eda de Derechos Humanos<\/strong><\/p>\n\n\n\n<p class=\"wp-block-paragraph\"><strong>Patricia Brise\u00f1o<\/strong><\/p>\n\n\n\n<p class=\"wp-block-paragraph\">SemM\u00e9xico, Oaxaca, 15 de diciembre, 2022.- Luego de 12 d\u00edas retenidas en una celda del municipio de&nbsp; San Mart\u00edn Peras, en la regi\u00f3n Mixteca, Guadalupe y Marcelina, madre e hija, de 78 y 50 a\u00f1os edad fueron liberadas por mediaci\u00f3n de la Defensor\u00eda de los Derechos Humanos del Pueblo de Oaxaca (DDHPO).<\/p>\n\n\n\n<p class=\"wp-block-paragraph\">Ambas&nbsp; fueron encarceladas por un grupo de personas como medida de presi\u00f3n para obligar al presidente municipal,&nbsp; Rom\u00e1n Ju\u00e1rez Cruz a rendir cuentas por un presunto desv\u00edo de recursos, as\u00ed como emitir la convocatoria&nbsp; para&nbsp; renovar el cabildo por el sistema de usos y costumbres antes de que termine 2022.<\/p>\n\n\n\n<p class=\"wp-block-paragraph\">Las mujeres, familiares de Ju\u00e1rez Cruz, estuvieron encerradas del 3 al 14 de diciembre,&nbsp; por lo que se inici\u00f3 el expediente DDHPO\/058 \/SJ\/ (12)\/ OAX\/ 2022, dentro del cual se dictaron&nbsp; medidas cautelares a la Fiscal\u00eda&nbsp; General del estado y a la Secretar\u00eda de Seguridad P\u00fablica.<\/p>\n\n\n\n<p class=\"wp-block-paragraph\">A trav\u00e9s de un comunicado, la Defensor\u00eda inform\u00f3 que junto con la Secretar\u00eda General de Gobierno establecieron algunos acuerdos que favorecieron que las mujeres fueran liberadas y reunieran con su familia, aunque qued\u00f3 pendiente&nbsp; la liberaci\u00f3n de un polic\u00eda.<\/p>\n\n\n\n<p class=\"wp-block-paragraph\">Tambi\u00e9n, se consigui\u00f3 la emisi\u00f3n de la convocatoria (en idioma mixteco y castellano) para la elecci\u00f3n de tipo extraordinario, programada para los d\u00edas 24 y 25 de diciembre.<\/p>\n\n\n\n<p class=\"wp-block-paragraph\">El pasado 3 de diciembre,&nbsp; hombres armados liderados por el&nbsp; Elpidio Ram\u00edrez&nbsp; Morales, aspirante a presidente municipal 2023-2025, irrumpieron en la casa del presidente municipal de San Mart\u00edn Peras para llevarse a la esposa, suegra y dos hijos; las mujeres quedaron confinadas en una celda, en tanto, los menores entregados a un familiar.<\/p>\n\n\n\n<p class=\"wp-block-paragraph\">Una vez libres, una de ellas&nbsp; solicit\u00f3 ser atendida en las instalaciones de la Defensor\u00eda, en la ciudad de Oaxaca, donde recibi\u00f3 contenci\u00f3n psicol\u00f3gica.<\/p>\n\n\n\n<p class=\"wp-block-paragraph\">SEM\/MG<img loading=\"lazy\" decoding=\"async\" width=\"511\" height=\"866\" src=\"\"><\/p>\n","protected":false},"excerpt":{"rendered":"<p>Luego de 12 d\u00edas retenidas en una celda del municipio de\u00a0 San Mart\u00edn Peras, en la regi\u00f3n Mixteca, Guadalupe y Marcelina, madre e hija, de 78 y 50 a\u00f1os edad fueron liberadas por mediaci\u00f3n de la Defensor\u00eda de los Derechos Humanos del Pueblo de Oaxaca (DDHPO).<\/p>\n","protected":false},"author":3,"featured_media":60704,"comment_status":"open","ping_status":"open","sticky":false,"template":"","format":"standard","meta":{"_monsterinsights_skip_tracking":false,"footnotes":""},"categories":[693,54],"tags":[],"class_list":["post-60702","post","type-post","status-publish","format-standard","has-post-thumbnail","category-693","category-mujeres"],"_links":{"self":[{"href":"https:\/\/redsemlac.com\/semmexico\/wp-json\/wp\/v2\/posts\/60702","targetHints":{"allow":["GET"]}}],"collection":[{"href":"https:\/\/redsemlac.com\/semmexico\/wp-json\/wp\/v2\/posts"}],"about":[{"href":"https:\/\/redsemlac.com\/semmexico\/wp-json\/wp\/v2\/types\/post"}],"author":[{"embeddable":true,"href":"https:\/\/redsemlac.com\/semmexico\/wp-json\/wp\/v2\/users\/3"}],"replies":[{"embeddable":true,"href":"https:\/\/redsemlac.com\/semmexico\/wp-json\/wp\/v2\/comments?post=60702"}],"version-history":[{"count":0,"href":"https:\/\/redsemlac.com\/semmexico\/wp-json\/wp\/v2\/posts\/60702\/revisions"}],"wp:featuredmedia":[{"embeddable":true,"href":"https:\/\/redsemlac.com\/semmexico\/wp-json\/wp\/v2\/media\/60704"}],"wp:attachment":[{"href":"https:\/\/redsemlac.com\/semmexico\/wp-json\/wp\/v2\/media?parent=60702"}],"wp:term":[{"taxonomy":"category","embeddable":true,"href":"https:\/\/redsemlac.com\/semmexico\/wp-json\/wp\/v2\/categories?post=60702"},{"taxonomy":"post_tag","embeddable":true,"href":"https:\/\/redsemlac.com\/semmexico\/wp-json\/wp\/v2\/tags?post=60702"}],"curies":[{"name":"wp","href":"https:\/\/api.w.org\/{rel}","templated":true}]}}