{"id":60665,"date":"2022-12-15T10:56:44","date_gmt":"2022-12-15T16:56:44","guid":{"rendered":"https:\/\/redsemlac.com\/semmexico\/?p=60665"},"modified":"2023-07-21T19:25:24","modified_gmt":"2023-07-22T00:25:24","slug":"tras-la-puerta-del-poder-implosion-en-grupo-de-morena-en-el-senado","status":"publish","type":"post","link":"https:\/\/redsemlac.com\/semmexico\/tras-la-puerta-del-poder-implosion-en-grupo-de-morena-en-el-senado\/","title":{"rendered":"<strong>Tras la Puerta del Poder| \u00bfImplosi\u00f3n en grupo de Morena en el Senado?<\/strong>"},"content":{"rendered":"\n<p class=\"wp-block-paragraph\"><strong>Roberto Vizca\u00edno<\/strong><\/p>\n\n\n\n<p class=\"wp-block-paragraph\">SemM\u00e9xico, Ciudad de M\u00e9xico, 15 de diciembre del 2022.- Hasta anoche no hab\u00eda m\u00e1s de 111 legisladoras y legisladores en el pleno del Senado que debat\u00eda los dict\u00e1menes del Plan B electoral del presidente Andr\u00e9s Manuel L\u00f3pez Obrador.<\/p>\n\n\n\n<p class=\"wp-block-paragraph\">De acuerdo a una votaci\u00f3n casi inicial para tramitar 3 mociones suspensivas presentadas por PAN, PRI y PRD, en el recinto hab\u00eda 63 senadores\/as de Morena, PT, Verde y PES frente a 48 de PAN, PRI, PRD, MC y Grupo Plural.<\/p>\n\n\n\n<p class=\"wp-block-paragraph\">En total eran los 111 senadores\/as que estaban ah\u00ed de 128 que integran esa c\u00e1mara. Los registros de votaci\u00f3n dejaron en claro que faltaban, estaban ausentes 17.<\/p>\n\n\n\n<p class=\"wp-block-paragraph\">Las y los senadores de Morena, PT, Verde y Pes suman en total 75 senadores\/as. Los de PAN, PRI, PRD, MC y Grupo Plural son 53.<\/p>\n\n\n\n<p class=\"wp-block-paragraph\">Eso significa que faltaban 12 del oficialismo y 5 del bloque opositor.<\/p>\n\n\n\n<p class=\"wp-block-paragraph\">\u00bfPor qu\u00e9 es importante repasar estos n\u00fameros?<\/p>\n\n\n\n<p class=\"wp-block-paragraph\">Porque para sacar adelante el Plan B se requer\u00eda anoche que votaran a favor 56 senadores\/as y quiz\u00e1 no ten\u00edan asegurados esos votos.<\/p>\n\n\n\n<p class=\"wp-block-paragraph\">\u00bfY por qu\u00e9 no ten\u00edan esa seguridad?<\/p>\n\n\n\n<p class=\"wp-block-paragraph\">Bueno, porque el senador Ricardo Monreal, coordinador de los diputados de Morena subi\u00f3 a tribuna al iniciar el debate del Plan B para indicar que:<\/p>\n\n\n\n<p class=\"wp-block-paragraph\">&#8211; Este es un momento dif\u00edcil, pero con razones jur\u00eddicas y que por ello presentar\u00e1 un paquete de reservas en la votaci\u00f3n particular. Que lo suyo es un asunto estrictamente personal por nuestra democracia\u2026 y que nadie deber\u00eda ofenderse, porque est\u00e1 es una c\u00e1mara revisora con obligaci\u00f3n constitucional\u2026<\/p>\n\n\n\n<p class=\"wp-block-paragraph\">\u201cSe a lo que me enfrento\u2026 Lo \u00fanico que quiero es que se respete la Constituci\u00f3n\u201d.<\/p>\n\n\n\n<p class=\"wp-block-paragraph\">Sin explicitarlo, lo obvio es que su aclaraci\u00f3n significa que muy presumiblemente votar\u00e1 en contra.<\/p>\n\n\n\n<p class=\"wp-block-paragraph\">Y que, si \u00e9l vota en contra, quiz\u00e1 lo sigan sus cercanos dentro de la fracci\u00f3n de Morena que se sabe, quiz\u00e1 suma entre los 15 y 20 senadores\/as.<\/p>\n\n\n\n<p class=\"wp-block-paragraph\">Anoche, durante el desarrollo del Pleno, Monreal siempre estuvo acompa\u00f1ado por la senadora Olga S\u00e1nchez Cordero, exministra de la Corte y Crist\u00f3bal Arias, de Michoac\u00e1n.<\/p>\n\n\n\n<p class=\"wp-block-paragraph\">En este contexto, el debate alrededor de las minutas del Plan B electoral de AMLO fue una larga repetici\u00f3n de agresiones e insultos, argumentos y alegatos de unos y otros quienes indicaron que de aprobarse se afectar\u00eda gravemente al Sistema Electoral y sus instituciones mientras los del oficialismo desecharon tal presunci\u00f3n.<\/p>\n\n\n\n<p class=\"wp-block-paragraph\">As\u00ed el debate entr\u00f3 a la madrugada de este d\u00eda.<\/p>\n\n\n\n<p class=\"wp-block-paragraph\"><strong>El debate<\/strong><\/p>\n\n\n\n<p class=\"wp-block-paragraph\">Un ejemplo de este debate es la intervenci\u00f3n de la pri\u00edsta Beatriz Paredes quien indic\u00f3:<\/p>\n\n\n\n<p class=\"wp-block-paragraph\">\u201c\u2026 estas reformas tienen vicios de procedimiento\u201d adem\u00e1s \u201chay una discusi\u00f3n de fondo y tengo la obligaci\u00f3n personal de alertarles sobre un hecho\u201d.<\/p>\n\n\n\n<p class=\"wp-block-paragraph\">\u201cVarias de las decisiones de las reformas planteadas pueden poner en riesgo la organizaci\u00f3n de las elecciones. Que no se diga que no lo advertimos a tiempo. Que no se diga que no encendimos la luz de alerta\u201d.<\/p>\n\n\n\n<p class=\"wp-block-paragraph\">Paredes se\u00f1al\u00f3 como muy grave que se pretenda recorrer las fechas del inicio del proceso electoral de 2024, la elecci\u00f3n m\u00e1s grande que se vaya a tener en la historia de M\u00e9xico. Grave tambi\u00e9n ser\u00eda la fusi\u00f3n de \u00e1reas en el Instituto Nacional Electoral lo que \u201cpuede significar la muerte de la democracia\u201d.<\/p>\n\n\n\n<p class=\"wp-block-paragraph\">Finaliz\u00f3 citando a Francisco I. Madero, dijo el pr\u00f3cer democr\u00e1tico: \u201cSon raros los que con el poder absoluto conservan la moderaci\u00f3n y no dan rienda suelta a sus pasiones\u201d. \u201cOjal\u00e1 sea la raz\u00f3n y no la pasi\u00f3n lo que motive esta reforma\u201d.<\/p>\n\n\n\n<p class=\"wp-block-paragraph\"><strong>La otra visi\u00f3n<\/strong><\/p>\n\n\n\n<p class=\"wp-block-paragraph\">En favor de las minutas entre otros habl\u00f3 Joel Padilla Pe\u00f1a, vicecoordinador de la bancada del PT quien indic\u00f3 que al ponerse a votaci\u00f3n esta reforma, \u201cpor fin quedar\u00e1 en evidencia qui\u00e9nes queremos un M\u00e9xico sin corrupci\u00f3n, qui\u00e9nes queremos una verdadera democracia y que prevalezca la voluntad del pueblo de M\u00e9xico\u201d.<\/p>\n\n\n\n<p class=\"wp-block-paragraph\">Su grupo, dijo, ha luchado muchos a\u00f1os por tener instituciones confiables al servicio de las y los ciudadanos, \u201ces as\u00ed que, seguiremos trabajando hasta erradicar las viejas pr\u00e1cticas que promueven las cuotas de intereses de unos cuantos en perjuicio de la voluntad popular\u201d.<\/p>\n\n\n\n<p class=\"wp-block-paragraph\">\u201c\u00a1Que se escuche y se escuche muy bien, el INE no ser\u00e1 nunca m\u00e1s un bot\u00edn de privilegios! \u2026\u201d<\/p>\n\n\n\n<p class=\"wp-block-paragraph\">\u201cSenadoras y senadores, la Cuarta Transformaci\u00f3n de nuestra gran Naci\u00f3n cada vez m\u00e1s se va consolidando. Queda claro que seguimos y seguiremos avanzando en el sentido correcto de la historia, a pesar de quienes se oponen\u201d.<\/p>\n\n\n\n<p class=\"wp-block-paragraph\">\u201cNosotros confiamos plenamente en la gente, en el pueblo, mientras que, la derecha sigue sin abrir los ojos, ignorando y despreciando a la gente\u201d.<\/p>\n\n\n\n<p class=\"wp-block-paragraph\">\u201cHace unos d\u00edas, la derecha vot\u00f3 en contra de la reforma constitucional enviada y propuesta por el Ejecutivo Federal, pensando que con eso mermar\u00edan nuestro movimiento\u201d.<\/p>\n\n\n\n<p class=\"wp-block-paragraph\">\u201c\u00a1Pues aqu\u00ed les digo, no es as\u00ed, nuestro movimiento est\u00e1 m\u00e1s fuerte que nunca! Y apoyaremos sin condiciones las reformas a las leyes secundarias\u201d.<a href=\"mailto:...rvizcainoa@gmail.com\">&#8230;rvizcainoa@gmail.com<\/a> &nbsp;\/ Twitter: @_Vizcaino \/ Facebook \/ <a href=\"https:\/\/www.facebook.com\/rvizcainoa\">https:\/\/www.facebook.com\/rvizcainoa<\/a><\/p>\n","protected":false},"excerpt":{"rendered":"<p>Hasta anoche no hab\u00eda m\u00e1s de 111 legisladoras y legisladores en el pleno del Senado que debat\u00eda los dict\u00e1menes del Plan B electoral del presidente Andr\u00e9s Manuel L\u00f3pez Obrador.<\/p>\n","protected":false},"author":3,"featured_media":39589,"comment_status":"open","ping_status":"open","sticky":false,"template":"","format":"standard","meta":{"_monsterinsights_skip_tracking":false,"footnotes":""},"categories":[693,35,623,622],"tags":[],"class_list":["post-60665","post","type-post","status-publish","format-standard","has-post-thumbnail","category-693","category-opinion","category-roberto-vizcaino","category-tras-la-puerta-del-poder"],"_links":{"self":[{"href":"https:\/\/redsemlac.com\/semmexico\/wp-json\/wp\/v2\/posts\/60665","targetHints":{"allow":["GET"]}}],"collection":[{"href":"https:\/\/redsemlac.com\/semmexico\/wp-json\/wp\/v2\/posts"}],"about":[{"href":"https:\/\/redsemlac.com\/semmexico\/wp-json\/wp\/v2\/types\/post"}],"author":[{"embeddable":true,"href":"https:\/\/redsemlac.com\/semmexico\/wp-json\/wp\/v2\/users\/3"}],"replies":[{"embeddable":true,"href":"https:\/\/redsemlac.com\/semmexico\/wp-json\/wp\/v2\/comments?post=60665"}],"version-history":[{"count":0,"href":"https:\/\/redsemlac.com\/semmexico\/wp-json\/wp\/v2\/posts\/60665\/revisions"}],"wp:featuredmedia":[{"embeddable":true,"href":"https:\/\/redsemlac.com\/semmexico\/wp-json\/wp\/v2\/media\/39589"}],"wp:attachment":[{"href":"https:\/\/redsemlac.com\/semmexico\/wp-json\/wp\/v2\/media?parent=60665"}],"wp:term":[{"taxonomy":"category","embeddable":true,"href":"https:\/\/redsemlac.com\/semmexico\/wp-json\/wp\/v2\/categories?post=60665"},{"taxonomy":"post_tag","embeddable":true,"href":"https:\/\/redsemlac.com\/semmexico\/wp-json\/wp\/v2\/tags?post=60665"}],"curies":[{"name":"wp","href":"https:\/\/api.w.org\/{rel}","templated":true}]}}