{"id":6056,"date":"2018-03-13T19:14:53","date_gmt":"2018-03-13T19:14:53","guid":{"rendered":"https:\/\/redsemlac.com\/semmexico\/?p=6056"},"modified":"2023-07-21T14:30:46","modified_gmt":"2023-07-21T19:30:46","slug":"desigualdad-en-la-educacion-el-31-2-de-ninas-no-van-a-la-escuela","status":"publish","type":"post","link":"https:\/\/redsemlac.com\/semmexico\/desigualdad-en-la-educacion-el-31-2-de-ninas-no-van-a-la-escuela\/","title":{"rendered":"Desigualdad en la educaci\u00f3n; el 31.2% de ni\u00f1as no van a la escuela"},"content":{"rendered":"\n<p class=\"wp-block-paragraph\">Algo estamos haciendo muy mal para haber llegado a esta dolorosa cifra.<\/p>\n\n\n\n<h5 class=\"wp-block-heading\"> Es inaceptable que los y las candidatas de los m\u00e1s de 1000 cargos de elecci\u00f3n que se har\u00e1n en julio del 2018 ignoren o, peor a\u00fan, no conozcan estas cifras.<\/h5>\n\n\n\n<p class=\"wp-block-paragraph\"><a href=\"https:\/\/semmexico.com\/gallery-post.php?id=4267#\">Martha Barrag\u00e1n<\/a><\/p>\n\n\n\n<p class=\"wp-block-paragraph\">\u201cExisten pocas armas en el mundo que son tan poderosas como una ni\u00f1a con un libro en las manos\u201d<br><br>Malala Yousafzai<br>Martha Barrag\u00e1n<br><br>SemM\u00e9xico, Cd. de M\u00e9xico, 13 marzo 2018.- El pasado 8 de marzo salimos a las calles a marchar por nuestros derechos, pero lamentablemente tambi\u00e9n hay que defender los que ya tenemos. Cuando vi la cifra sobre la educaci\u00f3n de las ni\u00f1as, me parece un gran retroceso que una tercera parte de las ni\u00f1as no vayan a la escuela; desde luego, por falta de oportunidades, y las ni\u00f1as se ven m\u00e1s afectadas.&nbsp;<br><br>Algo estamos haciendo muy mal para haber llegado a esta dolorosa cifra. Me duele el futuro que le espera a ni\u00f1as sin acceso a la educaci\u00f3n. Y por si no fuera suficiente, de las ni\u00f1as que s\u00ed van a la escuela, otro 33% no pasa del tercer grado de primaria; es decir, cerca del 60% de las ni\u00f1as mexicanas no tienen educaci\u00f3n b\u00e1sica.&nbsp;<br><br>Es inaceptable que los y las candidatas de los m\u00e1s de 1000 cargos de elecci\u00f3n que se har\u00e1n en julio del 2018 ignoren o, peor a\u00fan, no conozcan estas cifras. Pienso que un pol\u00edtico con intenciones de desarrollo para el pa\u00eds deber\u00eda poner especial atenci\u00f3n a la educaci\u00f3n, y si adem\u00e1s fuera feminista se alarmar\u00eda con estas cifras.<br><br>Siento impotencia por lo dif\u00edcil que es acceder para las mujeres y darles educaci\u00f3n sobre desarrollo humano, de liderazgo, de visi\u00f3n. Es frustrante que hayan muchos recursos etiquetados para el desarrollo de ni\u00f1as y mujeres por la equidad encaminados hacia la igualdad sustantiva que no dan resultados, que se \u201cpierden\u201d o no se usan apropiadamente.&nbsp;<br><br>He visto programas de u\u00f1as y pasteles, por ejemplo, como una simulaci\u00f3n vergonzosa de la \u201cpreparaci\u00f3n\u201d de las mujeres para su desarrollo y autonom\u00eda econ\u00f3mica. No solo programas as\u00ed son una simulaci\u00f3n; son una verg\u00fcenza que se est\u00e9n preparando mujeres en oficios estereotipados sin la visi\u00f3n de la posibilidad de desarrollo real, profesional y de crecimiento sustentable.&nbsp;<br><br>Tampoco hay un modelo de intervenci\u00f3n en comunidades que tenga indicadores y programas de intervenci\u00f3n a mediano y largo plazo, para que tenga un real impacto en los resultados. Y claro que esto no existe porque no es vistoso. No se pueden tomar fotos promocionales de pol\u00edticos en ascenso, porque los resultados a mediano y largo plazo no benefician sus \u201creinados\u201d, benefician al que sigue.&nbsp;<br><br>No solo necesitamos hombre y mujeres en pol\u00edtica feminista. Es indispensable que sean conscientes, l\u00edderes visionarios, h\u00e9roes es lo que necesita nuestro pa\u00eds.&nbsp;<br>Ahora queda exigir a las instituciones correspondientes acciones para revertir estas cifras, seguir apostando a la responsabilidad social y cada uno de nosotros hacer lo posible por contribuir a bajar estas cifras.<br><br>Cada que doy talleres de g\u00e9nero, con la creencia que m\u00e1s me encuentro es que las cosas son as\u00ed y es muy dif\u00edcil cambiarlas, que los que deben cambiar son las autoridades de las instituciones y las organizaciones, PERO NO ES AS\u00cd. Podemos hacer algo; si cada persona con posibilidades apoyara a una ni\u00f1a, las cosas cambiar\u00edan. Estas cifras tambi\u00e9n son responsabilidad ciudadana.&nbsp;<br><br>\u00bfQu\u00e9 se te ocurre que podr\u00edas hacer respecto a estas cifras?<br><br>En alg\u00fan lugar de nuestro pa\u00eds hay una ni\u00f1a que sue\u00f1a con cambiar su realidad, mejorar su destino, tener acceso a la educaci\u00f3n, a la riqueza, a dirigir, a gobernar. Por favor, no la dejemos sola. Escuchemos su voz, seamos part\u00edcipes para que haga realidad sus sue\u00f1os.&nbsp;<br><br>SEM\/mb<br><br>mar_toon@hotmail.com<br>@marcartonist<br>Facebook : Martha Barrag\u00e1n Mar<br>Fan Page: Mar de ideas<br>Fan Page: Caricaturistas con Causa<\/p>\n","protected":false},"excerpt":{"rendered":"<p>Algo estamos haciendo muy mal para haber llegado a esta dolorosa cifra. Es inaceptable que los y las candidatas de los m\u00e1s de 1000 cargos de elecci\u00f3n que se har\u00e1n en julio del 2018 ignoren o, peor a\u00fan, no conozcan estas cifras. Martha Barrag\u00e1n \u201cExisten pocas armas en el mundo que son tan poderosas como [&hellip;]<\/p>\n","protected":false},"author":3,"featured_media":6057,"comment_status":"open","ping_status":"open","sticky":false,"template":"","format":"standard","meta":{"_monsterinsights_skip_tracking":false,"footnotes":""},"categories":[689,80,1],"tags":[],"class_list":["post-6056","post","type-post","status-publish","format-standard","has-post-thumbnail","category-689","category-martha-barragan","category-uncategorized"],"_links":{"self":[{"href":"https:\/\/redsemlac.com\/semmexico\/wp-json\/wp\/v2\/posts\/6056","targetHints":{"allow":["GET"]}}],"collection":[{"href":"https:\/\/redsemlac.com\/semmexico\/wp-json\/wp\/v2\/posts"}],"about":[{"href":"https:\/\/redsemlac.com\/semmexico\/wp-json\/wp\/v2\/types\/post"}],"author":[{"embeddable":true,"href":"https:\/\/redsemlac.com\/semmexico\/wp-json\/wp\/v2\/users\/3"}],"replies":[{"embeddable":true,"href":"https:\/\/redsemlac.com\/semmexico\/wp-json\/wp\/v2\/comments?post=6056"}],"version-history":[{"count":0,"href":"https:\/\/redsemlac.com\/semmexico\/wp-json\/wp\/v2\/posts\/6056\/revisions"}],"wp:featuredmedia":[{"embeddable":true,"href":"https:\/\/redsemlac.com\/semmexico\/wp-json\/wp\/v2\/media\/6057"}],"wp:attachment":[{"href":"https:\/\/redsemlac.com\/semmexico\/wp-json\/wp\/v2\/media?parent=6056"}],"wp:term":[{"taxonomy":"category","embeddable":true,"href":"https:\/\/redsemlac.com\/semmexico\/wp-json\/wp\/v2\/categories?post=6056"},{"taxonomy":"post_tag","embeddable":true,"href":"https:\/\/redsemlac.com\/semmexico\/wp-json\/wp\/v2\/tags?post=6056"}],"curies":[{"name":"wp","href":"https:\/\/api.w.org\/{rel}","templated":true}]}}