{"id":60542,"date":"2022-12-12T14:48:24","date_gmt":"2022-12-12T20:48:24","guid":{"rendered":"https:\/\/redsemlac.com\/semmexico\/?p=60542"},"modified":"2023-07-21T19:24:25","modified_gmt":"2023-07-22T00:24:25","slug":"audiencia-resolutoria-caso-aurelia-garcia-cruceno-temen-sea-visto-nuevamente-sin-perspectiva-de-genero-e-interculturalidad","status":"publish","type":"post","link":"https:\/\/redsemlac.com\/semmexico\/audiencia-resolutoria-caso-aurelia-garcia-cruceno-temen-sea-visto-nuevamente-sin-perspectiva-de-genero-e-interculturalidad\/","title":{"rendered":"Audiencia resolutoria caso Aurelia Garc\u00eda Cruce\u00f1o, temen sea visto nuevamente sin perspectiva de g\u00e9nero e interculturalidad"},"content":{"rendered":"\n<ul class=\"wp-block-list\">\n<li><strong>Garc\u00eda Cruce\u00f1o, presa acusada de homicidio en raz\u00f3n de parentesco, a pesar de que la defensa ha contravenido cada una de las pruebas presentadas por la fiscal\u00eda.<\/strong><strong><\/strong><\/li>\n<\/ul>\n\n\n\n<p class=\"wp-block-paragraph\"><strong>Josefina Aguilar Pastor<\/strong><\/p>\n\n\n\n<p class=\"wp-block-paragraph\">SemM\u00e9xico, Chilpancingo, Guerrero, 12 de diciembre del 2022.- El pr\u00f3ximo 20 de este mes se llevar\u00e1 cabo audiencia resolutoria del proceso en contra de Aurelia Garc\u00eda Cruce\u00f1o, presa acusada de homicidio en raz\u00f3n de parentesco, a pesar de que la defensa ha contravenido cada una de las pruebas presentadas por la fiscal\u00eda, temen parcialidad de la jueza Mariela Alfaro Zapata por su falta de perspectiva de g\u00e9nero e interculturalidad.<\/p>\n\n\n\n<p class=\"wp-block-paragraph\">Ver\u00f3nica Garz\u00f3n Bonetti y Ximena Ugarte Trangay abogadas defensoras de Aurelia Garc\u00eda Cruce\u00f1o, mujer ind\u00edgena n\u00e1huatl presa en el reclusorio de Iguala acusada de homicidio en raz\u00f3n de parentesco, participaron el jueves pasado en la \u00faltima audiencia de desahogo de pruebas.<\/p>\n\n\n\n<p class=\"wp-block-paragraph\">En dicha audiencia que dur\u00f3 alrededor de siete horas, el equipo de la defensa present\u00f3 a sus \u00faltimos testigos, entre ellos, a una perito antrop\u00f3loga criminalista, quien realiz\u00f3 todo el contexto social, econ\u00f3mico, cultural, como las normas e instituciones que rigen la comunidad de Xochicalco de donde Aurelia es originaria; las violencias que enfrentan las mujeres de dicha localidad y espec\u00edficamente la violencia sexual en contra de Aurelia, raz\u00f3n por la cual tuvo que salir huyendo.<\/p>\n\n\n\n<p class=\"wp-block-paragraph\">Ver\u00f3nica Garz\u00f3n Bonetti consider\u00f3 que este an\u00e1lisis fue muy importante, porque dio a la jueza elementos de contexto, que dijo, son fundamentales para juzgar con perspectiva intercultural.<\/p>\n\n\n\n<p class=\"wp-block-paragraph\">Sin embargo lament\u00f3 que la fiscal\u00eda no le dio importancia a este peritaje, mantuvo una actitud de desprecio al an\u00e1lisis antropol\u00f3gico, no le pusieron atenci\u00f3n \u201cy eso nos dej\u00f3 muy claro cu\u00e1l es la posici\u00f3n de la fiscal\u00eda frente a este tipo de peritajes, an\u00e1lisis de contexto que son fundamentales e incluso una obligaci\u00f3n para juzgar este tipo de casos e investigar, pero les importan tan poco, pero de verdad tan, tan poco que no solo no los hicieron ellos aunque debieron como fiscal\u00eda desde el principio y no solo no los manda hacer sino que cuando lo tienen a la vista, ni siquiera le pone atenci\u00f3n, eso deja evidente que hay un largo camino por recorrer\u201d, deplor\u00f3 la litigante.&nbsp;<\/p>\n\n\n\n<p class=\"wp-block-paragraph\">En esta misma audiencia se desahog\u00f3 el an\u00e1lisis de medicina forense, una m\u00e9dica forense analiz\u00f3 la necropsia del cad\u00e1ver del producto que realiz\u00f3 el primer m\u00e9dico de la fiscal\u00eda y quien en su dictamen determin\u00f3 que s\u00ed respiraba, lo que estableci\u00f3 que Aurelia fuera procesada por homicidio.<\/p>\n\n\n\n<p class=\"wp-block-paragraph\">En su an\u00e1lisis, la nueva analista forense mostr\u00f3 la falta de elementos cient\u00edficos con que no cont\u00f3 el dictamen del primer m\u00e9dico forenses, entre ellos, la falta de sustento de las conclusiones, no describi\u00f3 lo que debi\u00f3; tampoco realiz\u00f3 prueba que debi\u00f3 realizar para distinguir ciertas caracter\u00edsticas del cuerpo para demostrar que el producto si naci\u00f3 con vida, entre otras.<\/p>\n\n\n\n<p class=\"wp-block-paragraph\">La nueva analista dej\u00f3 en claro una duda muy grande sobre la vida o muerte del producto por las carencias y omisiones del doctor; adem\u00e1s de que no cumpli\u00f3 con el protocolo, ni un an\u00e1lisis; por ello, concluy\u00f3 que \u201cno se puede tener certeza de esas conclusiones, las cuales son carentes de cualquier sustento cient\u00edfico\u201d.<\/p>\n\n\n\n<p class=\"wp-block-paragraph\">Tras el desahogo de estos testimonios, la jueza dio por concluida la presentaci\u00f3n de pruebas y se\u00f1al\u00f3 la fecha 19 para alegatos de clausura y 20 para dictado de sentencia.<\/p>\n\n\n\n<p class=\"wp-block-paragraph\">Al equipo de la defensa le preocupa que siga siendo la jueza Mariela Alfaro Zapata la que tenga en sus manos la resoluci\u00f3n del proceso en contra de Aurelia, esto al considerar que \u201cella no tiene una perspectiva de g\u00e9nero, una perspectiva intercultural completa realmente, ni adecuada para lo que este caso implica y eso nos tiene en incertidumbre sobre lo que va a resolver, las pruebas de la fiscal\u00eda han sido tumbadas por esta defensa pero nos preocupa que la resoluci\u00f3n no vaya encaminada a las pruebas cient\u00edficas que se presentaron y que se base en lo que esperaban de Aurelia al momento del parto\u201d.<\/p>\n\n\n\n<p class=\"wp-block-paragraph\">Desde su punto de vista las posibilidades para desestimar el caso en contra de Aurelia son muy fuertes, con todas las pruebas presentadas, tumbaron los dichos de la fiscal\u00eda, est\u00e1 muy sustentado, sin embargo las afirmaciones hechas por la jueza durante el proceso, las actitudes que asumi\u00f3 durante el mismo, les crea mucha incertidumbre sobre el sentido en que emitir\u00e1 la sentencia, se\u00f1al\u00f3 la abogada.&nbsp;<\/p>\n\n\n\n<p class=\"wp-block-paragraph\">\u201cSi nos preocupa\u201d, admiti\u00f3 Garz\u00f3n Bonetti, sin embargo en este momento, lo \u00fanico que les queda, es esperar el d\u00eda de la sentencia, el pr\u00f3ximo 20 de este mes.<\/p>\n\n\n\n<p class=\"wp-block-paragraph\">En caso de que la sentencia fuera condenatoria, habr\u00eda recursos a los cuales podr\u00eda recurrir, adelant\u00f3 la abogada, sin embargo, dijo que tambi\u00e9n es preocupante el mal manejo de la fiscal\u00eda su insistencia de mantener esta mentira tan grande de lo que sucedi\u00f3 en los hechos de lo que hizo Aurelia, sigue sosteniendo, que hubo testigos cuando no los hubo, que el producto iba con vida cuando lleg\u00f3 al hospital, lo cual tampoco es cierto, entre otras falsedades, dijo.<\/p>\n\n\n\n<p class=\"wp-block-paragraph\">Como abogada, Garz\u00f3n Bonetti se dijo sorprendida de que esta sea la forma en que se maneja la fiscal\u00eda de Guerrero, \u201cnos hace cuestionar cual es el tipo de justicia que hay en Guerrero, si es as\u00ed como han estado investigado y llevando todos los casos, me preocupa mucho las graves violaciones a los derechos humanos, la falta de una investigaci\u00f3n adecuada, exhaustiva, completa, y el caso de Aurelia no es el \u00fanico, al contrario, ha de ser solamente una peque\u00f1a punta del iceberg de todo lo mal que esta la fiscal\u00eda de Guerrero\u201d, acus\u00f3.<\/p>\n\n\n\n<p class=\"wp-block-paragraph\">Finalmente, del estado en que se encuentra Aurelia, Garz\u00f3n Bonetti coment\u00f3 que se siente muy abrumada, son muchas cosa que est\u00e1n posando, muchas emociones, pero por otro lado se siente muy acompa\u00f1ada, muy fuerte, y mejor que al inicio del proceso.<\/p>\n\n\n\n<p class=\"wp-block-paragraph\">SEM\/MG<\/p>\n","protected":false},"excerpt":{"rendered":"<p>Garc\u00eda Cruce\u00f1o, presa acusada de homicidio en raz\u00f3n de parentesco, a pesar de que la defensa ha contravenido cada una de las pruebas presentadas por la fiscal\u00eda.<\/p>\n","protected":false},"author":3,"featured_media":60543,"comment_status":"open","ping_status":"open","sticky":false,"template":"","format":"standard","meta":{"_monsterinsights_skip_tracking":false,"footnotes":""},"categories":[693,54],"tags":[],"class_list":["post-60542","post","type-post","status-publish","format-standard","has-post-thumbnail","category-693","category-mujeres"],"_links":{"self":[{"href":"https:\/\/redsemlac.com\/semmexico\/wp-json\/wp\/v2\/posts\/60542","targetHints":{"allow":["GET"]}}],"collection":[{"href":"https:\/\/redsemlac.com\/semmexico\/wp-json\/wp\/v2\/posts"}],"about":[{"href":"https:\/\/redsemlac.com\/semmexico\/wp-json\/wp\/v2\/types\/post"}],"author":[{"embeddable":true,"href":"https:\/\/redsemlac.com\/semmexico\/wp-json\/wp\/v2\/users\/3"}],"replies":[{"embeddable":true,"href":"https:\/\/redsemlac.com\/semmexico\/wp-json\/wp\/v2\/comments?post=60542"}],"version-history":[{"count":0,"href":"https:\/\/redsemlac.com\/semmexico\/wp-json\/wp\/v2\/posts\/60542\/revisions"}],"wp:featuredmedia":[{"embeddable":true,"href":"https:\/\/redsemlac.com\/semmexico\/wp-json\/wp\/v2\/media\/60543"}],"wp:attachment":[{"href":"https:\/\/redsemlac.com\/semmexico\/wp-json\/wp\/v2\/media?parent=60542"}],"wp:term":[{"taxonomy":"category","embeddable":true,"href":"https:\/\/redsemlac.com\/semmexico\/wp-json\/wp\/v2\/categories?post=60542"},{"taxonomy":"post_tag","embeddable":true,"href":"https:\/\/redsemlac.com\/semmexico\/wp-json\/wp\/v2\/tags?post=60542"}],"curies":[{"name":"wp","href":"https:\/\/api.w.org\/{rel}","templated":true}]}}