{"id":6052,"date":"2018-03-15T19:12:52","date_gmt":"2018-03-15T19:12:52","guid":{"rendered":"https:\/\/redsemlac.com\/semmexico\/?p=6052"},"modified":"2023-07-21T14:30:45","modified_gmt":"2023-07-21T19:30:45","slug":"para-problemas-que-se-han-vuelto-cultura-necesitamos-cambios-culturales","status":"publish","type":"post","link":"https:\/\/redsemlac.com\/semmexico\/para-problemas-que-se-han-vuelto-cultura-necesitamos-cambios-culturales\/","title":{"rendered":"Para problemas que se han vuelto cultura, necesitamos cambios culturales"},"content":{"rendered":"\n<p class=\"wp-block-paragraph\">\u2022 Si tu candidato\/a no habla de igualdad sustantiva, est\u00e1 muy distante de lo que requiere el pa\u00eds<\/p>\n\n\n\n<h5 class=\"wp-block-heading\"> \u2022 La pobreza, la violencia, el desequilibrio ambiental, problemas culturales<\/h5>\n\n\n\n<p class=\"wp-block-paragraph\"><a href=\"https:\/\/semmexico.com\/gallery-post.php?id=4293#\">Martha Barrag\u00e1n<\/a><\/p>\n\n\n\n<p class=\"wp-block-paragraph\">SemM\u00e9xico, Cd. de M\u00e9xico, 15 marzo 2018.- Muchos de los problemas que vive nuestro pa\u00eds son culturales y la cultura no se interviene por decreto. Se hace con educaci\u00f3n y es un proceso\u2026 No nos enga\u00f1emos y analicemos qui\u00e9n hace una oferta pol\u00edtica real, para un cambio sustantivo en nuestro pa\u00eds.&nbsp;<br><br>Si tu candidato\/a no est\u00e1 hablando de igualdad sustantiva, de equidad de g\u00e9nero, est\u00e1 muy distante de lo que realmente requiere nuestro pa\u00eds. Me gustar\u00eda tener pol\u00edticos\/as a la altura de las necesidades reales del pueblo y ya sabemos cu\u00e1les son.<br><br>Mucha de la pobreza es m\u00e1s cultural que econ\u00f3mica.<br><br>Mucha de la violencia es m\u00e1s cultural que por necesidad econ\u00f3mica.<br><br>Mucha de la apat\u00eda por la preparaci\u00f3n acad\u00e9mica es m\u00e1s cultural que por falta de oferta educativa.<br><br>Mucho del desequilibrio ambiental es m\u00e1s cultural que nada.<br><br>Muchos problemas de salud son m\u00e1s culturales que por falta de acceso a los servicios, etc.&nbsp;<br><br>Basta con observar lo que hacemos cotidianamente y sabremos por qu\u00e9 los resultados, m\u00e1s all\u00e1 de nuestros pol\u00edticos.&nbsp;<br><br>Toda esta falta de compromiso social es caldo de cultivo para los corruptos, los oportunistas, los mamadores del sistema. El cambio real empieza en cada ciudadano\/a, y la obligaci\u00f3n pol\u00edtica es favorecer esos cambios.<br><br>No es lo mismo gobernar la mediocridad, que desde el compromiso, la responsabilidad, ciudadan\u00eda educada, con pensamiento cr\u00edtico. Pero para ello se requiere esfuerzo, preparaci\u00f3n, constancia.&nbsp;<br><br>Decir que por decreto algo va a cambiar es infantil y muestra ignorancia de c\u00f3mo funciona una sociedad y como se interviene para aun cambio real.<br><br>\u00bfCu\u00e1l es tu opini\u00f3n? Participa para que se enriquezcan las ideas.<br><br>SEM\/mb<br><br>mar_interactiva@yahoo.com.mx<br>mar_toon@hotmail.com<br>@marcartonist<br>Facebook : Martha Barrag\u00e1n Mar<br>Fan Page: Mar de ideas<br>Fan Page: Caricaturistas con Causa<\/p>\n","protected":false},"excerpt":{"rendered":"<p>\u2022 Si tu candidato\/a no habla de igualdad sustantiva, est\u00e1 muy distante de lo que requiere el pa\u00eds \u2022 La pobreza, la violencia, el desequilibrio ambiental, problemas culturales Martha Barrag\u00e1n SemM\u00e9xico, Cd. de M\u00e9xico, 15 marzo 2018.- Muchos de los problemas que vive nuestro pa\u00eds son culturales y la cultura no se interviene por decreto. [&hellip;]<\/p>\n","protected":false},"author":3,"featured_media":6053,"comment_status":"open","ping_status":"open","sticky":false,"template":"","format":"standard","meta":{"_monsterinsights_skip_tracking":false,"footnotes":""},"categories":[689,80,1],"tags":[],"class_list":["post-6052","post","type-post","status-publish","format-standard","has-post-thumbnail","category-689","category-martha-barragan","category-uncategorized"],"_links":{"self":[{"href":"https:\/\/redsemlac.com\/semmexico\/wp-json\/wp\/v2\/posts\/6052","targetHints":{"allow":["GET"]}}],"collection":[{"href":"https:\/\/redsemlac.com\/semmexico\/wp-json\/wp\/v2\/posts"}],"about":[{"href":"https:\/\/redsemlac.com\/semmexico\/wp-json\/wp\/v2\/types\/post"}],"author":[{"embeddable":true,"href":"https:\/\/redsemlac.com\/semmexico\/wp-json\/wp\/v2\/users\/3"}],"replies":[{"embeddable":true,"href":"https:\/\/redsemlac.com\/semmexico\/wp-json\/wp\/v2\/comments?post=6052"}],"version-history":[{"count":0,"href":"https:\/\/redsemlac.com\/semmexico\/wp-json\/wp\/v2\/posts\/6052\/revisions"}],"wp:featuredmedia":[{"embeddable":true,"href":"https:\/\/redsemlac.com\/semmexico\/wp-json\/wp\/v2\/media\/6053"}],"wp:attachment":[{"href":"https:\/\/redsemlac.com\/semmexico\/wp-json\/wp\/v2\/media?parent=6052"}],"wp:term":[{"taxonomy":"category","embeddable":true,"href":"https:\/\/redsemlac.com\/semmexico\/wp-json\/wp\/v2\/categories?post=6052"},{"taxonomy":"post_tag","embeddable":true,"href":"https:\/\/redsemlac.com\/semmexico\/wp-json\/wp\/v2\/tags?post=6052"}],"curies":[{"name":"wp","href":"https:\/\/api.w.org\/{rel}","templated":true}]}}