{"id":60516,"date":"2022-12-11T15:32:21","date_gmt":"2022-12-11T21:32:21","guid":{"rendered":"https:\/\/redsemlac.com\/semmexico\/?p=60516"},"modified":"2023-07-21T19:24:26","modified_gmt":"2023-07-22T00:24:26","slug":"qatar-y-los-ensuenos","status":"publish","type":"post","link":"https:\/\/redsemlac.com\/semmexico\/qatar-y-los-ensuenos\/","title":{"rendered":"<strong>Qatar y los ensue\u00f1os<\/strong>"},"content":{"rendered":"\n<p class=\"has-small-font-size wp-block-paragraph\"><strong>Mujeres catar\u00edes.<\/strong>En Qatar el poder lo ostenta una persona con sus 45 miembros de la Asamblea ConsultivaCr\u00e9ditos: Especial &#8211; GettyImages<\/p>\n\n\n\n<p class=\"wp-block-paragraph\">En algunas familias, las mujeres viven bajo el \u201ctutelaje masculino\u201d y sus decisiones tienen que estar acompa\u00f1adas de un permiso escrito por \u201cun guardi\u00e1n\u201d hombre; vulneraci\u00f3n de los derechos humanos<\/p>\n\n\n\n<p class=\"wp-block-paragraph\"><a href=\"https:\/\/lasillarota.com\/autor\/norma-escamilla-barrientos.html\">Por&nbsp;<strong>NORMA G. ESCAMILLA BARRIENTOS<\/strong><\/a><\/p>\n\n\n\n<p class=\"wp-block-paragraph\">Escrito en&nbsp;<strong>LA CADERA DE EVA<\/strong>&nbsp;el&nbsp;2\/12\/2022 \u00b7 12:56 hs<\/p>\n\n\n\n<p class=\"wp-block-paragraph\"><em>Comparta este art\u00edculo<\/em><\/p>\n\n\n\n<p class=\"wp-block-paragraph\">SemM\u00e9xico\/La Cadera de Eva, 10 de diciembre, 2022.- <strong>Qatar<\/strong>\u00a0conocido ahora por la\u00a0<strong>Copa mundial de f\u00fatbol 2022<\/strong>\u00a0es un pa\u00eds de medio oriente, al oeste de Asia, ubicado en una pen\u00ednsula cobijada por el golfo p\u00e9rsico y la cual s\u00f3lo tiene una frontera terrestre con Arabia Saudita. En 1971 se independiz\u00f3 de Inglaterra. Actualmente tiene una monarqu\u00eda absoluta a cargo de un jefe de estado y gobierno, nombrado Jeque, t\u00e9rmino con el cual se nombra al jefe de un territorio en algunos pa\u00edses musulmanes.<\/p>\n\n\n\n<p class=\"wp-block-paragraph\">Su gobierno literal, se sustenta en una Asamblea Consultiva de 45 miembros y su Constituci\u00f3n, en la cual no se considera la creaci\u00f3n de partidos pol\u00edticos, reconoce el derecho a la libertad de expresi\u00f3n y asociaci\u00f3n, el derecho a un juicio justo y a la libertad de culto. Su sistema legal es la sharia (ley isl\u00e1mica) sustentada en su Constituci\u00f3n, dentro de la cual se penalizan diversos delitos, sin embargo, cuando la infracci\u00f3n tiene que ver con los Tribunales de familia los testimonios de las\u00a0<strong>mujeres<\/strong>\u00a0valen menos que los realizados por los hombres y en algunos casos no son aceptados. De igual forma, cuando las\u00a0<strong>mujeres<\/strong>\u00a0son violadas son condenadas por adulterio, lo cual nos habla de una revictimizaci\u00f3n.<br><a href=\"https:\/\/lasillarota.com\/mundo\/2022\/11\/29\/cuantos-trabajadores-murieron-en-preparacion-del-mundial-qatar-2022-403744.html\"><\/a><\/p>\n\n\n\n<figure class=\"wp-block-image size-full is-resized\"><a href=\"https:\/\/redsemlac.com\/semmexico\/wp-content\/uploads\/2022\/12\/opinion-escamilla-quatar-02.jpg\"><img loading=\"lazy\" decoding=\"async\" src=\"https:\/\/redsemlac.com\/semmexico\/wp-content\/uploads\/2022\/12\/opinion-escamilla-quatar-02.jpg\" alt=\"\" class=\"wp-image-60520\" width=\"769\" height=\"401\"\/><\/a><\/figure>\n\n\n\n<figure class=\"wp-block-image size-full\"><a href=\"https:\/\/redsemlac.com\/semmexico\/wp-content\/uploads\/2022\/12\/opinion-escamilla-quatar-03.jpg\"><img loading=\"lazy\" decoding=\"async\" width=\"150\" height=\"100\" src=\"https:\/\/redsemlac.com\/semmexico\/wp-content\/uploads\/2022\/12\/opinion-escamilla-quatar-03.jpg\" alt=\"\" class=\"wp-image-60521\"\/><\/a><\/figure>\n\n\n\n<p class=\"wp-block-paragraph\"><a href=\"https:\/\/lasillarota.com\/mundo\/2022\/11\/29\/cuantos-trabajadores-murieron-en-preparacion-del-mundial-qatar-2022-403744.html\"><\/a><a href=\"https:\/\/lasillarota.com\/mundo\/2022\/11\/29\/cuantos-trabajadores-murieron-en-preparacion-del-mundial-qatar-2022-403744.html\">MUNDIAL QATAR 2022<\/a><\/p>\n\n\n\n<p class=\"wp-block-paragraph\"><strong><a href=\"https:\/\/lasillarota.com\/mundo\/2022\/11\/29\/cuantos-trabajadores-murieron-en-preparacion-del-mundial-qatar-2022-403744.html\">\u00bfCu\u00e1ntos trabajadores murieron en preparaci\u00f3n del Mundial Qatar 2022?<\/a><\/strong><\/p>\n\n\n\n<p class=\"wp-block-paragraph\">El total de su poblaci\u00f3n estimada seg\u00fan el Ministerio de Planificaci\u00f3n y Estad\u00edstica de&nbsp;<strong>Qatar<\/strong>&nbsp;hasta abril de 2022 se ten\u00eda un registro de 2,7 millones de habitantes de los cuales 2,42 millones son extranjeros principalmente de Asia, \u00c1frica, India, Nepal, Bangladesh y Pakist\u00e1n. Su distribuci\u00f3n por g\u00e9nero es de 2.008.241 hombres (72,4%) y 765.357&nbsp;<strong>mujeres<\/strong>&nbsp;(27,6%). Teniendo un mayor n\u00famero de poblaci\u00f3n en el intervalo etario de 25 a 64 a\u00f1os con un total de 70,64%.<\/p>\n\n\n\n<p class=\"wp-block-paragraph\"><strong>Qatar<\/strong>&nbsp;cuenta con un \u00edndice de desarrollo humano alto dentro del mundo \u00e1rabe, ya que su econom\u00eda es buena y reconocida por el Banco Mundial, es considerado a nivel internacional como uno de los pa\u00edses m\u00e1s ricos del mundo,&nbsp;ya que cuenta con la tercera reserva mundial de gas natural y petr\u00f3leo, en 2021 reabrieron sus fronteras despu\u00e9s de tomar acuerdos con Kuwait, Catar, Arabia Saudita y Estados Unidos, realizando una inversi\u00f3n principalmente en mejoras de su infraestructura para la realizaci\u00f3n tanto de la&nbsp;<strong>Copa Mundial de F\u00fatbol 2022<\/strong>, como tambi\u00e9n, una estrategia para promover el turismo. Sin embargo, datos obtenidos por la BBC News Mundo, Human Rights Watch (HRW), la Organizaci\u00f3n Internacional del Trabajo (OIT), El Guardian y Amnist\u00eda Internacional, entre otros, han visibilizado la&nbsp;<strong>pobreza<\/strong>&nbsp;y&nbsp;<strong>vulneraci\u00f3n<\/strong>&nbsp;de&nbsp;<strong>derechos<\/strong>&nbsp;<strong>humanos<\/strong>&nbsp;en la que viven una gran parte de sus pobladores en&nbsp;<strong>Qatar<\/strong>, de la cual no se permite hablar mucho.<\/p>\n\n\n\n<figure class=\"wp-block-image size-full\"><a href=\"https:\/\/redsemlac.com\/semmexico\/wp-content\/uploads\/2022\/12\/opinion-escamilla-quatar-04.jpg\"><img loading=\"lazy\" decoding=\"async\" width=\"768\" height=\"400\" src=\"https:\/\/redsemlac.com\/semmexico\/wp-content\/uploads\/2022\/12\/opinion-escamilla-quatar-04.jpg\" alt=\"\" class=\"wp-image-60519\"\/><\/a><\/figure>\n\n\n\n<p class=\"wp-block-paragraph\">Por otro lado, si bien en su constituci\u00f3n y en su sistema legal se plantea la libertad de expresi\u00f3n y juicios justos, los registros nos muestran otra realidad, en donde los&nbsp;<strong>derechos<\/strong>&nbsp;no son para todas y todos, adem\u00e1s de una serie de&nbsp;<strong>violaciones<\/strong>&nbsp;a los&nbsp;<strong>derechos<\/strong>&nbsp;humanos tanto para sus poblaci\u00f3n de origen como para la poblaci\u00f3n trabajadora migrante la cual tiene pocas alternativas de un empleo digno y al cual trasgreden permanentemente sus&nbsp;<strong><u>derechos<\/u><\/strong>&nbsp;<strong>laborales<\/strong>&nbsp;y&nbsp;<strong>humanos<\/strong>, seg\u00fan lo registrado por la BBC News Mundo en el \u00e1mbito laboral \u201clos exponen a palizas, retenci\u00f3n de pagos, les quitan sus pasaportes, los amenazan, y les agreden sexualmente, aun cuando ya no es vigente el Kafala, el sistema de empleo por patrocinio que \u201cexclaviza\u201d a los trabajadores \u201d. De igual forma, la organizaci\u00f3n HRW registr\u00f3 \u201cque los trabajadores extranjeros todav\u00eda sufren deducciones salariales punitivas e ilegales y enfrentan meses de salarios impagos por largas horas de trabajo agotador\u201d la poblaci\u00f3n en general tiene restricciones para la libertad de expresi\u00f3n, de movimientos y de culto, entre otras.&nbsp;<\/p>\n\n\n\n<p class=\"wp-block-paragraph\">Las mujeres en tal sentido, una vez m\u00e1s son doblemente vulneradas por el hecho de ser&nbsp;<strong>mujeres<\/strong>, algunas se cubren de negro y otras utilizan el velo a color solo en la cabeza y el cuello, siendo que \u201chay libertad de culto\u201d. En el caso de las familias m\u00e1s conservadoras las mujeres se viven bajo el \u201c<strong>tutelaje masculino<\/strong>\u201d, y sus decisiones tienen que estar acompa\u00f1adas de un permiso escrito por \u201cun guardi\u00e1n\u201d hombre, a fin de ser aceptadas, lo cual nos habla de la vulneraci\u00f3n de sus&nbsp;<strong>derechos<\/strong>&nbsp;<strong>humanos<\/strong>&nbsp;y que no es vista como sujeta social y de&nbsp;<strong>derechos<\/strong>. Cuando las&nbsp;<strong>mujeres<\/strong>&nbsp;m\u00e1s j\u00f3venes cuestionan este&nbsp;<strong>tutelaje<\/strong>&nbsp;se les reprende bajo el discurso de que \u201clos&nbsp;<strong>derechos humanos<\/strong>&nbsp;son una idea occidental que se contrapone a los valores isl\u00e1micos\u201d y si bien, el monarca quatar\u00edn menciona que el empoderamiento de las&nbsp;<strong>mujeres<\/strong>&nbsp;tiene un gran avance ya que se incluyen en la toma de decisiones del pa\u00eds, que tienen buenos indicadores de igualdad de g\u00e9nero, que tienen una alta tasa de participaci\u00f3n de&nbsp;<strong>mujeres<\/strong>&nbsp;en el \u00e1mbito laboral, que tienen igualdad de salarios y que su matricula universitaria es alto, podemos observar que estos argumentos se contraponen cuando la mujer tiene que ser&nbsp;<strong>tutelada<\/strong>, cuando cuestionan un sistema, cuando es coaccionada, cuando en una denuncia su voz no es v\u00e1lida, cuando es dif\u00edcil su acceso al divorcio y si lo obtiene no puede tener la&nbsp;<strong>tutela<\/strong>&nbsp;de sus hijos e hijas, cuando las&nbsp;<strong>mujeres<\/strong>&nbsp;que son violadas son acusadas de adulterio y cuando existe la pena de muerte si se asume como parte de la poblaci\u00f3n LGBTI+.<\/p>\n\n\n\n<figure class=\"wp-block-image size-full\"><a href=\"https:\/\/redsemlac.com\/semmexico\/wp-content\/uploads\/2022\/12\/opinion-escamilla-quatar-05.png\"><img loading=\"lazy\" decoding=\"async\" width=\"768\" height=\"576\" src=\"https:\/\/redsemlac.com\/semmexico\/wp-content\/uploads\/2022\/12\/opinion-escamilla-quatar-05.png\" alt=\"\" class=\"wp-image-60518\"\/><\/a><\/figure>\n\n\n\n<p class=\"wp-block-paragraph\">Finalmente, podemos decir que el hecho de ser un pa\u00eds rico y con un alto \u00edndice de desarrollo humano no necesariamente garantiza la distribuci\u00f3n equitativa del ingreso en su poblaci\u00f3n, tampoco impacta en el ejercicio de los&nbsp;<strong>derechos<\/strong>&nbsp;<strong>humanos<\/strong>&nbsp;y se sigue visibilizando una doble&nbsp;<strong>violaci\u00f3n de derechos hacia las mujeres<\/strong>, donde no se garantiza su libre expresi\u00f3n, su libertad de culto y se le coacciona a trav\u00e9s de un sistema mon\u00e1rquico donde el poder lo ostenta una persona con sus 45 miembros de la Asamblea Consultiva.&nbsp;<\/p>\n\n\n\n<p class=\"wp-block-paragraph\"><strong>TEMAS<\/strong><\/p>\n\n\n\n<p class=\"wp-block-paragraph\"><a href=\"https:\/\/lasillarota.com\/temas\/mundial-de-qatar-8455.html\">Mundial de Qatar<\/a><a href=\"https:\/\/lasillarota.com\/temas\/derechos-de-las-mujeres-3813.html\">Derechos de las mujeres<\/a><\/p>\n","protected":false},"excerpt":{"rendered":"<p>En algunas familias, las mujeres viven bajo el \u201ctutelaje masculino\u201d y sus decisiones tienen que estar acompa\u00f1adas de un permiso escrito por \u201cun guardi\u00e1n\u201d hombre; vulneraci\u00f3n de los derechos humanos<\/p>\n","protected":false},"author":3,"featured_media":60522,"comment_status":"open","ping_status":"open","sticky":false,"template":"","format":"standard","meta":{"_monsterinsights_skip_tracking":false,"footnotes":""},"categories":[693,82,110],"tags":[],"class_list":["post-60516","post","type-post","status-publish","format-standard","has-post-thumbnail","category-693","category-la-opinion","category-la-opinion-columnas"],"_links":{"self":[{"href":"https:\/\/redsemlac.com\/semmexico\/wp-json\/wp\/v2\/posts\/60516","targetHints":{"allow":["GET"]}}],"collection":[{"href":"https:\/\/redsemlac.com\/semmexico\/wp-json\/wp\/v2\/posts"}],"about":[{"href":"https:\/\/redsemlac.com\/semmexico\/wp-json\/wp\/v2\/types\/post"}],"author":[{"embeddable":true,"href":"https:\/\/redsemlac.com\/semmexico\/wp-json\/wp\/v2\/users\/3"}],"replies":[{"embeddable":true,"href":"https:\/\/redsemlac.com\/semmexico\/wp-json\/wp\/v2\/comments?post=60516"}],"version-history":[{"count":0,"href":"https:\/\/redsemlac.com\/semmexico\/wp-json\/wp\/v2\/posts\/60516\/revisions"}],"wp:featuredmedia":[{"embeddable":true,"href":"https:\/\/redsemlac.com\/semmexico\/wp-json\/wp\/v2\/media\/60522"}],"wp:attachment":[{"href":"https:\/\/redsemlac.com\/semmexico\/wp-json\/wp\/v2\/media?parent=60516"}],"wp:term":[{"taxonomy":"category","embeddable":true,"href":"https:\/\/redsemlac.com\/semmexico\/wp-json\/wp\/v2\/categories?post=60516"},{"taxonomy":"post_tag","embeddable":true,"href":"https:\/\/redsemlac.com\/semmexico\/wp-json\/wp\/v2\/tags?post=60516"}],"curies":[{"name":"wp","href":"https:\/\/api.w.org\/{rel}","templated":true}]}}