{"id":6048,"date":"2018-03-26T19:07:59","date_gmt":"2018-03-26T19:07:59","guid":{"rendered":"https:\/\/redsemlac.com\/semmexico\/?p=6048"},"modified":"2023-07-21T14:30:45","modified_gmt":"2023-07-21T19:30:45","slug":"mujeres-revolucionando-al-mundo","status":"publish","type":"post","link":"https:\/\/redsemlac.com\/semmexico\/mujeres-revolucionando-al-mundo\/","title":{"rendered":"Mujeres revolucionando al mundo"},"content":{"rendered":"\n<p class=\"wp-block-paragraph\">El feminismo tiene entre los ejes centrales de lucha cuestionar al poder.<\/p>\n\n\n\n<h5 class=\"wp-block-heading\"> Hoy m\u00e1s que nunca es imprescindible seguir adelante con el avance de los derechos humanos.<\/h5>\n\n\n\n<p class=\"wp-block-paragraph\"><a href=\"https:\/\/semmexico.com\/gallery-post.php?id=4383#\">Martha Barrag\u00e1n<\/a><\/p>\n\n\n\n<p class=\"wp-block-paragraph\">SemM\u00e9xico. Cd. de M\u00e9xico. 26 de marzo de 2018.- El mundo se encuentra con mucho descontento social en casi todas partes en una m\u00e1s y otras menos, en la mayor\u00eda los temas m\u00e1s frecuentes son la paz en zonas de guerra, la seguridad, el combate contra la pobreza y en los \u00faltimos a\u00f1os la migraci\u00f3n. Pero el tema que no falta y que siempre acompa\u00f1a a las otras causas, incluso que est\u00e1n vinculados es el movimiento feminista.&nbsp;<br><br>El movimiento feminista es el que ha creado m\u00e1s movilidad a nivel mundial y es l\u00f3gico, ya que las mujeres somos el grupo vulnerable m\u00e1s grande del mundo y de toda la historia, por lo menos reconocido en los \u00faltimos tiempos, dados los avances que se han dado en varios pa\u00edses, aunque falte mucho por construir.<br><br>El feminismo tiene entre los ejes centrales de lucha cuestionar al poder, la forma en que se establece el poder, el uso que se le da al poder y todos los privilegios que tienen los hombres en el mundo al haber sido los protagonistas de la historia por casi toda la historia. Es decir no han compartido el poder con las mujeres, pero cuestionar este hecho no queda ah\u00ed, tambi\u00e9n cuestiona como la superioridad masculina como ideolog\u00eda pol\u00edtica, l\u00e9ase patriarcado, afecta a otros grupos vulnerables, que se han fortalecido con la lucha feminista. El empoderamiento de las mujeres no solo representa el compartir el poder en todos los \u00e1mbitos sociales, tambi\u00e9n significa desafiar de manera contundente lo establecido. Las luchas sociales se pintan cada d\u00eda m\u00e1s de color violeta por esta y m\u00e1s razones. Las marchas mundiales m\u00e1s numerosas en estos \u00faltimos a\u00f1os y m\u00e1s articuladas a nivel mundial, han sido la de las mujeres, el despertar de la mitad de la humanidad no solo equilibrar\u00e1 sus derechos tambi\u00e9n revolucionar\u00e1 al mundo. Quiz\u00e1 por eso se ha denominado el siglo de las mujeres a este siglo.&nbsp;<br><br>Nada amenaza m\u00e1s a la humanidad que los propios seres humanos, por categorizar de alguna manera que haya superiores e inferiores, dicho de otra forma, cualquier tipo de discriminaci\u00f3n.<br><br>Hoy m\u00e1s que nunca es imprescindible seguir adelante con el avance de los derechos humanos, de los avances democr\u00e1ticos, la reestructura econ\u00f3mica, cambios culturales que incluyan a las mujeres. Que tengan perspectiva de g\u00e9nero que transitemos hacia la igualdad sustantiva.&nbsp;<br><br>Martha Barrag\u00e1n Mar<br>Meta Coach &amp; Caricaturista.&nbsp;<br><br>Nota final: en la ilustraci\u00f3n de esta reflexi\u00f3n he elegido a mujeres de otras partes del mundo porque es un ejemplo excelente de mujeres revolucionando el mundo pero en M\u00e9xico tambi\u00e9n hay grandes luchadoras que hacen grandes aportaciones a este movimiento y lamentablemente muchas ca\u00eddas de quienes en una siguiente entrega honrar\u00e9.&nbsp;<br><br><br><br><br><\/p>\n","protected":false},"excerpt":{"rendered":"<p>El feminismo tiene entre los ejes centrales de lucha cuestionar al poder. Hoy m\u00e1s que nunca es imprescindible seguir adelante con el avance de los derechos humanos. Martha Barrag\u00e1n SemM\u00e9xico. Cd. de M\u00e9xico. 26 de marzo de 2018.- El mundo se encuentra con mucho descontento social en casi todas partes en una m\u00e1s y otras [&hellip;]<\/p>\n","protected":false},"author":3,"featured_media":6049,"comment_status":"open","ping_status":"open","sticky":false,"template":"","format":"standard","meta":{"_monsterinsights_skip_tracking":false,"footnotes":""},"categories":[689,80,1],"tags":[],"class_list":["post-6048","post","type-post","status-publish","format-standard","has-post-thumbnail","category-689","category-martha-barragan","category-uncategorized"],"_links":{"self":[{"href":"https:\/\/redsemlac.com\/semmexico\/wp-json\/wp\/v2\/posts\/6048","targetHints":{"allow":["GET"]}}],"collection":[{"href":"https:\/\/redsemlac.com\/semmexico\/wp-json\/wp\/v2\/posts"}],"about":[{"href":"https:\/\/redsemlac.com\/semmexico\/wp-json\/wp\/v2\/types\/post"}],"author":[{"embeddable":true,"href":"https:\/\/redsemlac.com\/semmexico\/wp-json\/wp\/v2\/users\/3"}],"replies":[{"embeddable":true,"href":"https:\/\/redsemlac.com\/semmexico\/wp-json\/wp\/v2\/comments?post=6048"}],"version-history":[{"count":0,"href":"https:\/\/redsemlac.com\/semmexico\/wp-json\/wp\/v2\/posts\/6048\/revisions"}],"wp:featuredmedia":[{"embeddable":true,"href":"https:\/\/redsemlac.com\/semmexico\/wp-json\/wp\/v2\/media\/6049"}],"wp:attachment":[{"href":"https:\/\/redsemlac.com\/semmexico\/wp-json\/wp\/v2\/media?parent=6048"}],"wp:term":[{"taxonomy":"category","embeddable":true,"href":"https:\/\/redsemlac.com\/semmexico\/wp-json\/wp\/v2\/categories?post=6048"},{"taxonomy":"post_tag","embeddable":true,"href":"https:\/\/redsemlac.com\/semmexico\/wp-json\/wp\/v2\/tags?post=6048"}],"curies":[{"name":"wp","href":"https:\/\/api.w.org\/{rel}","templated":true}]}}