{"id":60445,"date":"2022-12-09T12:27:01","date_gmt":"2022-12-09T18:27:01","guid":{"rendered":"https:\/\/redsemlac.com\/semmexico\/?p=60445"},"modified":"2023-07-21T19:24:27","modified_gmt":"2023-07-22T00:24:27","slug":"dia-15-y-16-empoderar-a-las-mujeres-desde-la-ninez-para-hacer-frente-a-la-violencia","status":"publish","type":"post","link":"https:\/\/redsemlac.com\/semmexico\/dia-15-y-16-empoderar-a-las-mujeres-desde-la-ninez-para-hacer-frente-a-la-violencia\/","title":{"rendered":"D\u00eda 15 y 16| Empoderar a las mujeres desde la ni\u00f1ez para hacer frente a la violencia"},"content":{"rendered":"\n<p class=\"wp-block-paragraph\"><strong>Lisandra Fari\u00f1as<\/strong><\/p>\n\n\n\n<p class=\"wp-block-paragraph\">SemM\u00e9xico\/SEMlac, La Habana, Cuba, 9 de diciembre del 2022.- En sociedades todav\u00eda marcadas por visiones patriarcales y heterocentristas, las mujeres suelen ser v\u00edctimas de violencias m\u00faltiples desde la ni\u00f1ez, por la forma en la que son tratadas y educadas. De ah\u00ed que, en opini\u00f3n de Ana Mar\u00eda Cano, psic\u00f3loga en el Centro Nacional de Educaci\u00f3n Sexual (CENESEX), la b\u00fasqueda de soluciones a este problema social debe comenzar por la educaci\u00f3n.<\/p>\n\n\n<div class=\"wp-block-image\">\n<figure class=\"alignleft size-full\"><a href=\"https:\/\/redsemlac.com\/semmexico\/wp-content\/uploads\/2022\/12\/dias-15-y-16.gif\"><img loading=\"lazy\" decoding=\"async\" width=\"200\" height=\"298\" src=\"https:\/\/redsemlac.com\/semmexico\/wp-content\/uploads\/2022\/12\/dias-15-y-16.gif\" alt=\"\" class=\"wp-image-60446\"\/><\/a><\/figure>\n<\/div>\n\n\n<p class=\"wp-block-paragraph\">Empoderar a las ni\u00f1as para que defiendan sus derechos resulta clave para prevenir situaciones relacionadas con la violencia en todas sus expresiones, a\u00f1adi\u00f3 la experta.<\/p>\n\n\n\n<p class=\"has-medium-font-size wp-block-paragraph\"><strong><em>Las investigaciones sobre violencia infantil apuntan hacia las ni\u00f1as como las m\u00e1s afectadas por ese flagelo. \u00bfSucede igual en Cuba? \u00bfQu\u00e9 factores inciden en ello?<\/em><\/strong><\/p>\n\n\n\n<p class=\"wp-block-paragraph\">Cuba no escapa de esta dif\u00edcil y conmovedora realidad. En nuestros servicios de atenci\u00f3n a ni\u00f1os, ni\u00f1as y adolescentes v\u00edctimas de abuso sexual infantil y otras expresiones de maltrato en esas edades, se registran mayor cantidad de ni\u00f1as y adolescentes.<\/p>\n\n\n\n<p class=\"wp-block-paragraph\">Entre los factores que pudi\u00e9ramos mencionar que inciden en ello est\u00e1n los relacionados con ni\u00f1as que conviven en familias disfuncionales. La violencia familiar, considerada como toda acci\u00f3n, omisi\u00f3n o trato negligente, no accidental, las priva de su derecho y bienestar, adem\u00e1s de amenazar o interferir en su desarrollo f\u00edsico, ps\u00edquico o social.<\/p>\n\n\n\n<p class=\"wp-block-paragraph\">Tambi\u00e9n podemos mencionar el acceso no supervisado a la tecnolog\u00eda, pues ellas y los adolescentes en general pasan mucho tiempo en las redes sin que las madres ni padres conozcan sus aprendizajes. Adem\u00e1s ni\u00f1as con autoestima muy baja, debido a estilos de comunicaci\u00f3n poco saludables, que se establecen desde las primeras edades.<\/p>\n\n\n\n<p class=\"wp-block-paragraph\">Insuficiente educaci\u00f3n o comprensi\u00f3n sobre los l\u00edmites y situaciones relacionadas con discapacidades en las ni\u00f1as, igualmente, figuran entre los elementos condicionantes.<\/p>\n\n\n\n<p class=\"wp-block-paragraph\">Asimismo, las diferencias relacionadas con las maneras de educarlas, distintas a la forma en que se educa a los ni\u00f1os y marcadas por estereotipos sexuales.<\/p>\n\n\n\n<p class=\"has-medium-font-size wp-block-paragraph\"><strong><em>\u00bfQu\u00e9 puntos de contacto existen entre la violencia que se ejerce contra la infancia -y las ni\u00f1as en particular- y la violencia de g\u00e9nero?<\/em><\/strong><\/p>\n\n\n\n<p class=\"wp-block-paragraph\">Son fen\u00f3menos muy vinculados. Las ni\u00f1as son m\u00e1s vulnerables por las formas de crianza, por los patrones que utiliza la familia para educarlas o mal educarlas. Supuestamente, ellas deben ser obedientes, calladas, amorosas, se deben subordinar; cualidades estas que les adjudican y desarrollan durante su infancia, hasta llegar a ser mujeres adultas.<\/p>\n\n\n\n<p class=\"wp-block-paragraph\">Cuando se ejerce violencia contra la mujer, tambi\u00e9n se ejerce violencia contra ni\u00f1as y ni\u00f1os que conviven en el hogar y que son v\u00edctimas indirectas de este maltrato.<\/p>\n\n\n\n<p class=\"wp-block-paragraph\">Pienso en uno de los casos que atend\u00ed recientemente: una ni\u00f1a, hija de una v\u00edctima de violencia por parte de su pareja. Esta mujer logr\u00f3 escapar de la situaci\u00f3n y ahora la ni\u00f1a est\u00e1 siendo v\u00edctima de maltrato f\u00edsico y psicol\u00f3gico, y tambi\u00e9n de abuso sexual, por parte del padre, pues este deposita en ella toda la rabia que siente contra la madre.<\/p>\n\n\n\n<p class=\"has-medium-font-size wp-block-paragraph\"><strong><em>\u00bfQu\u00e9 herramientas tiene la sociedad para prevenir este tipo de violencia y cu\u00e1les ser\u00edan los principales desaf\u00edos en ese camino?<\/em><\/strong><\/p>\n\n\n\n<p class=\"wp-block-paragraph\">La sociedad tiene much\u00edsimas herramientas, pero los desaf\u00edos son muchos, fundamentalmente en tres ejes nucleares del abuso sexual infantil: la prevenci\u00f3n la detecci\u00f3n y la atenci\u00f3n.<\/p>\n\n\n\n<p class=\"wp-block-paragraph\">Las ni\u00f1as tienen que saber que las partes de su cuerpo son suyas y nadie tiene derecho de tocarlas; tampoco pueden hacerles nada que les pueda resultar desagradable. Por eso es muy importante empoderarlas, para que defiendan sus derechos y expresen sus opiniones. Eso es esencial tambi\u00e9n para prevenir situaciones relacionadas con la violencia en todas sus formas.<\/p>\n\n\n\n<p class=\"wp-block-paragraph\">Urge la implementaci\u00f3n de los programas de Educaci\u00f3n Integral de la Sexualidad desde edades tempranas por personal capacitado, haciendo \u00e9nfasis en la protecci\u00f3n, ense\u00f1\u00e1ndolas a defenderse de cualquier agresi\u00f3n, incluso cuando sea de un familiar cercano. Deben saber que hay secretos buenos y malos, y deben aprender a diferenciarlos.<\/p>\n\n\n\n<p class=\"wp-block-paragraph\">Ofrecerles recursos para que no sientan temor, para que perciban que siempre encontrar\u00e1n una persona cercana que los podr\u00e1 acompa\u00f1ar y entender.<\/p>\n\n\n\n<p class=\"wp-block-paragraph\">Hay que empoderar a la infancia y adolescencia para que sean protagonistas y facilitadoras de este trabajo. Logramos mayores resultados cuando el trabajo es realizado por iguales que tienen las mismas vivencias, comparten situaciones similares y son creativos en sus propuestas.<\/p>\n\n\n\n<p class=\"wp-block-paragraph\">Se debe trabajar con mayor fuerza en programas de prevenci\u00f3n en espacios escolares y comunitarios. La escuela, la familia, la comunidad, los servicios de salud, los centros culturales, las instituciones deportivas y todas las que trabajan con la infancia, tienen que articularse en este prop\u00f3sito.<\/p>\n\n\n\n<p class=\"wp-block-paragraph\"><a href=\"mailto:lisycolor5@gmail.com\">lisycolor5@gmail.com<\/a>&nbsp; \/ Foto: SEMlac-Cuba<\/p>\n\n\n\n<p class=\"wp-block-paragraph\">SEM\/MG<\/p>\n","protected":false},"excerpt":{"rendered":"<p>En sociedades todav\u00eda marcadas por visiones patriarcales y heterocentristas, las mujeres suelen ser v\u00edctimas de violencias m\u00faltiples desde la ni\u00f1ez, por la forma en la que son tratadas y educadas.<\/p>\n","protected":false},"author":3,"featured_media":60447,"comment_status":"open","ping_status":"open","sticky":false,"template":"","format":"standard","meta":{"_monsterinsights_skip_tracking":false,"footnotes":""},"categories":[670,693],"tags":[],"class_list":["post-60445","post","type-post","status-publish","format-standard","has-post-thumbnail","category-25n-2022","category-693"],"_links":{"self":[{"href":"https:\/\/redsemlac.com\/semmexico\/wp-json\/wp\/v2\/posts\/60445","targetHints":{"allow":["GET"]}}],"collection":[{"href":"https:\/\/redsemlac.com\/semmexico\/wp-json\/wp\/v2\/posts"}],"about":[{"href":"https:\/\/redsemlac.com\/semmexico\/wp-json\/wp\/v2\/types\/post"}],"author":[{"embeddable":true,"href":"https:\/\/redsemlac.com\/semmexico\/wp-json\/wp\/v2\/users\/3"}],"replies":[{"embeddable":true,"href":"https:\/\/redsemlac.com\/semmexico\/wp-json\/wp\/v2\/comments?post=60445"}],"version-history":[{"count":0,"href":"https:\/\/redsemlac.com\/semmexico\/wp-json\/wp\/v2\/posts\/60445\/revisions"}],"wp:featuredmedia":[{"embeddable":true,"href":"https:\/\/redsemlac.com\/semmexico\/wp-json\/wp\/v2\/media\/60447"}],"wp:attachment":[{"href":"https:\/\/redsemlac.com\/semmexico\/wp-json\/wp\/v2\/media?parent=60445"}],"wp:term":[{"taxonomy":"category","embeddable":true,"href":"https:\/\/redsemlac.com\/semmexico\/wp-json\/wp\/v2\/categories?post=60445"},{"taxonomy":"post_tag","embeddable":true,"href":"https:\/\/redsemlac.com\/semmexico\/wp-json\/wp\/v2\/tags?post=60445"}],"curies":[{"name":"wp","href":"https:\/\/api.w.org\/{rel}","templated":true}]}}