{"id":60436,"date":"2022-12-09T09:19:14","date_gmt":"2022-12-09T15:19:14","guid":{"rendered":"https:\/\/redsemlac.com\/semmexico\/?p=60436"},"modified":"2023-07-21T19:24:28","modified_gmt":"2023-07-22T00:24:28","slug":"datos-y-rostros-de-los-cuidados-en-cuba","status":"publish","type":"post","link":"https:\/\/redsemlac.com\/semmexico\/datos-y-rostros-de-los-cuidados-en-cuba\/","title":{"rendered":"Datos y rostros de los cuidados en Cuba"},"content":{"rendered":"\n<p class=\"wp-block-paragraph\"><strong>Lirians Gordillo Pi\u00f1a<\/strong><\/p>\n\n\n\n<p class=\"wp-block-paragraph\">SemM\u00e9xico\/SEMlac, La Habana, Cuba, 9 de diciembre del 2022.- Estudiantes de tercer a\u00f1o de sociolog\u00eda de la <a href=\"https:\/\/www.redsemlac-cuba.net\/redsemlac\/violencia\/jovenes-universitarias-crean-red-feminista-para-el-activismo-y-la-colaboracion\/\">Universidad de La Habana<\/a> compartieron con especialistas sobre la agenda de <a href=\"https:\/\/www.redsemlac-cuba.net\/tag\/cuidado\/\">cuidados<\/a> en Cuba, algunos datos y rostros que dejan ver sus desaf\u00edos.<\/p>\n\n\n\n<p class=\"wp-block-paragraph\">El intercambio ocurrido el 7 de diciembre, fue organizado por la Universidad de La Habana, la <a href=\"https:\/\/www.facebook.com\/groups\/269859694529308\/\">Red Cubana de Estudios sobre Cuidados<\/a> y el <a href=\"https:\/\/www.facebook.com\/profile.php?id=100066908178646&amp;paipv=0&amp;eav=AfbmTgphxRN2cW_t44PnNepFMZmy2_GtwCCwl4-qOEujquCGSb7B5wvwh30OHNh76RM&amp;_rdr\">Proyecto Palomas. Casa productora para el activismo social<\/a>, como parte del programa de actividades de la jornada de <a href=\"https:\/\/www.redsemlac-cuba.net\/tag\/16diasdeactivismo\/\">16 d\u00edas de activismo<\/a> contra la violencia contra las mujeres y las ni\u00f1as.<\/p>\n\n\n\n<p class=\"wp-block-paragraph\">\u201c<a href=\"https:\/\/www.redsemlac-cuba.net\/redsemlac\/violencia\/cuidados-tambien-en-la-base-de-las-violencias-machistas\/\">La violencia de g\u00e9nero est\u00e1 asociada a la divisi\u00f3n sexual del trabajo<\/a>, la cual impone mecanismos violentos que expropian a las mujeres de tiempo, de posibilidades de realizaci\u00f3n y bienestar\u201d, dijo Magela Romero Almod\u00f3var, coordinadora de la Red Cubana de Estudios sobre Cuidados.<\/p>\n\n\n\n<p class=\"wp-block-paragraph\">Reconocer el cuidado como un derecho y un deber lo ubica en la agenda de los derechos de las mujeres y en la agenda para el desarrollo en Cuba, un pa\u00eds que vive un sostenido envejecimiento demogr\u00e1fico, insisti\u00f3 Romero Almod\u00f3var.<\/p>\n\n\n\n<p class=\"wp-block-paragraph\">\u201cLos cuidados son <a href=\"https:\/\/www.redsemlac-cuba.net\/redsemlac\/diversidad-sexual\/cuidados-tambien-un-derecho-para-todas-las-personas\/\">un derecho y un deber ciudadano<\/a> y en ese sentido cada persona -sin distinci\u00f3n de su sexo, edad, procedencia social, territorio, color de la piel, religi\u00f3n, etc.- tiene el derecho de ser cuidada, de cuidar la vida y de autocuidarse\u201d, explic\u00f3 la tambi\u00e9n profesora universitaria.<\/p>\n\n\n\n<figure class=\"wp-block-gallery has-nested-images columns-default is-cropped wp-block-gallery-1 is-layout-flex wp-block-gallery-is-layout-flex\">\n<figure class=\"wp-block-image size-large\"><a href=\"https:\/\/redsemlac.com\/semmexico\/wp-content\/uploads\/2022\/12\/cuba-5.jpg\"><img loading=\"lazy\" decoding=\"async\" width=\"556\" height=\"419\" data-id=\"60438\" src=\"https:\/\/redsemlac.com\/semmexico\/wp-content\/uploads\/2022\/12\/cuba-5.jpg\" alt=\"\" class=\"wp-image-60438\"\/><\/a><\/figure>\n\n\n\n<figure class=\"wp-block-image size-large\"><a href=\"https:\/\/redsemlac.com\/semmexico\/wp-content\/uploads\/2022\/12\/cuba-6.jpg\"><img loading=\"lazy\" decoding=\"async\" width=\"553\" height=\"416\" data-id=\"60439\" src=\"https:\/\/redsemlac.com\/semmexico\/wp-content\/uploads\/2022\/12\/cuba-6.jpg\" alt=\"\" class=\"wp-image-60439\"\/><\/a><\/figure>\n<\/figure>\n\n\n\n<p class=\"wp-block-paragraph\">Para la investigadora, contar estas problem\u00e1ticas a trav\u00e9s de audiovisuales es una forma de hacer incidencia pol\u00edtica, una manera de sensibilizar y una herramienta muy \u00fatil para la docencia. Por eso el inter\u00e9s de presentar al estudiantado universitario el documental <a href=\"https:\/\/www.youtube.com\/watch?v=HCudvUXbteM\">Ellas, sus cuidados y cuidadoras<\/a> del Proyecto Palomas.<\/p>\n\n\n\n<p class=\"wp-block-paragraph\">El filme re\u00fane las voces de siete mujeres y un hombre, de un total de 74 historias a las cuales tuvo acceso el equipo de filmaci\u00f3n durante el proceso de investigaci\u00f3n.<\/p>\n\n\n\n<p class=\"wp-block-paragraph\">\u201cLas historias de vida constituyen la historia de una naci\u00f3n y detr\u00e1s de los cuidados est\u00e1 escondida una mujer, y digo escondida porque siguen siendo invisibles, independientemente de toda la labor que se est\u00e1 haciendo desde distintos espacios; todav\u00eda queda mucho camino por recorrer\u201d, reflexion\u00f3 la realizadora <a href=\"https:\/\/www.redsemlac-cuba.net\/redsemlac\/sociedad-y-cultura\/lizette-vila-tenemos-el-compromiso-de-mostrar-la-violencia\/\">Lizzette Vila<\/a>.<\/p>\n\n\n\n<p class=\"wp-block-paragraph\">Las cargas f\u00edsicas, mentales y emocionales de las cuidadoras, la necesidad de apoyos, las intersecciones en la precarizaci\u00f3n de los cuidados, los estereotipos y prejuicios son algunos de los conflictos que plantea el documental y que ponen rostro a conclusiones de encuestas y <a href=\"https:\/\/www.redsemlac-cuba.net\/redsemlac\/sociedad-y-cultura\/academicas-proponen-miradas-feministas-a-los-cuidados\/\">estudios acad\u00e9micos<\/a>.<\/p>\n\n\n\n<p class=\"wp-block-paragraph\">A los testimonios presentados y el criterio de especialistas, las y los j\u00f3venes asistentes pudieron agregar cifras incluidas en folletos y documentos distribuidos en el encuentro.<\/p>\n\n\n\n<p class=\"wp-block-paragraph\">Entre ellos, el dato aportado por la Encuesta Nacional de Igualdad en 2016 que alertaba que las cubanas trabajan 14 horas semanales m\u00e1s que los hombres en labores no remuneradas; o <a href=\"https:\/\/www.redsemlac-cuba.net\/redsemlac\/economia\/el-desafio-de-reivindicar-el-trabajo-domestico-y-de-cuidados\/\">el aporte de este tipo de trabajo al Producto Interno Bruto (PIB)<\/a> que, seg\u00fan la Encuesta de <a href=\"https:\/\/www.redsemlac-cuba.net\/redsemlac\/sociedad-y-cultura\/uso-del-tiempo-devela-inequidades-entre-mujeres-y-hombres\/\">Uso del Tiempo<\/a> en 2002, represent\u00f3 el 19.6 % del PIB en Cuba, m\u00e1s que el aporte de la industria manufacturera (15.4 %) en ese a\u00f1o.<\/p>\n\n\n\n<p class=\"wp-block-paragraph\">Ante estas realidades y estad\u00edsticas, se necesita que las pol\u00edticas p\u00fablicas tengan un efecto transformador en la vida pr\u00e1ctica de las personas, coincidieron las personas asistentes.<\/p>\n\n\n\n<p class=\"wp-block-paragraph\">En los \u00faltimos a\u00f1os, en Cuba se han aprobado pol\u00edticas que se plantean la equidad de g\u00e9nero y los cuidados como objetivos centrales, entre ellos el <a href=\"https:\/\/salud.msp.gob.cu\/el-programa-nacional-de-atencion-integral-al-adulto-mayor-en-cuba-apuesta-por-vejez-activa-y-saludable\/\">Programa Nacional de Atenci\u00f3n Integral al Adulto Mayor en Cuba<\/a>, el <a href=\"https:\/\/www.redsemlac-cuba.net\/redsemlac\/violencia\/ck83-noticias\/plan-para-avance-de-la-mujer-prioriza-atencion-a-violencia-de-genero\/\">Programa para el Adelanto de las Mujeres (PAM)<\/a>, la <a href=\"https:\/\/www.redsemlac-cuba.net\/redsemlac\/violencia\/oportunidades-y-desafios-de-una-estrategia-integral-contra-las-violencias\/\">Estrategia integral de prevenci\u00f3n y atenci\u00f3n a la violencia de g\u00e9nero y en el escenario familiar<\/a> y &nbsp;la propuesta de dise\u00f1ar un <a href=\"https:\/\/www.redsemlac-cuba.net\/redsemlac\/sociedad-y-cultura\/oportunidades-y-desafios-para-un-sistema-integral-de-cuidados\/\">sistema integral de cuidados<\/a>.<\/p>\n\n\n\n<p class=\"wp-block-paragraph\">Para Lizzette Vila, estas pol\u00edticas constituyen un avance muy importante, pero a\u00fan falta que se conozcan en las comunidades y por las mujeres, que se apliquen en todos los niveles con efectividad y aporten soluciones concretas.<\/p>\n\n\n\n<p class=\"wp-block-paragraph\">El doctor Jes\u00fas Men\u00e9ndez Jim\u00e9nez, secretario de la Sociedad Cubana de Gerontolog\u00eda y Geriatr\u00eda, reconoci\u00f3 el impacto de la pandemia en la poblaci\u00f3n adulta mayor y la necesidad de recursos para enfrentar los cuidados, en un contexto econ\u00f3mico muy complejo.<\/p>\n\n\n\n<p class=\"wp-block-paragraph\">\u201cNo obstante, se est\u00e1 visibilizando m\u00e1s la importancia de este tema y existen herramientas y acciones que podemos aprovechar\u201d, insisti\u00f3 Men\u00e9ndez Jim\u00e9nez.<\/p>\n\n\n\n<p class=\"wp-block-paragraph\">Desde el hacer, el estudiante V\u00edctor Oliva pregunt\u00f3 c\u00f3mo en las universidades las y los j\u00f3venes pueden contribuir a una transformaci\u00f3n integral y m\u00e1s amplia, desde organizaciones como la Federaci\u00f3n Estudiantil Universitaria (FEU).<\/p>\n\n\n\n<p class=\"wp-block-paragraph\">\u201cMuchas veces pasa que los estudiantes no se vinculan a este tipo de proyectos porque no saben que existen\u201d, dijo Oliva.<\/p>\n\n\n\n<p class=\"wp-block-paragraph\">A lo que Sergio Cabrera Angulo, coordinador general del Proyecto Palomas, respondi\u00f3 que las juventudes universitarias pueden hacer desde el voluntariado y el trabajo en las comunidades.<\/p>\n\n\n\n<p class=\"wp-block-paragraph\">\u201cUstedes como estudiantes pueden hacer un ejercicio sencillo, seleccionar una comunidad y a partir de un diagn\u00f3stico definir qui\u00e9nes cuidan y qu\u00e9 tipo de ayuda se puede ofrecer. Muchas de estas personas lo que necesitan es que las escuchen, que les tiendan la mano, no sentirse solas. Para esto no hacen falta recursos. Pero el abandono de las personas cuidadoras es de las grandes deudas que tenemos\u201d, reflexion\u00f3 Cabrera Angulo.<\/p>\n\n\n\n<p class=\"wp-block-paragraph\">Mercedes Mu\u00f1oz Pos, del <a href=\"https:\/\/www.facebook.com\/groups\/432776291670954\/\">proyecto comunitario Luz de Vida<\/a>, en Plaza, se sum\u00f3 a la convocatoria de articularse para apoyar en el cuidado de las personas mayores.<\/p>\n\n\n\n<p class=\"wp-block-paragraph\">\u201cTocamos puertas y no nos quedamos solo con los datos globales. Acompa\u00f1amos a personas adultas mayores y que viven con discapacidad, con ayudas que nacen de la solidaridad de quienes integran el proyecto\u201d, expuso.<\/p>\n\n\n\n<p class=\"wp-block-paragraph\">\u201cPero no es solo lo material lo que m\u00e1s necesitan estas personas; es conversar, que se sientan atendidos\/as. Lamentablemente, las pol\u00edticas no est\u00e1n llegando a las casas de las personas. Hace falta la articulaci\u00f3n y la comunicaci\u00f3n entre los actores, pero todav\u00eda no se logra\u201d, reflexion\u00f3 Mu\u00f1oz Pos.<\/p>\n\n\n\n<p class=\"wp-block-paragraph\"><a href=\"mailto:liriansgp@gmail.com\">liriansgp@gmail.com<\/a> &nbsp;Fotos SEMlac Cuba<\/p>\n\n\n\n<p class=\"wp-block-paragraph\">SEM\/MG<\/p>\n","protected":false},"excerpt":{"rendered":"<p>Estudiantes de tercer a\u00f1o de sociolog\u00eda de la Universidad de La Habana compartieron con especialistas sobre la agenda de cuidados en Cuba, algunos datos y rostros que dejan ver sus desaf\u00edos.<\/p>\n","protected":false},"author":3,"featured_media":60437,"comment_status":"open","ping_status":"open","sticky":false,"template":"","format":"standard","meta":{"_monsterinsights_skip_tracking":false,"footnotes":""},"categories":[693,53],"tags":[],"class_list":["post-60436","post","type-post","status-publish","format-standard","has-post-thumbnail","category-693","category-internacional"],"_links":{"self":[{"href":"https:\/\/redsemlac.com\/semmexico\/wp-json\/wp\/v2\/posts\/60436","targetHints":{"allow":["GET"]}}],"collection":[{"href":"https:\/\/redsemlac.com\/semmexico\/wp-json\/wp\/v2\/posts"}],"about":[{"href":"https:\/\/redsemlac.com\/semmexico\/wp-json\/wp\/v2\/types\/post"}],"author":[{"embeddable":true,"href":"https:\/\/redsemlac.com\/semmexico\/wp-json\/wp\/v2\/users\/3"}],"replies":[{"embeddable":true,"href":"https:\/\/redsemlac.com\/semmexico\/wp-json\/wp\/v2\/comments?post=60436"}],"version-history":[{"count":0,"href":"https:\/\/redsemlac.com\/semmexico\/wp-json\/wp\/v2\/posts\/60436\/revisions"}],"wp:featuredmedia":[{"embeddable":true,"href":"https:\/\/redsemlac.com\/semmexico\/wp-json\/wp\/v2\/media\/60437"}],"wp:attachment":[{"href":"https:\/\/redsemlac.com\/semmexico\/wp-json\/wp\/v2\/media?parent=60436"}],"wp:term":[{"taxonomy":"category","embeddable":true,"href":"https:\/\/redsemlac.com\/semmexico\/wp-json\/wp\/v2\/categories?post=60436"},{"taxonomy":"post_tag","embeddable":true,"href":"https:\/\/redsemlac.com\/semmexico\/wp-json\/wp\/v2\/tags?post=60436"}],"curies":[{"name":"wp","href":"https:\/\/api.w.org\/{rel}","templated":true}]}}